{"id":23844,"date":"2022-08-16T20:19:47","date_gmt":"2022-08-16T23:19:47","guid":{"rendered":"https:\/\/agendadelsur.com\/?p=23844"},"modified":"2022-08-16T20:23:16","modified_gmt":"2022-08-16T23:23:16","slug":"la-fundacion-cientifica-del-sur-prestara-servicios-a-jubilados-de-avellaneda","status":"publish","type":"post","link":"https:\/\/agendadelsur.com\/index.php\/2022\/08\/16\/la-fundacion-cientifica-del-sur-prestara-servicios-a-jubilados-de-avellaneda\/","title":{"rendered":"La Fundaci\u00f3n Cient\u00edfica del Sur prestar\u00e1 servicios a jubilados de Avellaneda"},"content":{"rendered":"\n<h5 class=\"has-text-color wp-block-heading\" style=\"color:#f60408\">A partir de un convenio la instituci\u00f3n m\u00e9dica comenzar\u00e1 a atender a afiliados del PAMI. El Ministro Jorge Ferraresi y el intendente de Avellaneda Alejo Chornobroff acompa\u00f1aron a Luana Volnovich titular de la obra social de jubilados, en la firma del acuerdo.<\/h5>\n\n\n\n<figure class=\"wp-block-gallery columns-2 is-cropped wp-block-gallery-1 is-layout-flex wp-block-gallery-is-layout-flex\"><ul class=\"blocks-gallery-grid\"><li class=\"blocks-gallery-item\"><figure><img loading=\"lazy\" decoding=\"async\" width=\"500\" height=\"333\" src=\"https:\/\/agendadelsur.com\/wp-content\/uploads\/2022\/08\/2-9.jpg\" alt=\"\" data-id=\"23845\" data-full-url=\"https:\/\/agendadelsur.com\/wp-content\/uploads\/2022\/08\/2-9.jpg\" data-link=\"https:\/\/agendadelsur.com\/?attachment_id=23845\" class=\"wp-image-23845\" srcset=\"https:\/\/agendadelsur.com\/wp-content\/uploads\/2022\/08\/2-9.jpg 500w, https:\/\/agendadelsur.com\/wp-content\/uploads\/2022\/08\/2-9-300x200.jpg 300w\" sizes=\"(max-width: 500px) 100vw, 500px\" \/><\/figure><\/li><li class=\"blocks-gallery-item\"><figure><img loading=\"lazy\" decoding=\"async\" width=\"500\" height=\"333\" src=\"https:\/\/agendadelsur.com\/wp-content\/uploads\/2022\/08\/5-4.jpg\" alt=\"\" data-id=\"23846\" data-full-url=\"https:\/\/agendadelsur.com\/wp-content\/uploads\/2022\/08\/5-4.jpg\" data-link=\"https:\/\/agendadelsur.com\/?attachment_id=23846\" class=\"wp-image-23846\" srcset=\"https:\/\/agendadelsur.com\/wp-content\/uploads\/2022\/08\/5-4.jpg 500w, https:\/\/agendadelsur.com\/wp-content\/uploads\/2022\/08\/5-4-300x200.jpg 300w\" sizes=\"(max-width: 500px) 100vw, 500px\" \/><\/figure><\/li><\/ul><\/figure>\n\n\n\n<p>El Ministro Ferraresi, celebr\u00f3 la iniciativa y posteo desde su Facebook: \u201cM\u00e1s derechos para la tercera edad de Avellaneda\u201d. \u201cSer\u00e1 un salto de calidad para muchos jubilados y jubiladas\u201d. &nbsp;\u201cEn Avellaneda cuentan con espacios destinados a las actividades recreativas y la integraci\u00f3n social. \u00a1Felicitaciones!\u201d.<\/p>\n\n\n\n<div class=\"wp-block-image\"><figure class=\"aligncenter size-full\"><img loading=\"lazy\" decoding=\"async\" width=\"300\" height=\"250\" src=\"https:\/\/agendadelsur.com\/wp-content\/uploads\/2022\/08\/VITALAB-AAABBB-2.jpg\" alt=\"\" class=\"wp-image-23823\"\/><\/figure><\/div>\n\n\n\n<div class=\"wp-block-image\"><figure class=\"aligncenter size-full\"><img loading=\"lazy\" decoding=\"async\" width=\"300\" height=\"250\" src=\"https:\/\/agendadelsur.com\/wp-content\/uploads\/2022\/08\/aviso-roman.jpg\" alt=\"\" class=\"wp-image-23837\"\/><\/figure><\/div>\n","protected":false},"excerpt":{"rendered":"<p>A partir de un convenio la instituci\u00f3n m\u00e9dica comenzar\u00e1 a atender a afiliados del PAMI. El Ministro Jorge Ferraresi y el intendente de Avellaneda Alejo Chornobroff acompa\u00f1aron a Luana Volnovich titular de la obra social de jubilados, en la firma del acuerdo. El Ministro Ferraresi, celebr\u00f3 la iniciativa y posteo desde su Facebook: \u201cM\u00e1s derechos [&hellip;]<\/p>\n","protected":false},"author":2,"featured_media":23849,"comment_status":"closed","ping_status":"open","sticky":false,"template":"","format":"standard","meta":{"footnotes":""},"categories":[4],"tags":[6,7072,7073],"_links":{"self":[{"href":"https:\/\/agendadelsur.com\/index.php\/wp-json\/wp\/v2\/posts\/23844"}],"collection":[{"href":"https:\/\/agendadelsur.com\/index.php\/wp-json\/wp\/v2\/posts"}],"about":[{"href":"https:\/\/agendadelsur.com\/index.php\/wp-json\/wp\/v2\/types\/post"}],"author":[{"embeddable":true,"href":"https:\/\/agendadelsur.com\/index.php\/wp-json\/wp\/v2\/users\/2"}],"replies":[{"embeddable":true,"href":"https:\/\/agendadelsur.com\/index.php\/wp-json\/wp\/v2\/comments?post=23844"}],"version-history":[{"count":2,"href":"https:\/\/agendadelsur.com\/index.php\/wp-json\/wp\/v2\/posts\/23844\/revisions"}],"predecessor-version":[{"id":23850,"href":"https:\/\/agendadelsur.com\/index.php\/wp-json\/wp\/v2\/posts\/23844\/revisions\/23850"}],"wp:featuredmedia":[{"embeddable":true,"href":"https:\/\/agendadelsur.com\/index.php\/wp-json\/wp\/v2\/media\/23849"}],"wp:attachment":[{"href":"https:\/\/agendadelsur.com\/index.php\/wp-json\/wp\/v2\/media?parent=23844"}],"wp:term":[{"taxonomy":"category","embeddable":true,"href":"https:\/\/agendadelsur.com\/index.php\/wp-json\/wp\/v2\/categories?post=23844"},{"taxonomy":"post_tag","embeddable":true,"href":"https:\/\/agendadelsur.com\/index.php\/wp-json\/wp\/v2\/tags?post=23844"}],"curies":[{"name":"wp","href":"https:\/\/api.w.org\/{rel}","templated":true}]}}