{"id":24381,"date":"2022-08-30T19:32:28","date_gmt":"2022-08-30T22:32:28","guid":{"rendered":"https:\/\/agendadelsur.com\/?p=24381"},"modified":"2022-08-30T19:32:29","modified_gmt":"2022-08-30T22:32:29","slug":"el-sector-de-insumos-medicos-impulsa-las-exportaciones-de-alto-valor-agregado-crecieron-un-20-en-los-primeros-seis-del-ano","status":"publish","type":"post","link":"https:\/\/agendadelsur.com\/index.php\/2022\/08\/30\/el-sector-de-insumos-medicos-impulsa-las-exportaciones-de-alto-valor-agregado-crecieron-un-20-en-los-primeros-seis-del-ano\/","title":{"rendered":"El sector de insumos m\u00e9dicos impulsa las exportaciones de alto valor agregado. Crecieron un 20 % en los primeros seis del a\u00f1o."},"content":{"rendered":"\n<h5 class=\"has-text-color wp-block-heading\" style=\"color:#f10408\">Lo asegur\u00f3 el canciller Santiago Cafiero al visitar este martes la planta productiva de Adox S.A, PyME dedicada al dise\u00f1o, desarrollo y producci\u00f3n de insumos y servicios para el \u00e1rea de la salud, ubicada en el partido de Ituzaing\u00f3, Provincia de Buenos Aires.<\/h5>\n\n\n\n<div class=\"wp-block-image\"><figure class=\"aligncenter size-full\"><img loading=\"lazy\" decoding=\"async\" width=\"700\" height=\"480\" src=\"https:\/\/agendadelsur.com\/wp-content\/uploads\/2022\/08\/foto.jpg\" alt=\"\" class=\"wp-image-24383\" srcset=\"https:\/\/agendadelsur.com\/wp-content\/uploads\/2022\/08\/foto.jpg 700w, https:\/\/agendadelsur.com\/wp-content\/uploads\/2022\/08\/foto-300x206.jpg 300w\" sizes=\"(max-width: 700px) 100vw, 700px\" \/><\/figure><\/div>\n\n\n\n<p>Acompa\u00f1ado por el Intendente municipal de Ituzaing\u00f3, Alberto Descalzo; la secretaria de Relaciones Econ\u00f3micas Internacionales, Cecilia Todesca Bocco; el subsecretario de Promoci\u00f3n del Comercio e Inversiones, Guillermo Merediz; y el Presidente de la compa\u00f1\u00eda, Javier Viqueira, Cafiero afirm\u00f3 que \u201cvinimos a compartir la puesta en funcionamiento de los distintos departamentos de tecnolog\u00eda que est\u00e1n aplicando en la empresa Adox, parte del trabajo que se viene haciendo desde la Canciller\u00eda para internacionalizar a nuestras PyMEs\u201d.<\/p>\n\n\n\n<p>Y destac\u00f3: \u201cesta PyMe representa las posibilidades que tiene una empresa que se enfoca en la ciencia y la tecnolog\u00eda. El sector de insumos m\u00e9dicos impulsa las exportaciones de alto valor agregado que crecieron un 20 por ciento en el primer semestre del a\u00f1o, llegando a $USD 400 millones de d\u00f3lares de exportaci\u00f3n durante el a\u00f1o pasado\u201d.<\/p>\n\n\n\n<p>El Canciller argentino puntualiz\u00f3 adem\u00e1s que \u201ces un sector que se viene internacionalizando con mucho dinamismo, exportando a m\u00e1s de 130 pa\u00edses y vemos una gran potencialidad en este tipo de PyMEs\u201d. Y agreg\u00f3: \u201cac\u00e1 se aplican la ciencia y la tecnolog\u00eda y tambi\u00e9n todo el entramado cient\u00edfico y tecnol\u00f3gico que emana de las universidades p\u00fablicas de la zona\u201c.<\/p>\n\n\n\n<p>Cafiero resalt\u00f3 el trabajo que se viene llevando a cabo desde la Canciller\u00eda argentina junto al municipio, \u201cen la internacionalizaci\u00f3n de diversas empresas, b\u00e1sicamente vinculadas al sector metalmec\u00e1nico, que ya est\u00e1n aplicando con \u00e9xito&nbsp; el Programa Desaf\u00edo Exportador para las PyMEs\u201d.<\/p>\n\n\n\n<p>Esta actividad se encuadra en el Plan de Promoci\u00f3n de Exportaciones 2022, coordinado por la Canciller\u00eda argentina, que contempla 280 acciones para este a\u00f1o, incluidas la participaci\u00f3n de nuestro pa\u00eds en ferias internacionales, la realizaci\u00f3n de rondas de negocios, misiones comerciales, talleres de oferta tecnol\u00f3gica y acciones de posicionamiento sectorial. La iniciativa surge del trabajo realizado en el marco del Consejo P\u00fablico Privado para la Promoci\u00f3n de Exportaciones, que cuenta con la participaci\u00f3n de alrededor de 300 c\u00e1maras y entidades vinculadas al comercio exterior.<\/p>\n\n\n\n<p>Adox S.A. es una firma con m\u00e1s de 20 a\u00f1os de experiencia, multipremiada por su inversi\u00f3n permanente en I+D, exportaciones de alto valor agregado, pol\u00edticas de empleo joven y articulaci\u00f3n virtuosa con universidades e instituciones cient\u00edfico-tecnol\u00f3gicas, que recibe la asistencia del Estado Nacional para llegar a m\u00e1s mercados con productos innovadores.<\/p>\n\n\n\n<div class=\"wp-block-image\"><figure class=\"aligncenter size-full\"><img loading=\"lazy\" decoding=\"async\" width=\"700\" height=\"480\" src=\"https:\/\/agendadelsur.com\/wp-content\/uploads\/2022\/08\/foto_1_2.jpg\" alt=\"\" class=\"wp-image-24384\" srcset=\"https:\/\/agendadelsur.com\/wp-content\/uploads\/2022\/08\/foto_1_2.jpg 700w, https:\/\/agendadelsur.com\/wp-content\/uploads\/2022\/08\/foto_1_2-300x206.jpg 300w\" sizes=\"(max-width: 700px) 100vw, 700px\" \/><\/figure><\/div>\n\n\n\n<p>Actualmente emplea a 78 trabajadores, exporta a distintos pa\u00edses de Latinoam\u00e9rica y aspira a avanzar hacia mercados en Europa y Asia. Tambi\u00e9n tiene una unidad de negocios dedicada al desarrollo y comercializaci\u00f3n de sistemas y servicios innovadores para el sector sanitario y est\u00e1 avanzando en la transici\u00f3n a la industria 4.0.<\/p>\n\n\n\n<p>Por su parte, Descalzo manifest\u00f3 que \u201ccon el canciller Cafiero estuvimos analizando las posibilidades de que m\u00e1s empresas de Ituzaing\u00f3 puedan exportar, es un avance que queremos lograr as\u00ed que la presencia de Canciller\u00eda nos permite dar un paso m\u00e1s en ese sentido. Ituzaing\u00f3 est\u00e1 en pleno crecimiento, tiene distintos desarrollo e inversiones privadas muy importantes, son unos 300 millones de d\u00f3lares que surgen de la actividad privada como inversi\u00f3n para nuestro municipio\u201d.&nbsp;<\/p>\n\n\n\n<p>El presidente de Adox S.A, Javier Viqueira sostuvo: \u201cNos parece indispensable el acompa\u00f1amiento del Estado para todo el desarrollo que debemos llevar adelante las empresas ya sea en la mejora de la producci\u00f3n como en las acciones exportadoras, con la canciller\u00eda y con la Agencia; es indispensable que las empresas locales tengamos visi\u00f3n exportadora ya que eso nos mantiene en un nivel tecnol\u00f3gico competitivo con el mundo. Nos parecen muy interesantes las propuestas que nos est\u00e1n acercando para capacitarnos y para la formaci\u00f3n de nuestra gente en el desaf\u00edo de exportar\u201d.&nbsp;<\/p>\n\n\n\n<p>Todesca Bocco explic\u00f3 que \u201cen esta PyME que agrega ciencia y tecnolog\u00eda a sus productos estuvimos viendo las posibilidades de internacionalizar esos productos con las herramientas de la Canciller\u00eda en esos procesos y ah\u00ed aparece la importancia del programa Desaf\u00edo Exportador, con las opciones de cl\u00faster\u201d.<\/p>\n\n\n\n<p>Las exportaciones de insumos y equipamiento m\u00e9dico superaron los USD 400 millones durante 2021. Crecieron 20,8% en t\u00e9rminos interanuales y 21,8% respecto de 2019 y se exportaron a 134 destinos.<\/p>\n\n\n\n<p>Fuente: Prensa Canciller\u00eda Argentina<\/p>\n\n\n\n<div class=\"wp-block-image\"><figure class=\"aligncenter size-full is-resized\"><img loading=\"lazy\" decoding=\"async\" src=\"https:\/\/agendadelsur.com\/wp-content\/uploads\/2022\/08\/VITALAB-AAABBB-5.jpg\" alt=\"\" class=\"wp-image-24291\" width=\"366\" height=\"305\"\/><\/figure><\/div>\n\n\n\n<div class=\"wp-block-image\"><figure class=\"aligncenter size-full\"><img loading=\"lazy\" decoding=\"async\" width=\"674\" height=\"218\" src=\"https:\/\/agendadelsur.com\/wp-content\/uploads\/2022\/08\/PRIVAMED-2.jpg\" alt=\"\" class=\"wp-image-24248\" srcset=\"https:\/\/agendadelsur.com\/wp-content\/uploads\/2022\/08\/PRIVAMED-2.jpg 674w, https:\/\/agendadelsur.com\/wp-content\/uploads\/2022\/08\/PRIVAMED-2-300x97.jpg 300w\" sizes=\"(max-width: 674px) 100vw, 674px\" \/><\/figure><\/div>\n","protected":false},"excerpt":{"rendered":"<p>Lo asegur\u00f3 el canciller Santiago Cafiero al visitar este martes la planta productiva de Adox S.A, PyME dedicada al dise\u00f1o, desarrollo y producci\u00f3n de insumos y servicios para el \u00e1rea de la salud, ubicada en el partido de Ituzaing\u00f3, Provincia de Buenos Aires. Acompa\u00f1ado por el Intendente municipal de Ituzaing\u00f3, Alberto Descalzo; la secretaria de [&hellip;]<\/p>\n","protected":false},"author":2,"featured_media":24385,"comment_status":"closed","ping_status":"open","sticky":false,"template":"","format":"standard","meta":{"footnotes":""},"categories":[9],"tags":[7231,3789,7232,352],"_links":{"self":[{"href":"https:\/\/agendadelsur.com\/index.php\/wp-json\/wp\/v2\/posts\/24381"}],"collection":[{"href":"https:\/\/agendadelsur.com\/index.php\/wp-json\/wp\/v2\/posts"}],"about":[{"href":"https:\/\/agendadelsur.com\/index.php\/wp-json\/wp\/v2\/types\/post"}],"author":[{"embeddable":true,"href":"https:\/\/agendadelsur.com\/index.php\/wp-json\/wp\/v2\/users\/2"}],"replies":[{"embeddable":true,"href":"https:\/\/agendadelsur.com\/index.php\/wp-json\/wp\/v2\/comments?post=24381"}],"version-history":[{"count":1,"href":"https:\/\/agendadelsur.com\/index.php\/wp-json\/wp\/v2\/posts\/24381\/revisions"}],"predecessor-version":[{"id":24386,"href":"https:\/\/agendadelsur.com\/index.php\/wp-json\/wp\/v2\/posts\/24381\/revisions\/24386"}],"wp:featuredmedia":[{"embeddable":true,"href":"https:\/\/agendadelsur.com\/index.php\/wp-json\/wp\/v2\/media\/24385"}],"wp:attachment":[{"href":"https:\/\/agendadelsur.com\/index.php\/wp-json\/wp\/v2\/media?parent=24381"}],"wp:term":[{"taxonomy":"category","embeddable":true,"href":"https:\/\/agendadelsur.com\/index.php\/wp-json\/wp\/v2\/categories?post=24381"},{"taxonomy":"post_tag","embeddable":true,"href":"https:\/\/agendadelsur.com\/index.php\/wp-json\/wp\/v2\/tags?post=24381"}],"curies":[{"name":"wp","href":"https:\/\/api.w.org\/{rel}","templated":true}]}}