{"id":25077,"date":"2022-09-17T21:04:36","date_gmt":"2022-09-18T00:04:36","guid":{"rendered":"https:\/\/agendadelsur.com\/?p=25077"},"modified":"2022-09-17T21:04:38","modified_gmt":"2022-09-18T00:04:38","slug":"barrio-azul-de-wilde-se-entregaron-nuevas-viviendas","status":"publish","type":"post","link":"https:\/\/agendadelsur.com\/index.php\/2022\/09\/17\/barrio-azul-de-wilde-se-entregaron-nuevas-viviendas\/","title":{"rendered":"Barrio Azul de Wilde: se entregaron nuevas viviendas"},"content":{"rendered":"\n<h5 class=\"has-text-color wp-block-heading\" style=\"color:#f80b0f\">En la continuidad del programa de urbanizaci\u00f3n integral del barrio Azul de Wilde, que llevan delante de forma conjunta el Estado Nacional y el gobierno municipal, el ministro de Desarrollo Territorial y H\u00e1bitat de la Naci\u00f3n, Jorge Ferraresi, junto al intendente de Avellaneda, Alejo Chornobroff encabezaron ayer una nueva entrega de viviendas para familias del barrio.<\/h5>\n\n\n\n<div class=\"wp-block-image\"><figure class=\"aligncenter size-full\"><img loading=\"lazy\" decoding=\"async\" width=\"600\" height=\"400\" src=\"https:\/\/agendadelsur.com\/wp-content\/uploads\/2022\/09\/vivi-II.jpg\" alt=\"\" class=\"wp-image-25078\" srcset=\"https:\/\/agendadelsur.com\/wp-content\/uploads\/2022\/09\/vivi-II.jpg 600w, https:\/\/agendadelsur.com\/wp-content\/uploads\/2022\/09\/vivi-II-300x200.jpg 300w\" sizes=\"(max-width: 600px) 100vw, 600px\" \/><\/figure><\/div>\n\n\n\n<p>Las viviendas otorgadas pertenecen al programa Casa Propia. Se invirti\u00f3 en ellas m\u00e1s de $26 millones en su construcci\u00f3n, en el marco de una pol\u00edtica integral que lanz\u00f3 el municipio en 2007 y que implica la construcci\u00f3n de m\u00e1s de 500 viviendas.<\/p>\n\n\n\n<p>&nbsp;Los funcionarios luego de compartir la emoci\u00f3n de toda la comunidad por esta nueva entrega recorrieron las obras en ejecuci\u00f3n. Con una inversi\u00f3n de m\u00e1s de $355 millones se est\u00e1n edificando otras 45 casas m\u00e1s del lado de Avellaneda y 11 del lado de Quilmes.<\/p>\n\n\n\n<div class=\"wp-block-image\"><figure class=\"aligncenter size-large is-resized\"><img loading=\"lazy\" decoding=\"async\" src=\"https:\/\/agendadelsur.com\/wp-content\/uploads\/2022\/09\/d576c58b-45b8-4b7b-9e9e-541f1476679c-1024x681.jpg\" alt=\"\" class=\"wp-image-25079\" width=\"608\" height=\"403\" srcset=\"https:\/\/agendadelsur.com\/wp-content\/uploads\/2022\/09\/d576c58b-45b8-4b7b-9e9e-541f1476679c-1024x681.jpg 1024w, https:\/\/agendadelsur.com\/wp-content\/uploads\/2022\/09\/d576c58b-45b8-4b7b-9e9e-541f1476679c-300x200.jpg 300w, https:\/\/agendadelsur.com\/wp-content\/uploads\/2022\/09\/d576c58b-45b8-4b7b-9e9e-541f1476679c-1536x1021.jpg 1536w, https:\/\/agendadelsur.com\/wp-content\/uploads\/2022\/09\/d576c58b-45b8-4b7b-9e9e-541f1476679c.jpg 1600w\" sizes=\"(max-width: 608px) 100vw, 608px\" \/><\/figure><\/div>\n\n\n\n<p>Estuvieron presentes el secretario de Obras P\u00fablicas de Avellaneda, Gast\u00f3n Seillan, la de Desarrollo Territorial y H\u00e1bitat, M\u00f3nica Ghirelli, adem\u00e1s de otrxs funcionarios y equipos de trabajo tanto nacionales como municipales.<\/p>\n\n\n\n<p>Fuente: Direcci\u00f3n General de Medios y Redes de la Municipalidad de Avellaneda<\/p>\n\n\n\n<div class=\"wp-block-image\"><figure class=\"aligncenter size-full\"><img loading=\"lazy\" decoding=\"async\" width=\"300\" height=\"250\" src=\"https:\/\/agendadelsur.com\/wp-content\/uploads\/2022\/09\/aviso-roman-1.jpg\" alt=\"\" class=\"wp-image-24884\"\/><\/figure><\/div>\n\n\n\n<div class=\"wp-block-image\"><figure class=\"aligncenter size-full\"><img loading=\"lazy\" decoding=\"async\" width=\"300\" height=\"300\" src=\"https:\/\/agendadelsur.com\/wp-content\/uploads\/2022\/09\/AVISO-TOTAL-JUBILACION-ANTICIPADA-1.jpg\" alt=\"\" class=\"wp-image-24883\" srcset=\"https:\/\/agendadelsur.com\/wp-content\/uploads\/2022\/09\/AVISO-TOTAL-JUBILACION-ANTICIPADA-1.jpg 300w, https:\/\/agendadelsur.com\/wp-content\/uploads\/2022\/09\/AVISO-TOTAL-JUBILACION-ANTICIPADA-1-150x150.jpg 150w\" sizes=\"(max-width: 300px) 100vw, 300px\" \/><\/figure><\/div>\n","protected":false},"excerpt":{"rendered":"<p>En la continuidad del programa de urbanizaci\u00f3n integral del barrio Azul de Wilde, que llevan delante de forma conjunta el Estado Nacional y el gobierno municipal, el ministro de Desarrollo Territorial y H\u00e1bitat de la Naci\u00f3n, Jorge Ferraresi, junto al intendente de Avellaneda, Alejo Chornobroff encabezaron ayer una nueva entrega de viviendas para familias del [&hellip;]<\/p>\n","protected":false},"author":2,"featured_media":25080,"comment_status":"closed","ping_status":"open","sticky":false,"template":"","format":"standard","meta":{"footnotes":""},"categories":[4],"tags":[6,2015,2660,3025],"_links":{"self":[{"href":"https:\/\/agendadelsur.com\/index.php\/wp-json\/wp\/v2\/posts\/25077"}],"collection":[{"href":"https:\/\/agendadelsur.com\/index.php\/wp-json\/wp\/v2\/posts"}],"about":[{"href":"https:\/\/agendadelsur.com\/index.php\/wp-json\/wp\/v2\/types\/post"}],"author":[{"embeddable":true,"href":"https:\/\/agendadelsur.com\/index.php\/wp-json\/wp\/v2\/users\/2"}],"replies":[{"embeddable":true,"href":"https:\/\/agendadelsur.com\/index.php\/wp-json\/wp\/v2\/comments?post=25077"}],"version-history":[{"count":1,"href":"https:\/\/agendadelsur.com\/index.php\/wp-json\/wp\/v2\/posts\/25077\/revisions"}],"predecessor-version":[{"id":25081,"href":"https:\/\/agendadelsur.com\/index.php\/wp-json\/wp\/v2\/posts\/25077\/revisions\/25081"}],"wp:featuredmedia":[{"embeddable":true,"href":"https:\/\/agendadelsur.com\/index.php\/wp-json\/wp\/v2\/media\/25080"}],"wp:attachment":[{"href":"https:\/\/agendadelsur.com\/index.php\/wp-json\/wp\/v2\/media?parent=25077"}],"wp:term":[{"taxonomy":"category","embeddable":true,"href":"https:\/\/agendadelsur.com\/index.php\/wp-json\/wp\/v2\/categories?post=25077"},{"taxonomy":"post_tag","embeddable":true,"href":"https:\/\/agendadelsur.com\/index.php\/wp-json\/wp\/v2\/tags?post=25077"}],"curies":[{"name":"wp","href":"https:\/\/api.w.org\/{rel}","templated":true}]}}