{"id":25395,"date":"2022-09-26T01:10:23","date_gmt":"2022-09-26T04:10:23","guid":{"rendered":"https:\/\/agendadelsur.com\/?p=25395"},"modified":"2022-09-26T01:10:24","modified_gmt":"2022-09-26T04:10:24","slug":"campana-mundial-de-solidaridad-con-la-vicepresidenta-cristina-kirchner","status":"publish","type":"post","link":"https:\/\/agendadelsur.com\/index.php\/2022\/09\/26\/campana-mundial-de-solidaridad-con-la-vicepresidenta-cristina-kirchner\/","title":{"rendered":"Campa\u00f1a mundial de solidaridad con la vicepresidenta Cristina Kirchner"},"content":{"rendered":"\n<h5 class=\"has-text-color wp-block-heading\" style=\"color:#f40408\">La Internacional Progresista -una organizaci\u00f3n que re\u00fane a partidos pol\u00edticos de varios pa\u00edses- lanz\u00f3 una \u00abcampa\u00f1a mundial de solidaridad\u00bb con la vicepresidenta Cristina Fern\u00e1ndez de Kirchner ante el intento de asesinato que sufri\u00f3 el pasado 1 de septiembre y la \u00abguerra legal\u00bb que se libra contra la exmandataria.<\/h5>\n\n\n\n<div class=\"wp-block-image\"><figure class=\"aligncenter size-full is-resized\"><img loading=\"lazy\" decoding=\"async\" src=\"https:\/\/agendadelsur.com\/wp-content\/uploads\/2022\/09\/KR3OL4OWNBH5LNAYBBX6QBNLCY.jpg\" alt=\"\" class=\"wp-image-25396\" width=\"555\" height=\"380\" srcset=\"https:\/\/agendadelsur.com\/wp-content\/uploads\/2022\/09\/KR3OL4OWNBH5LNAYBBX6QBNLCY.jpg 700w, https:\/\/agendadelsur.com\/wp-content\/uploads\/2022\/09\/KR3OL4OWNBH5LNAYBBX6QBNLCY-300x206.jpg 300w\" sizes=\"(max-width: 555px) 100vw, 555px\" \/><\/figure><\/div>\n\n\n\n<p>Desde esta organizaci\u00f3n emitieron una declaraci\u00f3n en la que condenan &#8220;la guerra legal que se libra ahora contra Cristina Fern\u00e1ndez de Kirchner&#8221; al sostener que esta semana, Fern\u00e1ndez de Kirchner se vio obligada a defenderse en una causa judicial que pretende meterla en la c\u00e1rcel durante 12 a\u00f1os y prohibirle la actividad pol\u00edtica. Ha negado en\u00e9rgicamente las acusaciones, argumentando que son una forma de guerra legal dirigida contra las fuerzas progresistas de Argentina.<\/p>\n\n\n\n<p>\u00abEl 1 de septiembre, el mundo vio con horror c\u00f3mo la pistola de un presunto asesino fall\u00f3 al disparar a quemarropa contra la vicepresidenta de Argentina. Los medios de comunicaci\u00f3n llaman al asesino \u2018loco suelto\u2019. Sin embargo, sus acciones violentas forman parte de una campa\u00f1a m\u00e1s amplia de persecuci\u00f3n que no s\u00f3lo apunta a Cristina, sino a todos los proyectos de poder popular en Argentina y en toda Am\u00e9rica Latina\u00bb, a\u00f1adi\u00f3 el texto que anuncia el lanzamiento de esta campa\u00f1a.<\/p>\n\n\n\n<p>Adem\u00e1s, el texto difundido por la IP sostuvo que \u00abla derecha antidemocr\u00e1tica de la regi\u00f3n utiliza t\u00e1cticas de guerra legal para acosar, perseguir e inhabilitar a los principales l\u00edderes y lideresas progresistas de los gobiernos nacionales y populares de Am\u00e9rica Latina. Las intervenciones militares directas y los golpes de estado violentos se han cambiado cada vez m\u00e1s por la guerra legal, junto con la connivencia de los medios de comunicaci\u00f3n corporativos, para atacar a l\u00edderes y lideresas pol\u00edticas que no sirven a los intereses de la clase dominante y del modelo neoliberal\u00bb.<\/p>\n\n\n\n<p>En ese sentido, agreg\u00f3 que \u00abla constante persecuci\u00f3n judicial que ha sufrido\u00bb Fern\u00e1ndez de Kirchner \u00abpone en riesgo la vida democr\u00e1tica del pa\u00eds\u00bb.<\/p>\n\n\n\n<p>La declaraci\u00f3n de IP lleva las firmas del diputado Yanis Varoufakis (Grecia), Cornel West (Estados Unidos), Aruna Roy (India), Baltasar Garz\u00f3n (Espa\u00f1a) diputada Le\u00efla Chaibi (Francia), Ertu\u011frul K\u00fcrk\u00e7\u00fc (Turqu\u00eda), Vijay Prashad (India), Alicia Castro (Argentina), Ahdaf Soueif (Egipto), Renata \u00c1vila (Guatemala), Nikhil Dey (India), Yara Hawari (Palestina), Sre\u010dko Horvat (Croacia), Scott Ludlam (Australia), Nick Estes (Estados Unidos) y Niki Ashton MP (Canad\u00e1).<\/p>\n\n\n\n<p>Fuente: Tiempo Argentino<\/p>\n\n\n\n<div class=\"wp-block-image\"><figure class=\"aligncenter size-full\"><img loading=\"lazy\" decoding=\"async\" width=\"300\" height=\"250\" src=\"https:\/\/agendadelsur.com\/wp-content\/uploads\/2022\/09\/VITALAB-AAABBB-4.jpg\" alt=\"\" class=\"wp-image-25287\"\/><\/figure><\/div>\n\n\n\n<div class=\"wp-block-image\"><figure class=\"aligncenter size-full\"><img loading=\"lazy\" decoding=\"async\" width=\"300\" height=\"250\" src=\"https:\/\/agendadelsur.com\/wp-content\/uploads\/2022\/09\/MILLANEL-INT.-1-3.jpg\" alt=\"\" class=\"wp-image-25288\"\/><\/figure><\/div>\n","protected":false},"excerpt":{"rendered":"<p>La Internacional Progresista -una organizaci\u00f3n que re\u00fane a partidos pol\u00edticos de varios pa\u00edses- lanz\u00f3 una \u00abcampa\u00f1a mundial de solidaridad\u00bb con la vicepresidenta Cristina Fern\u00e1ndez de Kirchner ante el intento de asesinato que sufri\u00f3 el pasado 1 de septiembre y la \u00abguerra legal\u00bb que se libra contra la exmandataria. Desde esta organizaci\u00f3n emitieron una declaraci\u00f3n en [&hellip;]<\/p>\n","protected":false},"author":2,"featured_media":25397,"comment_status":"closed","ping_status":"open","sticky":false,"template":"","format":"standard","meta":{"footnotes":""},"categories":[576],"tags":[7570,7571,61,2594,2758],"_links":{"self":[{"href":"https:\/\/agendadelsur.com\/index.php\/wp-json\/wp\/v2\/posts\/25395"}],"collection":[{"href":"https:\/\/agendadelsur.com\/index.php\/wp-json\/wp\/v2\/posts"}],"about":[{"href":"https:\/\/agendadelsur.com\/index.php\/wp-json\/wp\/v2\/types\/post"}],"author":[{"embeddable":true,"href":"https:\/\/agendadelsur.com\/index.php\/wp-json\/wp\/v2\/users\/2"}],"replies":[{"embeddable":true,"href":"https:\/\/agendadelsur.com\/index.php\/wp-json\/wp\/v2\/comments?post=25395"}],"version-history":[{"count":1,"href":"https:\/\/agendadelsur.com\/index.php\/wp-json\/wp\/v2\/posts\/25395\/revisions"}],"predecessor-version":[{"id":25398,"href":"https:\/\/agendadelsur.com\/index.php\/wp-json\/wp\/v2\/posts\/25395\/revisions\/25398"}],"wp:featuredmedia":[{"embeddable":true,"href":"https:\/\/agendadelsur.com\/index.php\/wp-json\/wp\/v2\/media\/25397"}],"wp:attachment":[{"href":"https:\/\/agendadelsur.com\/index.php\/wp-json\/wp\/v2\/media?parent=25395"}],"wp:term":[{"taxonomy":"category","embeddable":true,"href":"https:\/\/agendadelsur.com\/index.php\/wp-json\/wp\/v2\/categories?post=25395"},{"taxonomy":"post_tag","embeddable":true,"href":"https:\/\/agendadelsur.com\/index.php\/wp-json\/wp\/v2\/tags?post=25395"}],"curies":[{"name":"wp","href":"https:\/\/api.w.org\/{rel}","templated":true}]}}