{"id":25412,"date":"2022-09-26T17:54:53","date_gmt":"2022-09-26T20:54:53","guid":{"rendered":"https:\/\/agendadelsur.com\/?p=25412"},"modified":"2022-09-26T17:54:54","modified_gmt":"2022-09-26T20:54:54","slug":"argentina-1985-la-pelicula-nacional-gano-el-premio-del-publico-en-el-festival-de-san-sebastian","status":"publish","type":"post","link":"https:\/\/agendadelsur.com\/index.php\/2022\/09\/26\/argentina-1985-la-pelicula-nacional-gano-el-premio-del-publico-en-el-festival-de-san-sebastian\/","title":{"rendered":"Argentina, 1985. La pel\u00edcula nacional gan\u00f3 el Premio del P\u00fablico en el Festival de San Sebasti\u00e1n"},"content":{"rendered":"\n<figure class=\"wp-block-embed is-type-video is-provider-youtube wp-block-embed-youtube wp-embed-aspect-4-3 wp-has-aspect-ratio\"><div class=\"wp-block-embed__wrapper\">\n<div class=\"epyt-video-wrapper\"><iframe loading=\"lazy\"  id=\"_ytid_99621\"  width=\"640\" height=\"360\"  data-origwidth=\"640\" data-origheight=\"360\" src=\"https:\/\/www.youtube.com\/embed\/8pce8ITt0Zs?enablejsapi=1&#038;autoplay=0&#038;cc_load_policy=0&#038;cc_lang_pref=&#038;iv_load_policy=1&#038;loop=0&#038;rel=1&#038;fs=1&#038;playsinline=0&#038;autohide=2&#038;theme=dark&#038;color=red&#038;controls=1&#038;disablekb=0&#038;\" class=\"__youtube_prefs__  epyt-is-override  no-lazyload\" title=\"YouTube player\"  allow=\"fullscreen; accelerometer; autoplay; clipboard-write; encrypted-media; gyroscope; picture-in-picture; web-share\" referrerpolicy=\"strict-origin-when-cross-origin\" allowfullscreen data-no-lazy=\"1\" data-skipgform_ajax_framebjll=\"\"><\/iframe><\/div>\n<\/div><\/figure>\n\n\n\n<p>El film Argentina, 1985, dirigida por Santiago Mitre con Ricardo Dar\u00edn y Peter Lanzani como protagonistas, gan\u00f3 el Premio del P\u00fablico en el Festival de San Sebasti\u00e1n, que este s\u00e1bado concluy\u00f3 su 70ma. edici\u00f3n.<\/p>\n\n\n\n<p>El \u201cChino\u201d Dar\u00edn fue el encargado de recibir el premio y en su discurso de agradecimiento habl\u00f3 sobre la importancia de defender la democracia.<\/p>\n\n\n\n<p>&#8220;Nos resulta particularmente bello y hasta po\u00e9tico que una pel\u00edcula que habla de la democracia resulte ganadora en una votaci\u00f3n popular. Es algo hermoso, una linda se\u00f1al y me llena de orgullo&#8221;, expres\u00f3 el actor en su discurso.<\/p>\n\n\n\n<div class=\"wp-block-image\"><figure class=\"aligncenter size-full\"><img loading=\"lazy\" decoding=\"async\" width=\"300\" height=\"250\" src=\"https:\/\/agendadelsur.com\/wp-content\/uploads\/2022\/09\/agenda-del-sur-3.png\" alt=\"\" class=\"wp-image-25297\"\/><\/figure><\/div>\n\n\n\n<div class=\"wp-block-image\"><figure class=\"aligncenter size-full\"><img loading=\"lazy\" decoding=\"async\" width=\"300\" height=\"250\" src=\"https:\/\/agendadelsur.com\/wp-content\/uploads\/2022\/09\/MILLANEL-INT.-1-3.jpg\" alt=\"\" class=\"wp-image-25288\"\/><\/figure><\/div>\n","protected":false},"excerpt":{"rendered":"<p>El film Argentina, 1985, dirigida por Santiago Mitre con Ricardo Dar\u00edn y Peter Lanzani como protagonistas, gan\u00f3 el Premio del P\u00fablico en el Festival de San Sebasti\u00e1n, que este s\u00e1bado concluy\u00f3 su 70ma. edici\u00f3n. El \u201cChino\u201d Dar\u00edn fue el encargado de recibir el premio y en su discurso de agradecimiento habl\u00f3 sobre la importancia de [&hellip;]<\/p>\n","protected":false},"author":2,"featured_media":25414,"comment_status":"closed","ping_status":"open","sticky":false,"template":"","format":"standard","meta":{"footnotes":""},"categories":[576,9],"tags":[7579,7580,7581],"_links":{"self":[{"href":"https:\/\/agendadelsur.com\/index.php\/wp-json\/wp\/v2\/posts\/25412"}],"collection":[{"href":"https:\/\/agendadelsur.com\/index.php\/wp-json\/wp\/v2\/posts"}],"about":[{"href":"https:\/\/agendadelsur.com\/index.php\/wp-json\/wp\/v2\/types\/post"}],"author":[{"embeddable":true,"href":"https:\/\/agendadelsur.com\/index.php\/wp-json\/wp\/v2\/users\/2"}],"replies":[{"embeddable":true,"href":"https:\/\/agendadelsur.com\/index.php\/wp-json\/wp\/v2\/comments?post=25412"}],"version-history":[{"count":1,"href":"https:\/\/agendadelsur.com\/index.php\/wp-json\/wp\/v2\/posts\/25412\/revisions"}],"predecessor-version":[{"id":25415,"href":"https:\/\/agendadelsur.com\/index.php\/wp-json\/wp\/v2\/posts\/25412\/revisions\/25415"}],"wp:featuredmedia":[{"embeddable":true,"href":"https:\/\/agendadelsur.com\/index.php\/wp-json\/wp\/v2\/media\/25414"}],"wp:attachment":[{"href":"https:\/\/agendadelsur.com\/index.php\/wp-json\/wp\/v2\/media?parent=25412"}],"wp:term":[{"taxonomy":"category","embeddable":true,"href":"https:\/\/agendadelsur.com\/index.php\/wp-json\/wp\/v2\/categories?post=25412"},{"taxonomy":"post_tag","embeddable":true,"href":"https:\/\/agendadelsur.com\/index.php\/wp-json\/wp\/v2\/tags?post=25412"}],"curies":[{"name":"wp","href":"https:\/\/api.w.org\/{rel}","templated":true}]}}