{"id":26467,"date":"2022-10-20T02:00:21","date_gmt":"2022-10-20T05:00:21","guid":{"rendered":"https:\/\/agendadelsur.com\/?p=26467"},"modified":"2022-10-20T02:00:22","modified_gmt":"2022-10-20T05:00:22","slug":"repudio-ante-un-nuevo-ataque-a-roberto-baradel","status":"publish","type":"post","link":"https:\/\/agendadelsur.com\/index.php\/2022\/10\/20\/repudio-ante-un-nuevo-ataque-a-roberto-baradel\/","title":{"rendered":"Repudio ante un nuevo ataque a Roberto Baradel"},"content":{"rendered":"\n<h5 class=\"has-text-color wp-block-heading\" style=\"color:#ff0105\">La Confederaci\u00f3n de Trabajadores de la Educaci\u00f3n de la Rep\u00fablica Argentina manifest\u00f3 su en\u00e9rgico rechazo ante el embate medi\u00e1tico de dirigentes de la oposici\u00f3n contra el l\u00edder sindical de los docentes.<\/h5>\n\n\n\n<div class=\"wp-block-image\"><figure class=\"aligncenter size-full is-resized\"><img loading=\"lazy\" decoding=\"async\" src=\"https:\/\/agendadelsur.com\/wp-content\/uploads\/2022\/10\/logo-lapiz21.jpeg\" alt=\"\" class=\"wp-image-26468\" width=\"467\" height=\"339\" srcset=\"https:\/\/agendadelsur.com\/wp-content\/uploads\/2022\/10\/logo-lapiz21.jpeg 640w, https:\/\/agendadelsur.com\/wp-content\/uploads\/2022\/10\/logo-lapiz21-300x218.jpeg 300w\" sizes=\"(max-width: 467px) 100vw, 467px\" \/><\/figure><\/div>\n\n\n\n<p>El comunicado de la entidad gremial<\/p>\n\n\n\n<p>CTERA REPUDIA UN NUEVO ATAQUE DE LA DERECHA A ROBERTO BARADEL<\/p>\n\n\n\n<p>Nuevamente, dirigentes de la derecha: Mauricio Macri, Jos\u00e9 Luis Espert y Eduardo Amadeo, difaman, mienten y atacan en los medios de comunicaci\u00f3n, a nuestro compa\u00f1ero Roberto Baradel, Sec. Gral. Adjunto de CTERA.<\/p>\n\n\n\n<p>Aquellos que desfinanciaron la escuela p\u00fablica, que cerraron la Paritaria Nacional, que reprimieron en la Escuela P\u00fablica Itinerante, que eliminaron la entrega de computadoras y libros en las escuelas, que espiaron y mintieron descaradamente sobre lxs dirigentes sindicales que defienden los derechos de las y los trabajadores, vuelven al ataque con burdas mentiras y vergonzosas declaraciones.<\/p>\n\n\n\n<p>Son los mismos que quieren que el sindicalismo se arrodille ante el poder econ\u00f3mico, son los mismos que quieren destruir nuestros derechos si vuelven a gobernar el pa\u00eds.<\/p>\n\n\n\n<p>Desde CTERA expresamos nuestro m\u00e1s en\u00e9rgico repudio y nos solidarizamos con nuestro compa\u00f1ero ante estos nuevos embates medi\u00e1ticos, que son ataques a toda la docencia organizada.<\/p>\n\n\n\n<p>La CTERA seguir\u00e1, como lo hizo desde su creaci\u00f3n, defendiendo los derechos de las y los trabajadores de la educaci\u00f3n a pesar de las amenazas, los espionajes, las difamaciones de estos personajes que detestan la educaci\u00f3n p\u00fablica y que tanto da\u00f1o le hicieron y le hacen a nuestro pa\u00eds.<\/p>\n\n\n\n<p>Buenos Aires, mi\u00e9rcoles 19 de octubre 2022<\/p>\n\n\n\n<p>JUNTA EJECUTIVA DE CTERA<\/p>\n","protected":false},"excerpt":{"rendered":"<p>La Confederaci\u00f3n de Trabajadores de la Educaci\u00f3n de la Rep\u00fablica Argentina manifest\u00f3 su en\u00e9rgico rechazo ante el embate medi\u00e1tico de dirigentes de la oposici\u00f3n contra el l\u00edder sindical de los docentes. El comunicado de la entidad gremial CTERA REPUDIA UN NUEVO ATAQUE DE LA DERECHA A ROBERTO BARADEL Nuevamente, dirigentes de la derecha: Mauricio Macri, [&hellip;]<\/p>\n","protected":false},"author":2,"featured_media":26469,"comment_status":"closed","ping_status":"open","sticky":false,"template":"","format":"standard","meta":{"footnotes":""},"categories":[9],"tags":[1307,7909,7335],"_links":{"self":[{"href":"https:\/\/agendadelsur.com\/index.php\/wp-json\/wp\/v2\/posts\/26467"}],"collection":[{"href":"https:\/\/agendadelsur.com\/index.php\/wp-json\/wp\/v2\/posts"}],"about":[{"href":"https:\/\/agendadelsur.com\/index.php\/wp-json\/wp\/v2\/types\/post"}],"author":[{"embeddable":true,"href":"https:\/\/agendadelsur.com\/index.php\/wp-json\/wp\/v2\/users\/2"}],"replies":[{"embeddable":true,"href":"https:\/\/agendadelsur.com\/index.php\/wp-json\/wp\/v2\/comments?post=26467"}],"version-history":[{"count":1,"href":"https:\/\/agendadelsur.com\/index.php\/wp-json\/wp\/v2\/posts\/26467\/revisions"}],"predecessor-version":[{"id":26470,"href":"https:\/\/agendadelsur.com\/index.php\/wp-json\/wp\/v2\/posts\/26467\/revisions\/26470"}],"wp:featuredmedia":[{"embeddable":true,"href":"https:\/\/agendadelsur.com\/index.php\/wp-json\/wp\/v2\/media\/26469"}],"wp:attachment":[{"href":"https:\/\/agendadelsur.com\/index.php\/wp-json\/wp\/v2\/media?parent=26467"}],"wp:term":[{"taxonomy":"category","embeddable":true,"href":"https:\/\/agendadelsur.com\/index.php\/wp-json\/wp\/v2\/categories?post=26467"},{"taxonomy":"post_tag","embeddable":true,"href":"https:\/\/agendadelsur.com\/index.php\/wp-json\/wp\/v2\/tags?post=26467"}],"curies":[{"name":"wp","href":"https:\/\/api.w.org\/{rel}","templated":true}]}}