{"id":26489,"date":"2022-10-20T21:37:32","date_gmt":"2022-10-21T00:37:32","guid":{"rendered":"https:\/\/agendadelsur.com\/?p=26489"},"modified":"2022-10-20T21:37:33","modified_gmt":"2022-10-21T00:37:33","slug":"se-cumplen-12-anos-del-asesinato-de-mariano-ferreyra","status":"publish","type":"post","link":"https:\/\/agendadelsur.com\/index.php\/2022\/10\/20\/se-cumplen-12-anos-del-asesinato-de-mariano-ferreyra\/","title":{"rendered":"Se cumplen 12 a\u00f1os del asesinato de Mariano Ferreyra"},"content":{"rendered":"\n<h5 class=\"has-text-color wp-block-heading\" style=\"color:#f30509\">El 20 de octubre de 2010 Mariano Ferreyra fue ultimado en Barracas, durante un acto donde apoyaba a los trabajadores ferroviarios tercerizados. Ten\u00eda 23 a\u00f1os y fue v\u00edctima del ataque de una patota armada organizada por el entonces secretario general de la Uni\u00f3n Ferroviaria Jos\u00e9 Pedraza.<\/h5>\n\n\n\n<div class=\"wp-block-image\"><figure class=\"aligncenter size-full is-resized\"><img loading=\"lazy\" decoding=\"async\" src=\"https:\/\/agendadelsur.com\/wp-content\/uploads\/2022\/10\/images-6.jpg\" alt=\"\" class=\"wp-image-26490\" width=\"436\" height=\"290\"\/><figcaption><em>El sindicalista Jos\u00e9 Pedraza al ser detenido<\/em><\/figcaption><\/figure><\/div>\n\n\n\n<p>Por el crimen fueron condenados en 2013 Jos\u00e9 Pedraza, (15 a\u00f1os de prisi\u00f3n), miembros del sindicato y agentes de la Polic\u00eda Federal. Pero a<strong> <\/strong>12 a\u00f1os del crimen de Mariano Ferreyra, a\u00fan no hay fecha del juicio por encubrimiento<strong>. <\/strong>Se debe &#8220;determinar responsabilidades de integrantes de estudios jur\u00eddicos, exagentes de inteligencia y funcionarios judiciales en una trama orientada a encubrir el crimen&#8221;, seg\u00fan reclam\u00f3 el Centro de Estudios Legales y Sociales.<\/p>\n\n\n\n<p>Cabe destacar, la firmeza y decisi\u00f3n del gobierno de la entonces Presidenta Cristina Fern\u00e1ndez de Kirchner para evitar que la trama mafiosa logre impedir el juicio y condenar a sus responsables.<\/p>\n\n\n\n<p>Mariano Ferreyra, una vida Arrancada en su plenitud<\/p>\n\n\n\n<p>Mariano era un pibe introvertido que abraz\u00f3 la militancia pol\u00edtica muy joven cuando apenas ten\u00eda 13 a\u00f1os.<\/p>\n\n\n\n<p>Creci\u00f3 en la zona del Viaducto, en Sarandi, donde viv\u00eda con sus padres y su hermana m\u00e1s chica. Fue presidente del Centro de Estudiantes de la escuela secundaria donde estudi\u00f3 y fue candidato a consejero escolar de Avellaneda por el Partido Obrero. Metal\u00fargico de profesi\u00f3n, hab\u00eda hecho un curso en la municipalidad para tener un oficio y cursaba el CBC para seguir la licenciatura de historia.<\/p>\n\n\n\n<p>En el 2006, hab\u00eda intentado evitar el desalojo de la ex f\u00e1brica Sasetru ubicada en Sarand\u00ed. En el 2002, apoy\u00f3 las marchas que ped\u00edan Justicia por los cr\u00edmenes de Maximiliano Kosteki y Dar\u00edo Santill\u00e1n, los manifestantes asesinados en la llamada Masacre de Avellaneda.<\/p>\n\n\n\n<p>El recuerdo de sus compa\u00f1eros de Militancia:<\/p>\n\n\n\n<p>Mariano Ferreyra, compa\u00f1ero, amigo, hasta la victoria siempre!.<\/p>\n\n\n\n<p>&nbsp;Mariano se hizo compa\u00f1ero y amigo de nosotros, de la Uni\u00f3n de Juventudes por el Socialismo (UJS) y del Partido Obrero, cuando todav\u00eda no hab\u00eda terminado el secundario. Su hermano lo hab\u00eda hecho unos meses antes. Desde entonces, fue siempre un orgullo estar a su lado, escucharlo y desarrollar con \u00e9l nuestras inquietudes.<\/p>\n\n\n\n<p>Lo conmovieron las grandes movilizaciones piqueteras y la rebeli\u00f3n popular de 2001.<\/p>\n\n\n\n<p>Desde el comienzo se destac\u00f3 como dirigente en Avellaneda. Constructor de la UJS, combin\u00f3 su actividad en el movimiento estudiantil con la participaci\u00f3n en las principales luchas obreras y populares que conmovieron a su pago chico y al pa\u00eds. Estuvo al frente en la lucha por la recuperaci\u00f3n de Sasetru bajo gesti\u00f3n obrera. Impuls\u00f3 el movimiento estudiantil, el centro de estudiantes en el Sim\u00f3n Bol\u00edvar de Sarand\u00ed, donde curs\u00f3 la secundaria. La sede del CBC de Avellaneda lo tendr\u00e1 para siempre en su historia como uno de sus principales organizadores, probablemente el principal. Por su gran autoridad pol\u00edtica, sus compa\u00f1eros de la UJS lo apodaban fraternalmente \u201cel Jefe\u201d.<\/p>\n\n\n\n<p>Militaba desde hac\u00eda unos meses junto a los ferroviarios. Particip\u00f3, electo como delegado, de los tres \u00faltimos congresos del Partido Obrero.<\/p>\n\n\n\n<div class=\"wp-block-image\"><figure class=\"aligncenter size-full is-resized\"><img loading=\"lazy\" decoding=\"async\" src=\"https:\/\/agendadelsur.com\/wp-content\/uploads\/2022\/10\/images-1-2.jpg\" alt=\"\" class=\"wp-image-26491\" width=\"446\" height=\"323\"\/><\/figure><\/div>\n\n\n\n<p>Fue trabajador metal\u00fargico. Fan\u00e1tico de la m\u00fasica y el cine, incursion\u00f3 en distintos proyectos musicales y estaba definiendo su ingreso a alguna de las escuelas art\u00edsticas de Avellaneda. Adoraba a sus hermanas y a su hermano mayor.<\/p>\n\n\n\n<p>\u201cMarianito\u201d, el benjam\u00edn de nuestros adultos de la zona sur, era concienzudo, parsimonioso, siempre \u00e1vido de formaci\u00f3n pol\u00edtica. Tenaz como pocos, curs\u00f3 dos a\u00f1os del profesorado de Historia en el Instituto N\u00ba 1, tambi\u00e9n en Avellaneda.<\/p>\n\n\n\n<p>Nunca se achic\u00f3 ante situaciones dif\u00edciles. Que se encontrara en la primera l\u00ednea de lucha junto a los obreros no sorprende. Confes\u00f3 en repetidas oportunidades su deseo de luchar durante toda su vida, una necesidad que hab\u00eda hecho con pasi\u00f3n.<\/p>\n\n\n\n<p>La juventud y la clase obrera han perdido a quien ya era gran cuadro pol\u00edtico.<\/p>\n\n\n\n<p>La lacra burocr\u00e1tica a la que combati\u00f3 con energ\u00eda, pasi\u00f3n e ideas ceg\u00f3 su vida cuando apenas contaba con 23 a\u00f1os.<\/p>\n\n\n\n<p>En nuestro recuerdo, en estas horas tremendas, se mezclan decenas de an\u00e9cdotas pol\u00edticas y personales, todas lozanas y divertidas, quiz\u00e1s el resultado, el mejor, de luchas compartidas.<\/p>\n\n\n\n<p>Sus compa\u00f1eros m\u00e1s cercanos lo recordamos por su gran compa\u00f1erismo. Reconoc\u00eda y defend\u00eda a ultranza el valor de cada uno de aqu\u00e9llos que combat\u00edan codo a codo con \u00e9l y compart\u00edan su lucha y sus ideales.<\/p>\n\n\n\n<p>Marianito va a estar presente en cada d\u00eda de nuestro futuro.<\/p>\n\n\n\n<p>Qu\u00e9 pena tener que decirte tan temprano, \u201chasta la victoria, siempre\u201d.<\/p>\n\n\n\n<p>Jacyn, El B\u00e9 y los pibes de la UJS Avellaneda<\/p>\n\n\n\n<p>Fuente: Partido Obrero de Avellaneda<\/p>\n\n\n\n<figure class=\"wp-block-embed is-type-video is-provider-youtube wp-block-embed-youtube wp-embed-aspect-4-3 wp-has-aspect-ratio\"><div class=\"wp-block-embed__wrapper\">\n<div class=\"epyt-video-wrapper\"><iframe loading=\"lazy\"  id=\"_ytid_34162\"  width=\"640\" height=\"480\"  data-origwidth=\"640\" data-origheight=\"480\" src=\"https:\/\/www.youtube.com\/embed\/r6bd79oWdg8?enablejsapi=1&#038;autoplay=0&#038;cc_load_policy=0&#038;cc_lang_pref=&#038;iv_load_policy=1&#038;loop=0&#038;rel=1&#038;fs=1&#038;playsinline=0&#038;autohide=2&#038;theme=dark&#038;color=red&#038;controls=1&#038;disablekb=0&#038;\" class=\"__youtube_prefs__  epyt-is-override  no-lazyload\" title=\"YouTube player\"  allow=\"fullscreen; accelerometer; autoplay; clipboard-write; encrypted-media; gyroscope; picture-in-picture; web-share\" referrerpolicy=\"strict-origin-when-cross-origin\" allowfullscreen data-no-lazy=\"1\" data-skipgform_ajax_framebjll=\"\"><\/iframe><\/div>\n<\/div><\/figure>\n\n\n\n<div class=\"wp-block-image\"><figure class=\"aligncenter size-full\"><img loading=\"lazy\" decoding=\"async\" width=\"300\" height=\"250\" src=\"https:\/\/agendadelsur.com\/wp-content\/uploads\/2022\/10\/VITALAB-AAABBB-4.jpg\" alt=\"\" class=\"wp-image-26402\"\/><\/figure><\/div>\n\n\n\n<div class=\"wp-block-image\"><figure class=\"aligncenter size-full\"><img loading=\"lazy\" decoding=\"async\" width=\"300\" height=\"250\" src=\"https:\/\/agendadelsur.com\/wp-content\/uploads\/2022\/10\/MILLANEL-INT.-1-4.jpg\" alt=\"\" class=\"wp-image-26387\"\/><\/figure><\/div>\n","protected":false},"excerpt":{"rendered":"<p>El 20 de octubre de 2010 Mariano Ferreyra fue ultimado en Barracas, durante un acto donde apoyaba a los trabajadores ferroviarios tercerizados. Ten\u00eda 23 a\u00f1os y fue v\u00edctima del ataque de una patota armada organizada por el entonces secretario general de la Uni\u00f3n Ferroviaria Jos\u00e9 Pedraza. Por el crimen fueron condenados en 2013 Jos\u00e9 Pedraza, [&hellip;]<\/p>\n","protected":false},"author":2,"featured_media":26492,"comment_status":"closed","ping_status":"open","sticky":false,"template":"","format":"standard","meta":{"footnotes":""},"categories":[9],"tags":[7919,7920,1155],"_links":{"self":[{"href":"https:\/\/agendadelsur.com\/index.php\/wp-json\/wp\/v2\/posts\/26489"}],"collection":[{"href":"https:\/\/agendadelsur.com\/index.php\/wp-json\/wp\/v2\/posts"}],"about":[{"href":"https:\/\/agendadelsur.com\/index.php\/wp-json\/wp\/v2\/types\/post"}],"author":[{"embeddable":true,"href":"https:\/\/agendadelsur.com\/index.php\/wp-json\/wp\/v2\/users\/2"}],"replies":[{"embeddable":true,"href":"https:\/\/agendadelsur.com\/index.php\/wp-json\/wp\/v2\/comments?post=26489"}],"version-history":[{"count":1,"href":"https:\/\/agendadelsur.com\/index.php\/wp-json\/wp\/v2\/posts\/26489\/revisions"}],"predecessor-version":[{"id":26493,"href":"https:\/\/agendadelsur.com\/index.php\/wp-json\/wp\/v2\/posts\/26489\/revisions\/26493"}],"wp:featuredmedia":[{"embeddable":true,"href":"https:\/\/agendadelsur.com\/index.php\/wp-json\/wp\/v2\/media\/26492"}],"wp:attachment":[{"href":"https:\/\/agendadelsur.com\/index.php\/wp-json\/wp\/v2\/media?parent=26489"}],"wp:term":[{"taxonomy":"category","embeddable":true,"href":"https:\/\/agendadelsur.com\/index.php\/wp-json\/wp\/v2\/categories?post=26489"},{"taxonomy":"post_tag","embeddable":true,"href":"https:\/\/agendadelsur.com\/index.php\/wp-json\/wp\/v2\/tags?post=26489"}],"curies":[{"name":"wp","href":"https:\/\/api.w.org\/{rel}","templated":true}]}}