{"id":26494,"date":"2022-10-20T22:47:41","date_gmt":"2022-10-21T01:47:41","guid":{"rendered":"https:\/\/agendadelsur.com\/?p=26494"},"modified":"2022-10-20T22:47:42","modified_gmt":"2022-10-21T01:47:42","slug":"el-gobierno-ataco-la-paritaria-de-camioneros-y-culpo-a-los-trabajadores-de-la-inflacion","status":"publish","type":"post","link":"https:\/\/agendadelsur.com\/index.php\/2022\/10\/20\/el-gobierno-ataco-la-paritaria-de-camioneros-y-culpo-a-los-trabajadores-de-la-inflacion\/","title":{"rendered":"El Gobierno atac\u00f3 la paritaria de camioneros y culp\u00f3 a los trabajadores de la inflaci\u00f3n"},"content":{"rendered":"\n<h5 class=\"has-text-color wp-block-heading\" style=\"color:#f30a0e\">El gobierno nacional defini\u00f3 claramente su alianza con los empresarios y el c\u00edrculo del poder al intentar limitar el intento de los gremios -mediante las paritarias-de no seguir perdiendo el valor del salario. Tambi\u00e9n niega que los formadores de precios sean los responsables de la espiral inflacionaria y hace responsable de la misma a los trabajadores.<\/h5>\n\n\n\n<div class=\"wp-block-image\"><figure class=\"aligncenter size-full is-resized\"><img loading=\"lazy\" decoding=\"async\" src=\"https:\/\/agendadelsur.com\/wp-content\/uploads\/2022\/10\/1-32.jpg\" alt=\"\" class=\"wp-image-26495\" width=\"374\" height=\"249\"\/><\/figure><\/div>\n\n\n\n<p>&nbsp;Lo hizo por boca de la nueva ministra de Trabajo, \u201cKelly\u201d Olmos,&nbsp; que al parecer conserva su ideolog\u00eda neoliberal y ataca a los trabajadores.<\/p>\n\n\n\n<p>Cabe destacar que d\u00edas atr\u00e1s, el dirigente Pablo Moyano, hab\u00eda recordado el pasado menemista, de la reci\u00e9n nombrada ministra, y que esperaba que hubiera cambiado.<\/p>\n\n\n\n<p>El asunto va m\u00e1s all\u00e1: intenta limitar los reclamos de toda la clase trabajadora, a pesar de que el salario viene perdiendo desde hace 7 a\u00f1os. Del otro lado siguen las superganancias de los empresarios y los pagos de deuda.<\/p>\n\n\n\n<p>El gremio del neum\u00e1tico fue un ejemplo de lucha de que se puede salir a pelear para que no sean siempre los trabajadores los que paguen los costos de la crisis. Esa gran lucha ayud\u00f3 a elevar las aspiraciones de toda la clase trabajadora e incluso fue usada de ejemplo por un gremio como Camioneros.<\/p>\n\n\n\n<p>La dura respuesta del Gobierno nacional -que parece un vocero del FMI y de los empresarios- lleg\u00f3 por Olmos que acus\u00f3 a los trabajadores de &#8220;insolidarios&#8221; y los culp\u00f3 de la inflaci\u00f3n, negando el justo reclamo salarial.<\/p>\n\n\n\n<p>Fuente: www.laizquierdadiario.com<\/p>\n\n\n\n<div class=\"wp-block-image\"><figure class=\"aligncenter size-full\"><img loading=\"lazy\" decoding=\"async\" width=\"300\" height=\"250\" src=\"https:\/\/agendadelsur.com\/wp-content\/uploads\/2022\/10\/VITALAB-AAABBB-4.jpg\" alt=\"\" class=\"wp-image-26402\"\/><\/figure><\/div>\n\n\n\n<div class=\"wp-block-image\"><figure class=\"aligncenter size-full\"><img loading=\"lazy\" decoding=\"async\" width=\"300\" height=\"250\" src=\"https:\/\/agendadelsur.com\/wp-content\/uploads\/2022\/10\/MILLANEL-INT.-1-4.jpg\" alt=\"\" class=\"wp-image-26387\"\/><\/figure><\/div>\n","protected":false},"excerpt":{"rendered":"<p>El gobierno nacional defini\u00f3 claramente su alianza con los empresarios y el c\u00edrculo del poder al intentar limitar el intento de los gremios -mediante las paritarias-de no seguir perdiendo el valor del salario. Tambi\u00e9n niega que los formadores de precios sean los responsables de la espiral inflacionaria y hace responsable de la misma a los [&hellip;]<\/p>\n","protected":false},"author":2,"featured_media":26496,"comment_status":"closed","ping_status":"open","sticky":false,"template":"","format":"standard","meta":{"footnotes":""},"categories":[9],"tags":[7921],"_links":{"self":[{"href":"https:\/\/agendadelsur.com\/index.php\/wp-json\/wp\/v2\/posts\/26494"}],"collection":[{"href":"https:\/\/agendadelsur.com\/index.php\/wp-json\/wp\/v2\/posts"}],"about":[{"href":"https:\/\/agendadelsur.com\/index.php\/wp-json\/wp\/v2\/types\/post"}],"author":[{"embeddable":true,"href":"https:\/\/agendadelsur.com\/index.php\/wp-json\/wp\/v2\/users\/2"}],"replies":[{"embeddable":true,"href":"https:\/\/agendadelsur.com\/index.php\/wp-json\/wp\/v2\/comments?post=26494"}],"version-history":[{"count":1,"href":"https:\/\/agendadelsur.com\/index.php\/wp-json\/wp\/v2\/posts\/26494\/revisions"}],"predecessor-version":[{"id":26497,"href":"https:\/\/agendadelsur.com\/index.php\/wp-json\/wp\/v2\/posts\/26494\/revisions\/26497"}],"wp:featuredmedia":[{"embeddable":true,"href":"https:\/\/agendadelsur.com\/index.php\/wp-json\/wp\/v2\/media\/26496"}],"wp:attachment":[{"href":"https:\/\/agendadelsur.com\/index.php\/wp-json\/wp\/v2\/media?parent=26494"}],"wp:term":[{"taxonomy":"category","embeddable":true,"href":"https:\/\/agendadelsur.com\/index.php\/wp-json\/wp\/v2\/categories?post=26494"},{"taxonomy":"post_tag","embeddable":true,"href":"https:\/\/agendadelsur.com\/index.php\/wp-json\/wp\/v2\/tags?post=26494"}],"curies":[{"name":"wp","href":"https:\/\/api.w.org\/{rel}","templated":true}]}}