{"id":2689,"date":"2020-06-20T14:34:32","date_gmt":"2020-06-20T14:34:32","guid":{"rendered":"https:\/\/agendadelsur.com\/?p=2689"},"modified":"2020-06-22T17:34:34","modified_gmt":"2020-06-22T17:34:34","slug":"manuel-belgrano","status":"publish","type":"post","link":"https:\/\/agendadelsur.com\/index.php\/2020\/06\/20\/manuel-belgrano\/","title":{"rendered":"Manuel Belgrano. Creador de la Bandera y Padre de la Patria"},"content":{"rendered":"\n<p><em>Un 20 de junio de 1820 mor\u00eda en total soledad y pobreza, el m\u00e1s claro, tenaz y honorable hombre de la Revoluci\u00f3n de Mayo.<\/em> El General Manuel Belgrano\u00a0 no era un militar de carrera, sino un abogado, economista, periodista y\u00a0 pol\u00edtico, \u00a0que hab\u00eda sido Secretario del Consulado durante la Colonia. Desde sus art\u00edculos en el peri\u00f3dico \u201cCorreo de Comercio\u201d impuls\u00f3 la necesidad\u00a0 de fortalecer el comercio interno, protegiendo y subvencionando las artesan\u00edas y las f\u00e1bricas locales\u00a0 para desarrollar la industria nacional: <em>\u00abLa importaci\u00f3n de mercanc\u00edas que impiden el consumo de las del pa\u00eds o que perjudican al progreso de sus manufacturas, lleva tras s\u00ed necesariamente la ruina de una naci\u00f3n\u00bb.<\/em> As\u00ed tambi\u00e9n fue un pionero en impulsar la educaci\u00f3n p\u00fablica y la ense\u00f1anza de oficios. Y propuso\u00a0 una incipiente reforma agraria para entregar tierras de cultivo a los sectores despose\u00eddos.<\/p>\n\n\n\n<p>Gracias a su influencia y a la de San Mart\u00edn en el Congreso de\nTucum\u00e1n de 1816, por fin, los diputados de las provincias decidieron declarar\nformalmente la Independencia.<\/p>\n\n\n\n<p>Un justo reconocimiento para \u00e9l ser\u00eda compartir junto a ese otro\ngrande, San Mart\u00edn, la distinci\u00f3n de Padre de la Patria.<\/p>\n\n\n\n<p><strong>La Creaci\u00f3n de la Bandera<\/strong><\/p>\n\n\n\n<p> Mientras en Buenos Aires se dirim\u00eda una disputa feroz entre porte\u00f1os y  provincianos y se disolv\u00eda la Junta Grande, expulsando de Buenos Aires a  los diputados provinciales a instancia de Bernardino Rivadavia, que  predominaba en el Primer Triunvirato, Manuel Belgrano era designado  Coronel del Regimiento de Patricios. <\/p>\n\n\n\n<p>Ante la amenaza de los realistas afianzados en Montevideo, que permanentemente\nasediaban con su escuadrilla fluvial las costas del Paran\u00e1 y el Uruguay,\nBelgrano fue designado para marchar hacia Rosario y construir, sobre sus barrancas,\nfortificaciones y bater\u00edas costaneras para la defensa del territorio. As\u00ed,\ncomenz\u00f3 la construcci\u00f3n de una bater\u00eda en las barrancas de dicha Villa a la que\ndenomin\u00f3 \u201cLibertad\u201d y otra, en una isla cercana, a la que bautiz\u00f3 \u201cIndependencia\u201d.<\/p>\n\n\n\n<p>Ante la inminente incursi\u00f3n de la escuadra realista, Belgrano, para\nelevar la moral de su tropa, decidi\u00f3 crear una escarapela azul\/celeste y blanca\npara que unificara a los soldados de la Patria y al mismo tiempo los\ndistinguiera del enemigo. El 13 de febrero 1812 pidi\u00f3 autorizaci\u00f3n al gobierno\nde Buenos Aires y el 23, habiendo recibido la aprobaci\u00f3n, en donde se le\nexpresa que ser\u00eda tomada como la Escarapela Nacional, Belgrano, entrega la\nInsignia a sus hombres y entusiasmado apuesta por m\u00e1s: el 27 de febrero, al inaugurar\nla segunda bater\u00eda \u201cIndependencia\u201d, iza una gran bandera con los mismos colores\nde la escarapela. Consumado el hecho lo comunica a Buenos Aires.<\/p>\n\n\n\n<p>Rivadavia recibe la noticia azorado, porque izar una bandera\nsignificaba una virtual \u201cdeclaraci\u00f3n de independencia\u201d y eso pod\u00eda quitarle\nprotagonismo en las negociaciones con Lord Strangford, embajador ingl\u00e9s\nafincado en R\u00edo de Janeiro y encargado de vigilar todo lo que suced\u00eda en el R\u00edo\nde la Plata y que tuviera importancia para los intereses del imperialismo\nBrit\u00e1nico. Inmediatamente, el gobierno de Buenos Aires orden\u00f3 a Belgrano que\nhiciese pasar el hecho por un rapto de entusiasmo, y que ocultar\u00e1 la bandera\ncuidadosamente. Sin embargo, cuando lleg\u00f3 esa comunicaci\u00f3n a Rosario, Belgrano\nya se encontraba camino a Jujuy para hacerse cargo del Ejercito del Norte, que\nacaba de perder para siempre el Alto Per\u00fa (hoy Bolivia).<\/p>\n\n\n\n<p>Al llegar a la Posta de Yatasto, a unos kil\u00f3metros de Tucum\u00e1n, se encuentra\ncon el Ej\u00e9rcito que viene en retirada y recibe una tropa de 1200 hombres, que\nviene desmoralizada, casi desarmada y mal alimentada. El trabajo de Belgrano\nser\u00e1 febril para poner en condiciones ese ej\u00e9rcito y poder marchar a mediados\nde mayo de 1812 hacia Jujuy, donde establece su cuartel general. All\u00ed festejar\u00e1\nel segundo aniversario de la Revoluci\u00f3n de Mayo. En la Catedral de la ciudad\nhace celebrar un Tedeum en donde el sacerdote Juan Ignacio Gorriti bendice la\nbandera nacional que luego es paseada y llevada al Cabildo con salvas de ca\u00f1ones.\nLuego, el patriota, ante la tropa formada en la Plaza Mayor y frente a nuestra\nbandera arengar\u00e1 a sus hombres con una verdadera declaraci\u00f3n de Independencia: <em>\u201c\u00a1Soldados, hijos dignos de la\npatria, camaradas m\u00edos! Dos a\u00f1os hace que por primera vez reson\u00f3 en estas\nregiones el grito de Libertad y \u00e9l continu\u00f3 propag\u00e1ndose hasta por las cavernas\nm\u00e1s rec\u00f3nditas de los Andes\u2026 El 25 de mayo ser\u00e1 para siempre memorable en los\nanales de nuestra historia y vosotros tendr\u00e9is un motivo m\u00e1s de recordarlo\ncuando veis en el, por primera vez, la bandera nacional en mis manos que ya nos\ndistingue de las dem\u00e1s naciones del globo\u2026 Esta gloria debemos sostenerla de un\nmodo digno con la uni\u00f3n, la constancia y exacto cumplimiento de nuestras\nobligaciones hacia Dios\u2026Jurad conmigo ejecutarlo as\u00ed y en prueba de ello repetid\n\u00a1Viva La Patria\u201d.<\/em><\/p>\n\n\n\n<p>Eran horas de encender el esp\u00edritu patriota en momentos en que se\nestaba presentando batalla al enemigo.<\/p>\n\n\n\n<p><em>Para Agenda\ndel Sur<\/em><\/p>\n\n\n\n<p><em>Laila\nLinares<\/em><\/p>\n","protected":false},"excerpt":{"rendered":"<p>Un 20 de junio de 1820 mor\u00eda en total soledad y pobreza, el m\u00e1s claro, tenaz y honorable hombre de la Revoluci\u00f3n de Mayo. El General Manuel Belgrano\u00a0 no era un militar de carrera, sino un abogado, economista, periodista y\u00a0 pol\u00edtico, \u00a0que hab\u00eda sido Secretario del Consulado durante la Colonia. Desde sus art\u00edculos en el [&hellip;]<\/p>\n","protected":false},"author":2,"featured_media":2690,"comment_status":"closed","ping_status":"open","sticky":false,"template":"","format":"standard","meta":{"footnotes":""},"categories":[16,9],"tags":[694,692,693],"_links":{"self":[{"href":"https:\/\/agendadelsur.com\/index.php\/wp-json\/wp\/v2\/posts\/2689"}],"collection":[{"href":"https:\/\/agendadelsur.com\/index.php\/wp-json\/wp\/v2\/posts"}],"about":[{"href":"https:\/\/agendadelsur.com\/index.php\/wp-json\/wp\/v2\/types\/post"}],"author":[{"embeddable":true,"href":"https:\/\/agendadelsur.com\/index.php\/wp-json\/wp\/v2\/users\/2"}],"replies":[{"embeddable":true,"href":"https:\/\/agendadelsur.com\/index.php\/wp-json\/wp\/v2\/comments?post=2689"}],"version-history":[{"count":3,"href":"https:\/\/agendadelsur.com\/index.php\/wp-json\/wp\/v2\/posts\/2689\/revisions"}],"predecessor-version":[{"id":2705,"href":"https:\/\/agendadelsur.com\/index.php\/wp-json\/wp\/v2\/posts\/2689\/revisions\/2705"}],"wp:featuredmedia":[{"embeddable":true,"href":"https:\/\/agendadelsur.com\/index.php\/wp-json\/wp\/v2\/media\/2690"}],"wp:attachment":[{"href":"https:\/\/agendadelsur.com\/index.php\/wp-json\/wp\/v2\/media?parent=2689"}],"wp:term":[{"taxonomy":"category","embeddable":true,"href":"https:\/\/agendadelsur.com\/index.php\/wp-json\/wp\/v2\/categories?post=2689"},{"taxonomy":"post_tag","embeddable":true,"href":"https:\/\/agendadelsur.com\/index.php\/wp-json\/wp\/v2\/tags?post=2689"}],"curies":[{"name":"wp","href":"https:\/\/api.w.org\/{rel}","templated":true}]}}