{"id":27245,"date":"2022-11-11T00:53:38","date_gmt":"2022-11-11T03:53:38","guid":{"rendered":"https:\/\/agendadelsur.com\/?p=27245"},"modified":"2022-11-11T00:53:39","modified_gmt":"2022-11-11T03:53:39","slug":"a-150-anos-de-el-gaucho-martin-fierro","status":"publish","type":"post","link":"https:\/\/agendadelsur.com\/index.php\/2022\/11\/11\/a-150-anos-de-el-gaucho-martin-fierro\/","title":{"rendered":"A 150 a\u00f1os de \u201cEl Gaucho Mart\u00edn Fierro\u201d"},"content":{"rendered":"\n<h5 class=\"has-text-color wp-block-heading\" style=\"color:#f5090d\">El Instituto Cultural de la Provincia de Buenos Aires presentar\u00e1 una exposici\u00f3n bajo el nombre \u201cVigencia Fierro. 150 a\u00f1os\u201d, en torno al poema narrativo \u201cEl Gaucho Mart\u00edn Fierro\u201d escrito por Jos\u00e9 Hern\u00e1ndez y publicado en 1872.<\/h5>\n\n\n\n<div class=\"wp-block-image\"><figure class=\"aligncenter size-full is-resized\"><img loading=\"lazy\" decoding=\"async\" src=\"https:\/\/agendadelsur.com\/wp-content\/uploads\/2022\/11\/mf.jpg\" alt=\"\" class=\"wp-image-27246\" width=\"534\" height=\"366\" srcset=\"https:\/\/agendadelsur.com\/wp-content\/uploads\/2022\/11\/mf.jpg 700w, https:\/\/agendadelsur.com\/wp-content\/uploads\/2022\/11\/mf-300x206.jpg 300w\" sizes=\"(max-width: 534px) 100vw, 534px\" \/><\/figure><\/div>\n\n\n\n<p>En el marco del D\u00eda de la Tradici\u00f3n, la muestra comenzar\u00e1 el jueves 10 de noviembre a las 17:30 en la sala Pettoruti del Centro Provincial de las Artes Teatro Argentino (Av. 51 N\u00ba 702) y contar\u00e1 con una mesa de apertura moderada por la presidenta del Instituto Cultural de la Provincia de Buenos Aires, Florencia Saintout. Los expositores ser\u00e1n el escritor Eduardo Jozami, la novelista Alejandra Laera, el poeta Oscar Fari\u00f1a. El actor Juan Palomino ser\u00e1 el encargado de leer fragmentos de \u201cEl Gaucho Mart\u00edn Fierro\u201d y, la performer estar\u00e1 a cargo de LeGon.<\/p>\n\n\n\n<p>La exposici\u00f3n se llevar\u00e1 a cabo hasta el lunes 28 de noviembre, de martes a domingos de 16:00 a 19:00, y participar\u00e1 tambi\u00e9n de \u201cUna Noche en los Museos\u201d, el s\u00e1bado 12 de noviembre.<\/p>\n\n\n\n<p>\u201cVigencia Martin Fierro\u201d, organizada por el Archivo Hist\u00f3rico de la Provincia \u201cDr. Ricardo Levene\u201d, exhibe los manuscritos originales de La vuelta de Mart\u00edn Fierro, junto a documentos vinculados a Jos\u00e9 Hern\u00e1ndez. Acompa\u00f1ar\u00e1n la exposici\u00f3n vol\u00famenes del Mart\u00edn Fierro correspondientes a la Biblioteca Central de la Provincia, colecciones del Complejo Museogr\u00e1fico Provincial \u201cEnrique Udaondo\u201d y obras del Museo Provincial de Bellas Artes Emilio Pettoruti, junto a escenograf\u00edas, proyecciones y bandas sonoras.<\/p>\n\n\n\n<p>A pesar de que ya hab\u00eda otros escritores que dieron comienzo al g\u00e9nero de la literatura gauchesca, como Bartolom\u00e9 Hidalgo, Hilario Ascasubi o Estanislao del Campo, fue la obra El gaucho Mart\u00edn Fierro de Hern\u00e1ndez la que logr\u00f3 posicionarse en la cumbre de la literatura argentina.<\/p>\n\n\n\n<p>\u201cEn esta obra que consta de dos partes, Hern\u00e1ndez introdujo como protagonista al gaucho payador Mart\u00edn, quien fue obligado a incorporarse al ej\u00e9rcito por parte de quienes menospreciaban su existencia, al igual que la del indio. De este modo, v\u00edctima de la opresi\u00f3n y la injusticia, Mart\u00edn huye para convertirse en un gaucho matrero, fuera de la Ley\u201d, se\u00f1alaron los organizadores de la propuesta.<\/p>\n\n\n\n<p>\u201cEn sus p\u00e1ginas, el autor expres\u00f3 la vida del gaucho en el pa\u00eds, su estilo de vida, costumbres y su m\u00e1s profunda cosmovisi\u00f3n, inmortaliz\u00e1ndola con notables versos que se perpet\u00faan a lo largo y ancho del pa\u00eds\u201d, completaron,<\/p>\n\n\n\n<p>El D\u00eda de la Tradici\u00f3n se celebra en homenaje al nacimiento de Jos\u00e9 Hern\u00e1ndez, el 10 de noviembre de 1834. Se hizo oficial en 1939, cuando el Congreso aprob\u00f3 la Ley N.\u00ba 4756, cuyos autores -Edgardo J. M\u00edguenz y Atilio Roncoroni- reconocieron el pedido de la Agrupaci\u00f3n Bases, que expresaba las ideas del periodista y poeta costumbrista Francisco Timpone, para homenajear y celebrar las tradiciones gauchas en la provincia de Buenos Aires.<\/p>\n\n\n\n<p>Fuente: Prensa Gobierno de la Provincia de Buenos Aires<\/p>\n\n\n\n<div class=\"wp-block-image\"><figure class=\"aligncenter size-full\"><img loading=\"lazy\" decoding=\"async\" width=\"300\" height=\"300\" src=\"https:\/\/agendadelsur.com\/wp-content\/uploads\/2022\/11\/Agregar-un-titulo.png\" alt=\"\" class=\"wp-image-27241\" srcset=\"https:\/\/agendadelsur.com\/wp-content\/uploads\/2022\/11\/Agregar-un-titulo.png 300w, https:\/\/agendadelsur.com\/wp-content\/uploads\/2022\/11\/Agregar-un-titulo-150x150.png 150w\" sizes=\"(max-width: 300px) 100vw, 300px\" \/><\/figure><\/div>\n\n\n\n<div class=\"wp-block-image\"><figure class=\"aligncenter size-full\"><img loading=\"lazy\" decoding=\"async\" width=\"300\" height=\"300\" src=\"https:\/\/agendadelsur.com\/wp-content\/uploads\/2022\/11\/AVISO-TOTAL-JUBILACION-ANTICIPADA.jpg\" alt=\"\" class=\"wp-image-27242\" srcset=\"https:\/\/agendadelsur.com\/wp-content\/uploads\/2022\/11\/AVISO-TOTAL-JUBILACION-ANTICIPADA.jpg 300w, https:\/\/agendadelsur.com\/wp-content\/uploads\/2022\/11\/AVISO-TOTAL-JUBILACION-ANTICIPADA-150x150.jpg 150w\" sizes=\"(max-width: 300px) 100vw, 300px\" \/><\/figure><\/div>\n","protected":false},"excerpt":{"rendered":"<p>El Instituto Cultural de la Provincia de Buenos Aires presentar\u00e1 una exposici\u00f3n bajo el nombre \u201cVigencia Fierro. 150 a\u00f1os\u201d, en torno al poema narrativo \u201cEl Gaucho Mart\u00edn Fierro\u201d escrito por Jos\u00e9 Hern\u00e1ndez y publicado en 1872. En el marco del D\u00eda de la Tradici\u00f3n, la muestra comenzar\u00e1 el jueves 10 de noviembre a las 17:30 [&hellip;]<\/p>\n","protected":false},"author":2,"featured_media":27246,"comment_status":"closed","ping_status":"open","sticky":false,"template":"","format":"standard","meta":{"footnotes":""},"categories":[1419],"tags":[8151,8150,6508],"_links":{"self":[{"href":"https:\/\/agendadelsur.com\/index.php\/wp-json\/wp\/v2\/posts\/27245"}],"collection":[{"href":"https:\/\/agendadelsur.com\/index.php\/wp-json\/wp\/v2\/posts"}],"about":[{"href":"https:\/\/agendadelsur.com\/index.php\/wp-json\/wp\/v2\/types\/post"}],"author":[{"embeddable":true,"href":"https:\/\/agendadelsur.com\/index.php\/wp-json\/wp\/v2\/users\/2"}],"replies":[{"embeddable":true,"href":"https:\/\/agendadelsur.com\/index.php\/wp-json\/wp\/v2\/comments?post=27245"}],"version-history":[{"count":1,"href":"https:\/\/agendadelsur.com\/index.php\/wp-json\/wp\/v2\/posts\/27245\/revisions"}],"predecessor-version":[{"id":27247,"href":"https:\/\/agendadelsur.com\/index.php\/wp-json\/wp\/v2\/posts\/27245\/revisions\/27247"}],"wp:featuredmedia":[{"embeddable":true,"href":"https:\/\/agendadelsur.com\/index.php\/wp-json\/wp\/v2\/media\/27246"}],"wp:attachment":[{"href":"https:\/\/agendadelsur.com\/index.php\/wp-json\/wp\/v2\/media?parent=27245"}],"wp:term":[{"taxonomy":"category","embeddable":true,"href":"https:\/\/agendadelsur.com\/index.php\/wp-json\/wp\/v2\/categories?post=27245"},{"taxonomy":"post_tag","embeddable":true,"href":"https:\/\/agendadelsur.com\/index.php\/wp-json\/wp\/v2\/tags?post=27245"}],"curies":[{"name":"wp","href":"https:\/\/api.w.org\/{rel}","templated":true}]}}