{"id":27398,"date":"2022-11-15T00:16:50","date_gmt":"2022-11-15T03:16:50","guid":{"rendered":"https:\/\/agendadelsur.com\/?p=27398"},"modified":"2022-11-15T00:16:51","modified_gmt":"2022-11-15T03:16:51","slug":"expo-escuelas-tecnicas-2022","status":"publish","type":"post","link":"https:\/\/agendadelsur.com\/index.php\/2022\/11\/15\/expo-escuelas-tecnicas-2022\/","title":{"rendered":"\u201cExpo Escuelas T\u00e9cnicas 2022\u201d"},"content":{"rendered":"\n<h5 class=\"has-text-color wp-block-heading\" style=\"color:#ff060a\">A partir del mi\u00e9rcoles 16 de noviembre y hasta el viernes 18, llega la oportunidad de conocer todo el trabajo pedag\u00f3gico anual e institucional realizado por lxs alumnxs de las nueve escuelas t\u00e9cnicas de nuestra ciudad. Tambi\u00e9n se presentar\u00e1n los Centros de Formaci\u00f3n Laboral de las escuelas de educaci\u00f3n especial con sus proyectos. Se desarrollar\u00e1 en el Parque La Estaci\u00f3n con entrada libre y gratuita.<\/h5>\n\n\n\n<div class=\"wp-block-image\"><figure class=\"aligncenter size-full is-resized\"><img loading=\"lazy\" decoding=\"async\" src=\"https:\/\/agendadelsur.com\/wp-content\/uploads\/2022\/11\/314582127_513373160832897_3789507399829502514_n.jpg\" alt=\"\" class=\"wp-image-27399\" width=\"324\" height=\"222\" srcset=\"https:\/\/agendadelsur.com\/wp-content\/uploads\/2022\/11\/314582127_513373160832897_3789507399829502514_n.jpg 700w, https:\/\/agendadelsur.com\/wp-content\/uploads\/2022\/11\/314582127_513373160832897_3789507399829502514_n-300x206.jpg 300w\" sizes=\"(max-width: 324px) 100vw, 324px\" \/><\/figure><\/div>\n\n\n\n<p>Lxs chicxs de los sextos grados de escuelas primarias tendr\u00e1n la posibilidad de recorrer la exposici\u00f3n para descubrir nuevas opciones para continuar con sus estudios.<\/p>\n\n\n\n<p>Mi\u00e9rcoles, jueves y viernes de 9 a 17 hs en G\u00fcemes 700. Avellaneda.<\/p>\n\n\n\n<div class=\"wp-block-image\"><figure class=\"aligncenter size-full\"><img loading=\"lazy\" decoding=\"async\" width=\"300\" height=\"250\" src=\"https:\/\/agendadelsur.com\/wp-content\/uploads\/2022\/11\/VITALAB-AAABBB-1.jpg\" alt=\"\" class=\"wp-image-27345\"\/><\/figure><\/div>\n\n\n\n<div class=\"wp-block-image\"><figure class=\"aligncenter size-full\"><img loading=\"lazy\" decoding=\"async\" width=\"300\" height=\"250\" src=\"https:\/\/agendadelsur.com\/wp-content\/uploads\/2022\/11\/aviso-roman-1.jpg\" alt=\"\" class=\"wp-image-27234\"\/><\/figure><\/div>\n","protected":false},"excerpt":{"rendered":"<p>A partir del mi\u00e9rcoles 16 de noviembre y hasta el viernes 18, llega la oportunidad de conocer todo el trabajo pedag\u00f3gico anual e institucional realizado por lxs alumnxs de las nueve escuelas t\u00e9cnicas de nuestra ciudad. Tambi\u00e9n se presentar\u00e1n los Centros de Formaci\u00f3n Laboral de las escuelas de educaci\u00f3n especial con sus proyectos. Se desarrollar\u00e1 [&hellip;]<\/p>\n","protected":false},"author":2,"featured_media":27399,"comment_status":"closed","ping_status":"open","sticky":false,"template":"","format":"standard","meta":{"footnotes":""},"categories":[4],"tags":[8198,8199],"_links":{"self":[{"href":"https:\/\/agendadelsur.com\/index.php\/wp-json\/wp\/v2\/posts\/27398"}],"collection":[{"href":"https:\/\/agendadelsur.com\/index.php\/wp-json\/wp\/v2\/posts"}],"about":[{"href":"https:\/\/agendadelsur.com\/index.php\/wp-json\/wp\/v2\/types\/post"}],"author":[{"embeddable":true,"href":"https:\/\/agendadelsur.com\/index.php\/wp-json\/wp\/v2\/users\/2"}],"replies":[{"embeddable":true,"href":"https:\/\/agendadelsur.com\/index.php\/wp-json\/wp\/v2\/comments?post=27398"}],"version-history":[{"count":1,"href":"https:\/\/agendadelsur.com\/index.php\/wp-json\/wp\/v2\/posts\/27398\/revisions"}],"predecessor-version":[{"id":27400,"href":"https:\/\/agendadelsur.com\/index.php\/wp-json\/wp\/v2\/posts\/27398\/revisions\/27400"}],"wp:featuredmedia":[{"embeddable":true,"href":"https:\/\/agendadelsur.com\/index.php\/wp-json\/wp\/v2\/media\/27399"}],"wp:attachment":[{"href":"https:\/\/agendadelsur.com\/index.php\/wp-json\/wp\/v2\/media?parent=27398"}],"wp:term":[{"taxonomy":"category","embeddable":true,"href":"https:\/\/agendadelsur.com\/index.php\/wp-json\/wp\/v2\/categories?post=27398"},{"taxonomy":"post_tag","embeddable":true,"href":"https:\/\/agendadelsur.com\/index.php\/wp-json\/wp\/v2\/tags?post=27398"}],"curies":[{"name":"wp","href":"https:\/\/api.w.org\/{rel}","templated":true}]}}