{"id":28128,"date":"2022-12-01T22:16:47","date_gmt":"2022-12-02T01:16:47","guid":{"rendered":"https:\/\/agendadelsur.com\/?p=28128"},"modified":"2022-12-01T22:17:49","modified_gmt":"2022-12-02T01:17:49","slug":"el-estado-en-tu-barrio-2","status":"publish","type":"post","link":"https:\/\/agendadelsur.com\/index.php\/2022\/12\/01\/el-estado-en-tu-barrio-2\/","title":{"rendered":"\u201cEl Estado en tu barrio\u201d"},"content":{"rendered":"\n<h5 class=\"has-text-color wp-block-heading\" style=\"color:#f2060a\">El programa -que acerca en forma gratuita y \u00e1gil servicios y prestaciones a cada rinc\u00f3n del pa\u00eds- se hace presente en Chaco, Misiones, Tucum\u00e1n, La Rioja y Ciudad de Buenos Aires<\/h5>\n\n\n\n<div class=\"wp-block-image\"><figure class=\"aligncenter size-full is-resized\"><img decoding=\"async\" src=\"https:\/\/agendadelsur.com\/wp-content\/uploads\/2022\/12\/1817-1024-2.jpg\" alt=\"\" class=\"wp-image-28129\" width=\"-47\" height=\"-31\" srcset=\"https:\/\/agendadelsur.com\/wp-content\/uploads\/2022\/12\/1817-1024-2.jpg 700w, https:\/\/agendadelsur.com\/wp-content\/uploads\/2022\/12\/1817-1024-2-300x206.jpg 300w\" sizes=\"(max-width: 700px) 100vw, 700px\" \/><\/figure><\/div>\n\n\n\n<p>El programa \u201cEl Estado en tu barrio\u201d desarrollar\u00e1 en los pr\u00f3ximos d\u00edas acciones territoriales en las provincias de Chaco, Misiones, Tucum\u00e1n, La Rioja y en la Ciudad Aut\u00f3noma de Buenos Aires, donde las y los habitantes podr\u00e1n realizar tr\u00e1mites, acceder a prestaciones de salud y recibir asesoramiento jur\u00eddico, entre otras actividades.<\/p>\n\n\n\n<p>El programa facilita la articulaci\u00f3n entre los organismos nacionales y locales para desplegar distintas acciones territoriales: acceso a tr\u00e1mites, prestaciones de salud, asesoramiento legal y psicol\u00f3gico, capacitaciones, actividades culturales, deportivas y ferias de productos populares.<\/p>\n\n\n\n<p>En cuanto a las prestaciones sanitarias, las y los profesionales de salud de \u201cEl Estado en tu barrio\u201d aplican a la poblaci\u00f3n las vacunas incluidas en el Calendario Oficial y tambi\u00e9n contra el Covid-19.<\/p>\n\n\n\n<figure class=\"wp-block-gallery columns-2 is-cropped wp-block-gallery-1 is-layout-flex wp-block-gallery-is-layout-flex\"><ul class=\"blocks-gallery-grid\"><li class=\"blocks-gallery-item\"><figure><img loading=\"lazy\" decoding=\"async\" width=\"700\" height=\"480\" src=\"https:\/\/agendadelsur.com\/wp-content\/uploads\/2022\/12\/1817-1024.jpg\" alt=\"\" data-id=\"28130\" data-link=\"https:\/\/agendadelsur.com\/?attachment_id=28130\" class=\"wp-image-28130\" srcset=\"https:\/\/agendadelsur.com\/wp-content\/uploads\/2022\/12\/1817-1024.jpg 700w, https:\/\/agendadelsur.com\/wp-content\/uploads\/2022\/12\/1817-1024-300x206.jpg 300w\" sizes=\"(max-width: 700px) 100vw, 700px\" \/><\/figure><\/li><li class=\"blocks-gallery-item\"><figure><img loading=\"lazy\" decoding=\"async\" width=\"700\" height=\"480\" src=\"https:\/\/agendadelsur.com\/wp-content\/uploads\/2022\/12\/1816-1024.jpg\" alt=\"\" data-id=\"28131\" data-full-url=\"https:\/\/agendadelsur.com\/wp-content\/uploads\/2022\/12\/1816-1024.jpg\" data-link=\"https:\/\/agendadelsur.com\/?attachment_id=28131\" class=\"wp-image-28131\" srcset=\"https:\/\/agendadelsur.com\/wp-content\/uploads\/2022\/12\/1816-1024.jpg 700w, https:\/\/agendadelsur.com\/wp-content\/uploads\/2022\/12\/1816-1024-300x206.jpg 300w\" sizes=\"(max-width: 700px) 100vw, 700px\" \/><\/figure><\/li><\/ul><\/figure>\n\n\n\n<p>A continuaci\u00f3n, se informa el detalle de los lugares y horarios donde se desarrollar\u00e1n las acciones del programa:<\/p>\n\n\n\n<p>\u25cf2\/12 &#8211; Recoleta, Ciudad de Buenos Aires &#8211; Plaza Monse\u00f1or de Andrea, Tom\u00e1s de Anchorena 901, Comuna 2, de 9 a 14 horas.<\/p>\n\n\n\n<p>\u25cf2\/12 &#8211; Resistencia, Provincia de Chaco &#8211; Carlos Tejedor y \u00c1lvarez Thomas, Barrio Provincias Unidas, de 16 a 20 horas.<\/p>\n\n\n\n<p>\u25cf 2\/12 &#8211; San Miguel de Tucum\u00e1n, Provincia de Tucum\u00e1n &#8211; Av. Martin Berho 1075, Barrio Santa Rosa de Lima, de 8:30 a 12:30 horas.<\/p>\n\n\n\n<p>\u25cf 5\/12 &#8211; Puerto Vilelas, Provincia de Chaco &#8211; Av. Jujuy S\/N, Barrio Villa Forestaci\u00f3n y Forestaci\u00f3n Sur, de 8:30 a 11:30 horas.<\/p>\n\n\n\n<p>\u25cf 6\/12 &#8211; Puerto Vilelas, Provincia de Chaco &#8211; Juan Manuel de Rosas y Democracia, Barrio lote 23, de 8:30 a 11:30 horas.<\/p>\n\n\n\n<p>\u25cf 6\/12 &#8211; Constituci\u00f3n, Ciudad de Buenos Aires &#8211; Plaza Constituci\u00f3n, Lima 1500, Comuna 1, de 9 a 14 horas.<\/p>\n\n\n\n<p>\u25cf 7\/12 &#8211; La Rioja, Provincia de La Rioja &#8211; Juramento y Base Esperanza, Barrio Luis Beder Herrera, de 8 a 13 horas.<\/p>\n\n\n\n<p>\u25cf 7\/12 &#8211; Puerto Vilelas, Provincia de Chaco &#8211; R\u00edo Paran\u00e1 S\/N, Canchita Sala Fileteo, Barrio 3 Bocas, de 17:30 a 20 horas.<\/p>\n\n\n\n<p>\u25cf 7\/12 &#8211; Puerto Leoni, Provincia de Misiones &#8211; Plaza 14 de Julio, de 9 a 13 horas.<\/p>\n\n\n\n<p>\u25cf 7\/12 &#8211; San Crist\u00f3bal, Ciudad de Buenos Aires &#8211; Plaza Mart\u00edn Fierro, La Rioja 1243, Comuna 3, de 9 a 14 horas.<\/p>\n\n\n\n<p>Fuente: Jefatura de Gabinte<\/p>\n\n\n\n<div class=\"wp-block-image\"><figure class=\"aligncenter size-full\"><img loading=\"lazy\" decoding=\"async\" width=\"300\" height=\"250\" src=\"https:\/\/agendadelsur.com\/wp-content\/uploads\/2022\/11\/VITALAB-AAABBB-4.jpg\" alt=\"\" class=\"wp-image-27980\"\/><\/figure><\/div>\n\n\n\n<div class=\"wp-block-image\"><figure class=\"aligncenter size-full\"><img loading=\"lazy\" decoding=\"async\" width=\"676\" height=\"221\" src=\"https:\/\/agendadelsur.com\/wp-content\/uploads\/2022\/12\/avisos-banner-PRIVAMED.jpg\" alt=\"\" class=\"wp-image-28134\" srcset=\"https:\/\/agendadelsur.com\/wp-content\/uploads\/2022\/12\/avisos-banner-PRIVAMED.jpg 676w, https:\/\/agendadelsur.com\/wp-content\/uploads\/2022\/12\/avisos-banner-PRIVAMED-300x98.jpg 300w\" sizes=\"(max-width: 676px) 100vw, 676px\" \/><\/figure><\/div>\n","protected":false},"excerpt":{"rendered":"<p>El programa -que acerca en forma gratuita y \u00e1gil servicios y prestaciones a cada rinc\u00f3n del pa\u00eds- se hace presente en Chaco, Misiones, Tucum\u00e1n, La Rioja y Ciudad de Buenos Aires El programa \u201cEl Estado en tu barrio\u201d desarrollar\u00e1 en los pr\u00f3ximos d\u00edas acciones territoriales en las provincias de Chaco, Misiones, Tucum\u00e1n, La Rioja y [&hellip;]<\/p>\n","protected":false},"author":2,"featured_media":28132,"comment_status":"closed","ping_status":"open","sticky":false,"template":"","format":"standard","meta":{"footnotes":""},"categories":[9],"tags":[8387],"_links":{"self":[{"href":"https:\/\/agendadelsur.com\/index.php\/wp-json\/wp\/v2\/posts\/28128"}],"collection":[{"href":"https:\/\/agendadelsur.com\/index.php\/wp-json\/wp\/v2\/posts"}],"about":[{"href":"https:\/\/agendadelsur.com\/index.php\/wp-json\/wp\/v2\/types\/post"}],"author":[{"embeddable":true,"href":"https:\/\/agendadelsur.com\/index.php\/wp-json\/wp\/v2\/users\/2"}],"replies":[{"embeddable":true,"href":"https:\/\/agendadelsur.com\/index.php\/wp-json\/wp\/v2\/comments?post=28128"}],"version-history":[{"count":2,"href":"https:\/\/agendadelsur.com\/index.php\/wp-json\/wp\/v2\/posts\/28128\/revisions"}],"predecessor-version":[{"id":28136,"href":"https:\/\/agendadelsur.com\/index.php\/wp-json\/wp\/v2\/posts\/28128\/revisions\/28136"}],"wp:featuredmedia":[{"embeddable":true,"href":"https:\/\/agendadelsur.com\/index.php\/wp-json\/wp\/v2\/media\/28132"}],"wp:attachment":[{"href":"https:\/\/agendadelsur.com\/index.php\/wp-json\/wp\/v2\/media?parent=28128"}],"wp:term":[{"taxonomy":"category","embeddable":true,"href":"https:\/\/agendadelsur.com\/index.php\/wp-json\/wp\/v2\/categories?post=28128"},{"taxonomy":"post_tag","embeddable":true,"href":"https:\/\/agendadelsur.com\/index.php\/wp-json\/wp\/v2\/tags?post=28128"}],"curies":[{"name":"wp","href":"https:\/\/api.w.org\/{rel}","templated":true}]}}