{"id":28140,"date":"2022-12-01T23:06:22","date_gmt":"2022-12-02T02:06:22","guid":{"rendered":"https:\/\/agendadelsur.com\/?p=28140"},"modified":"2022-12-01T23:06:32","modified_gmt":"2022-12-02T02:06:32","slug":"continua-el-paro-de-los-trabajadores-del-hospital-posadas","status":"publish","type":"post","link":"https:\/\/agendadelsur.com\/index.php\/2022\/12\/01\/continua-el-paro-de-los-trabajadores-del-hospital-posadas\/","title":{"rendered":"Continua el paro de los trabajadores del Hospital Posadas"},"content":{"rendered":"\n<h5 class=\"has-text-color wp-block-heading\" style=\"color:#ee0004\">Los trabajadores del cumplieron el segundo d\u00eda del paro de 96 horas iniciado el mi\u00e9rcoles en demanda de una inmediata recomposici\u00f3n salarial y en rechazo de por la ausencia de respuestas a sus reclamos. Tambi\u00e9n llevaron a cabo un corte en el Acceso Oeste a la altura del centro asistencial, inform\u00f3 la agencia T\u00e9lam.<\/h5>\n\n\n\n<div class=\"wp-block-image\"><figure class=\"aligncenter size-large is-resized\"><img decoding=\"async\" src=\"https:\/\/agendadelsur.com\/wp-content\/uploads\/2022\/12\/hospital-posadas-1024x576.jpg\" alt=\"\" class=\"wp-image-28141\" width=\"-184\" height=\"-103\" srcset=\"https:\/\/agendadelsur.com\/wp-content\/uploads\/2022\/12\/hospital-posadas-1024x576.jpg 1024w, https:\/\/agendadelsur.com\/wp-content\/uploads\/2022\/12\/hospital-posadas-300x169.jpg 300w, https:\/\/agendadelsur.com\/wp-content\/uploads\/2022\/12\/hospital-posadas-768x432.jpg 768w, https:\/\/agendadelsur.com\/wp-content\/uploads\/2022\/12\/hospital-posadas.jpg 1300w\" sizes=\"(max-width: 1024px) 100vw, 1024px\" \/><\/figure><\/div>\n\n\n\n<p>La protesta y el corte comenz\u00f3 a las 9, en la localidad bonaerense de El Palomar, y cuenta con el respaldo de la Asociaci\u00f3n Sindical de Profesionales de la Salud (Cicop) p\u00fablica bonaerense y del Movimiento Autoconvocado, en reclamo de \u00abun 100% de recomposici\u00f3n salarial, bono de $100 mil, que ning\u00fan trabajador de la salud cobre menos de la canasta familiar\u00bb.<\/p>\n\n\n\n<p>Entre las exigencias tambi\u00e9n se incluyen &#8220;el pago de los ingresos adeudados a residentes del Posadas y pleno cumplimiento del reglamento de residentes bonaerenses, salario y derechos para los becarios&#8221;.<\/p>\n\n\n\n<p>Adem\u00e1s, la Cipoc realiz\u00f3 este jueves un paro en los hospitales de la provincia de Buenos Aires en reclamo de &#8220;recomposici\u00f3n salarial en salud, aprobaci\u00f3n del proyecto de pase de Ley 10.430 a 10.471, por pase a planta de todos los becarios y becarias, contra el Impuesto a las Ganancias, por la extensi\u00f3n del Desgaste Laboral a los municipios, y en rechazo al cobro mediante el Monotributo&#8221;.<\/p>\n\n\n\n<p>Adem\u00e1s, desde el gremio anunciaron que realizar\u00e1n una nueva medida de fuerza el pr\u00f3ximo mi\u00e9rcoles 7 de diciembre que incluir\u00e1 acciones &#8220;locales y regionales&#8221;.<\/p>\n\n\n\n<p>La protesta en el Posadas es respaldada tambi\u00e9n por la Federaci\u00f3n Sindical de Profesionales de la Salud (Fesprosa) que, ma\u00f1ana encabezar\u00e1 &#8220;una jornada nacional de lucha&#8221;.<\/p>\n\n\n\n<p>Fuente: Tiempo Argentino<\/p>\n\n\n\n<div class=\"wp-block-image\"><figure class=\"aligncenter size-full\"><img loading=\"lazy\" decoding=\"async\" width=\"300\" height=\"250\" src=\"https:\/\/agendadelsur.com\/wp-content\/uploads\/2022\/12\/VITALAB-AAABBB.jpg\" alt=\"\" class=\"wp-image-28143\"\/><\/figure><\/div>\n\n\n\n<div class=\"wp-block-image\"><figure class=\"aligncenter size-full\"><img loading=\"lazy\" decoding=\"async\" width=\"300\" height=\"250\" src=\"https:\/\/agendadelsur.com\/wp-content\/uploads\/2022\/12\/MILLANEL-INT.-1-1.jpg\" alt=\"\" class=\"wp-image-28144\"\/><\/figure><\/div>\n","protected":false},"excerpt":{"rendered":"<p>Los trabajadores del cumplieron el segundo d\u00eda del paro de 96 horas iniciado el mi\u00e9rcoles en demanda de una inmediata recomposici\u00f3n salarial y en rechazo de por la ausencia de respuestas a sus reclamos. Tambi\u00e9n llevaron a cabo un corte en el Acceso Oeste a la altura del centro asistencial, inform\u00f3 la agencia T\u00e9lam. La [&hellip;]<\/p>\n","protected":false},"author":2,"featured_media":28142,"comment_status":"closed","ping_status":"open","sticky":false,"template":"","format":"standard","meta":{"footnotes":""},"categories":[9],"tags":[8390,8391],"_links":{"self":[{"href":"https:\/\/agendadelsur.com\/index.php\/wp-json\/wp\/v2\/posts\/28140"}],"collection":[{"href":"https:\/\/agendadelsur.com\/index.php\/wp-json\/wp\/v2\/posts"}],"about":[{"href":"https:\/\/agendadelsur.com\/index.php\/wp-json\/wp\/v2\/types\/post"}],"author":[{"embeddable":true,"href":"https:\/\/agendadelsur.com\/index.php\/wp-json\/wp\/v2\/users\/2"}],"replies":[{"embeddable":true,"href":"https:\/\/agendadelsur.com\/index.php\/wp-json\/wp\/v2\/comments?post=28140"}],"version-history":[{"count":1,"href":"https:\/\/agendadelsur.com\/index.php\/wp-json\/wp\/v2\/posts\/28140\/revisions"}],"predecessor-version":[{"id":28145,"href":"https:\/\/agendadelsur.com\/index.php\/wp-json\/wp\/v2\/posts\/28140\/revisions\/28145"}],"wp:featuredmedia":[{"embeddable":true,"href":"https:\/\/agendadelsur.com\/index.php\/wp-json\/wp\/v2\/media\/28142"}],"wp:attachment":[{"href":"https:\/\/agendadelsur.com\/index.php\/wp-json\/wp\/v2\/media?parent=28140"}],"wp:term":[{"taxonomy":"category","embeddable":true,"href":"https:\/\/agendadelsur.com\/index.php\/wp-json\/wp\/v2\/categories?post=28140"},{"taxonomy":"post_tag","embeddable":true,"href":"https:\/\/agendadelsur.com\/index.php\/wp-json\/wp\/v2\/tags?post=28140"}],"curies":[{"name":"wp","href":"https:\/\/api.w.org\/{rel}","templated":true}]}}