{"id":28328,"date":"2022-12-07T14:40:59","date_gmt":"2022-12-07T17:40:59","guid":{"rendered":"https:\/\/agendadelsur.com\/?p=28328"},"modified":"2022-12-07T14:41:00","modified_gmt":"2022-12-07T17:41:00","slug":"discursos-de-odio-y-negacionismo-desde-la-dictadura-hasta-hoy","status":"publish","type":"post","link":"https:\/\/agendadelsur.com\/index.php\/2022\/12\/07\/discursos-de-odio-y-negacionismo-desde-la-dictadura-hasta-hoy\/","title":{"rendered":"&#8220;Discursos de odio y negacionismo. Desde la dictadura hasta hoy&#8221;"},"content":{"rendered":"\n<h5 class=\"has-text-color wp-block-heading\" style=\"color:#ff080c\">Es el tema del conversatorio del Ciclo de DDHH en clave de G\u00e9nero Nilda Eloy. Se llevar\u00e1 a cabo este mi\u00e9rcoles 7 a las 17 horas en el Auditorio del Parque La Estaci\u00f3n de Avellaneda. Se realizar\u00e1, en el marco de los 16 d\u00edas de activismo por el 25N D\u00eda Internacional de lucha contra las violencias por raz\u00f3n de g\u00e9nero.<\/h5>\n\n\n\n<div class=\"wp-block-image\"><figure class=\"aligncenter size-full is-resized\"><img decoding=\"async\" src=\"https:\/\/agendadelsur.com\/wp-content\/uploads\/2022\/12\/318180793_529289412574605_6836165886119651219_n.jpg\" alt=\"\" class=\"wp-image-28329\" width=\"-175\" height=\"-119\" srcset=\"https:\/\/agendadelsur.com\/wp-content\/uploads\/2022\/12\/318180793_529289412574605_6836165886119651219_n.jpg 700w, https:\/\/agendadelsur.com\/wp-content\/uploads\/2022\/12\/318180793_529289412574605_6836165886119651219_n-300x206.jpg 300w\" sizes=\"(max-width: 700px) 100vw, 700px\" \/><\/figure><\/div>\n\n\n\n<p>Participar\u00e1n la legisladora porte\u00f1a, Victoria Montenegro y la jefa de Gabinete, Magdalena Sierra.<\/p>\n\n\n\n<div class=\"wp-block-image\"><figure class=\"aligncenter size-full\"><img loading=\"lazy\" decoding=\"async\" width=\"300\" height=\"250\" src=\"https:\/\/agendadelsur.com\/wp-content\/uploads\/2022\/12\/agenda-del-sur-1.png\" alt=\"\" class=\"wp-image-28321\"\/><\/figure><\/div>\n\n\n\n<div class=\"wp-block-image\"><figure class=\"aligncenter size-full\"><img loading=\"lazy\" decoding=\"async\" width=\"300\" height=\"250\" src=\"https:\/\/agendadelsur.com\/wp-content\/uploads\/2022\/11\/MILLANEL-INT.-1-5.jpg\" alt=\"\" class=\"wp-image-27981\"\/><\/figure><\/div>\n","protected":false},"excerpt":{"rendered":"<p>Es el tema del conversatorio del Ciclo de DDHH en clave de G\u00e9nero Nilda Eloy. Se llevar\u00e1 a cabo este mi\u00e9rcoles 7 a las 17 horas en el Auditorio del Parque La Estaci\u00f3n de Avellaneda. Se realizar\u00e1, en el marco de los 16 d\u00edas de activismo por el 25N D\u00eda Internacional de lucha contra las [&hellip;]<\/p>\n","protected":false},"author":2,"featured_media":28329,"comment_status":"closed","ping_status":"open","sticky":false,"template":"","format":"standard","meta":{"footnotes":""},"categories":[4],"tags":[8460,8459,8461],"_links":{"self":[{"href":"https:\/\/agendadelsur.com\/index.php\/wp-json\/wp\/v2\/posts\/28328"}],"collection":[{"href":"https:\/\/agendadelsur.com\/index.php\/wp-json\/wp\/v2\/posts"}],"about":[{"href":"https:\/\/agendadelsur.com\/index.php\/wp-json\/wp\/v2\/types\/post"}],"author":[{"embeddable":true,"href":"https:\/\/agendadelsur.com\/index.php\/wp-json\/wp\/v2\/users\/2"}],"replies":[{"embeddable":true,"href":"https:\/\/agendadelsur.com\/index.php\/wp-json\/wp\/v2\/comments?post=28328"}],"version-history":[{"count":1,"href":"https:\/\/agendadelsur.com\/index.php\/wp-json\/wp\/v2\/posts\/28328\/revisions"}],"predecessor-version":[{"id":28330,"href":"https:\/\/agendadelsur.com\/index.php\/wp-json\/wp\/v2\/posts\/28328\/revisions\/28330"}],"wp:featuredmedia":[{"embeddable":true,"href":"https:\/\/agendadelsur.com\/index.php\/wp-json\/wp\/v2\/media\/28329"}],"wp:attachment":[{"href":"https:\/\/agendadelsur.com\/index.php\/wp-json\/wp\/v2\/media?parent=28328"}],"wp:term":[{"taxonomy":"category","embeddable":true,"href":"https:\/\/agendadelsur.com\/index.php\/wp-json\/wp\/v2\/categories?post=28328"},{"taxonomy":"post_tag","embeddable":true,"href":"https:\/\/agendadelsur.com\/index.php\/wp-json\/wp\/v2\/tags?post=28328"}],"curies":[{"name":"wp","href":"https:\/\/api.w.org\/{rel}","templated":true}]}}