{"id":28413,"date":"2022-12-09T19:36:56","date_gmt":"2022-12-09T22:36:56","guid":{"rendered":"https:\/\/agendadelsur.com\/?p=28413"},"modified":"2022-12-09T19:43:26","modified_gmt":"2022-12-09T22:43:26","slug":"gano-argentina-elimino-a-paises-bajos-y-es-semifinalista-del-mundial","status":"publish","type":"post","link":"https:\/\/agendadelsur.com\/index.php\/2022\/12\/09\/gano-argentina-elimino-a-paises-bajos-y-es-semifinalista-del-mundial\/","title":{"rendered":"!Gan\u00f3 Argentina!. Elimin\u00f3 a Pa\u00edses Bajos y es semifinalista del Mundial."},"content":{"rendered":"\n<h4 class=\"has-text-color wp-block-heading\" style=\"color:#fd0206\">Con un alto nivel juego con gran temple y personalidad, en un dram\u00e1tico partido la selecci\u00f3n nacional paso a los cuartos de final.&nbsp; Venci\u00f3 a los&nbsp; Pa\u00edses Bajos por 4 a 2 en la definici\u00f3n con tiros desde el punto del penal tras empatar 2 a 2 al cabo de los 90 minutos y los 30 de tiempo suplementario.<\/h4>\n\n\n\n<div class=\"wp-block-image\"><figure class=\"aligncenter size-full is-resized\"><img loading=\"lazy\" decoding=\"async\" src=\"https:\/\/agendadelsur.com\/wp-content\/uploads\/2022\/12\/10-3.jpg\" alt=\"\" class=\"wp-image-28414\" width=\"458\" height=\"289\"\/><\/figure><\/div>\n\n\n\n<p>El arquero Emiliano Mart\u00ednez fue decisivo en la tanda con sus tapadas en los dos primeros env\u00edos del capit\u00e1n Virgil Van Dijk y Steve Berghuis. Lautaro Mart\u00ednez sentenci\u00f3 el pase de ronda en la quinta y \u00faltima ejecuci\u00f3n del campe\u00f3n de Am\u00e9rica. Todos los jugadores demostraron su gran nivel y el esp\u00edritu de los campeones.<\/p>\n\n\n\n<p>El resumen del partido:<\/p>\n\n\n\n<figure class=\"wp-block-embed is-type-video is-provider-youtube wp-block-embed-youtube wp-embed-aspect-16-9 wp-has-aspect-ratio\"><div class=\"wp-block-embed__wrapper\">\n<div class=\"epyt-video-wrapper\"><iframe loading=\"lazy\"  id=\"_ytid_79113\"  width=\"640\" height=\"360\"  data-origwidth=\"640\" data-origheight=\"360\" src=\"https:\/\/www.youtube.com\/embed\/9cO1RVQLRUY?enablejsapi=1&#038;autoplay=0&#038;cc_load_policy=0&#038;cc_lang_pref=&#038;iv_load_policy=1&#038;loop=0&#038;rel=1&#038;fs=1&#038;playsinline=0&#038;autohide=2&#038;theme=dark&#038;color=red&#038;controls=1&#038;disablekb=0&#038;\" class=\"__youtube_prefs__  epyt-is-override  no-lazyload\" title=\"YouTube player\"  allow=\"fullscreen; accelerometer; autoplay; clipboard-write; encrypted-media; gyroscope; picture-in-picture; web-share\" referrerpolicy=\"strict-origin-when-cross-origin\" allowfullscreen data-no-lazy=\"1\" data-skipgform_ajax_framebjll=\"\"><\/iframe><\/div>\n<\/div><\/figure>\n\n\n\n<p>Foto portada : Maximiliano Luna \/ T\u00e9lam<\/p>\n\n\n\n<div class=\"wp-block-image\"><figure class=\"aligncenter size-full\"><img loading=\"lazy\" decoding=\"async\" width=\"300\" height=\"250\" src=\"https:\/\/agendadelsur.com\/wp-content\/uploads\/2022\/12\/VITALAB-AAABBB-2.jpg\" alt=\"\" class=\"wp-image-28392\"\/><\/figure><\/div>\n\n\n\n<div class=\"wp-block-image\"><figure class=\"aligncenter size-full\"><img loading=\"lazy\" decoding=\"async\" width=\"300\" height=\"250\" src=\"https:\/\/agendadelsur.com\/wp-content\/uploads\/2022\/12\/MILLANEL-INT.-1-2.jpg\" alt=\"\" class=\"wp-image-28393\"\/><\/figure><\/div>\n","protected":false},"excerpt":{"rendered":"<p>Con un alto nivel juego con gran temple y personalidad, en un dram\u00e1tico partido la selecci\u00f3n nacional paso a los cuartos de final.&nbsp; Venci\u00f3 a los&nbsp; Pa\u00edses Bajos por 4 a 2 en la definici\u00f3n con tiros desde el punto del penal tras empatar 2 a 2 al cabo de los 90 minutos y los [&hellip;]<\/p>\n","protected":false},"author":2,"featured_media":28415,"comment_status":"closed","ping_status":"open","sticky":false,"template":"","format":"standard","meta":{"footnotes":""},"categories":[9],"tags":[8491,8492,8493],"_links":{"self":[{"href":"https:\/\/agendadelsur.com\/index.php\/wp-json\/wp\/v2\/posts\/28413"}],"collection":[{"href":"https:\/\/agendadelsur.com\/index.php\/wp-json\/wp\/v2\/posts"}],"about":[{"href":"https:\/\/agendadelsur.com\/index.php\/wp-json\/wp\/v2\/types\/post"}],"author":[{"embeddable":true,"href":"https:\/\/agendadelsur.com\/index.php\/wp-json\/wp\/v2\/users\/2"}],"replies":[{"embeddable":true,"href":"https:\/\/agendadelsur.com\/index.php\/wp-json\/wp\/v2\/comments?post=28413"}],"version-history":[{"count":2,"href":"https:\/\/agendadelsur.com\/index.php\/wp-json\/wp\/v2\/posts\/28413\/revisions"}],"predecessor-version":[{"id":28417,"href":"https:\/\/agendadelsur.com\/index.php\/wp-json\/wp\/v2\/posts\/28413\/revisions\/28417"}],"wp:featuredmedia":[{"embeddable":true,"href":"https:\/\/agendadelsur.com\/index.php\/wp-json\/wp\/v2\/media\/28415"}],"wp:attachment":[{"href":"https:\/\/agendadelsur.com\/index.php\/wp-json\/wp\/v2\/media?parent=28413"}],"wp:term":[{"taxonomy":"category","embeddable":true,"href":"https:\/\/agendadelsur.com\/index.php\/wp-json\/wp\/v2\/categories?post=28413"},{"taxonomy":"post_tag","embeddable":true,"href":"https:\/\/agendadelsur.com\/index.php\/wp-json\/wp\/v2\/tags?post=28413"}],"curies":[{"name":"wp","href":"https:\/\/api.w.org\/{rel}","templated":true}]}}