{"id":28424,"date":"2022-12-10T01:43:00","date_gmt":"2022-12-10T04:43:00","guid":{"rendered":"https:\/\/agendadelsur.com\/?p=28424"},"modified":"2022-12-10T01:43:02","modified_gmt":"2022-12-10T04:43:02","slug":"egresaron-mas-de-2-500-internos-de-los-diferentes-niveles-educativos-del-servicio-penitenciario-bonaerense","status":"publish","type":"post","link":"https:\/\/agendadelsur.com\/index.php\/2022\/12\/10\/egresaron-mas-de-2-500-internos-de-los-diferentes-niveles-educativos-del-servicio-penitenciario-bonaerense\/","title":{"rendered":"Egresaron m\u00e1s de 2.500 internos de los diferentes niveles educativos del Servicio Penitenciario Bonaerense"},"content":{"rendered":"\n<h5 class=\"has-text-color wp-block-heading\" style=\"color:#ff0004\">Durante el encuentro fueron entregados m\u00e1s de 40 diplomas a alumnos que egresan de la escuela primaria y secundaria. El ministro de Justicia y Derechos Humanos de la Provincia, Julio Alak, visit\u00f3 la unidad 23 de Florencio Varela, donde encabez\u00f3 el acto de cierre del ciclo lectivo 2022.<\/h5>\n\n\n\n<div class=\"wp-block-image\"><figure class=\"aligncenter size-full is-resized\"><img decoding=\"async\" src=\"https:\/\/agendadelsur.com\/wp-content\/uploads\/2022\/12\/Egreso-lectivo-U23-.jpeg\" alt=\"\" class=\"wp-image-28425\" width=\"-217\" height=\"-148\" srcset=\"https:\/\/agendadelsur.com\/wp-content\/uploads\/2022\/12\/Egreso-lectivo-U23-.jpeg 700w, https:\/\/agendadelsur.com\/wp-content\/uploads\/2022\/12\/Egreso-lectivo-U23--300x206.jpeg 300w\" sizes=\"(max-width: 700px) 100vw, 700px\" \/><\/figure><\/div>\n\n\n\n<p>Durante el encuentro fueron entregados m\u00e1s de 40 diplomas a alumnos que egresan de la escuela primaria y secundaria, y suman 2500 los internos egresados de los distintos niveles educativos que se dictan en las unidades del Servicio Penitenciario Bonaerense (SPB).<\/p>\n\n\n\n<p>El SPB brinda educaci\u00f3n en los niveles primario, secundario y universitario a 16 mil alumnos en contexto de encierro.<\/p>\n\n\n\n<p>Adem\u00e1s en esa unidad se realiz\u00f3 un operativo de documentaci\u00f3n para privados de la libertad, el cual estuvo a cargo del director de Documentaci\u00f3n e Identidad, Federico Carrique y Andrea Gim\u00e9nez que ofici\u00f3 como jueza de Paz.<\/p>\n\n\n\n<p>Participaron de la jornada el subsecretario de Inclusi\u00f3n Penitenciaria, Diego Rao; la directora provincial de Educaci\u00f3n, Formaci\u00f3n Laboral y Documentaci\u00f3n, Ana Sanguinetti; la directora de Educaci\u00f3n y Formaci\u00f3n Laboral en Contexto de Encierro, Yamila Olariaga y el jefe del Servicio Penitenciario Bonaerense, Xavier Areses.<\/p>\n\n\n\n<p>Fuente: Prensa del Gobierno de la Provincia de Buenos Aires<\/p>\n\n\n\n<div class=\"wp-block-image\"><figure class=\"aligncenter size-full\"><img loading=\"lazy\" decoding=\"async\" width=\"300\" height=\"250\" src=\"https:\/\/agendadelsur.com\/wp-content\/uploads\/2022\/12\/aviso-roman-1.jpg\" alt=\"\" class=\"wp-image-28384\"\/><\/figure><\/div>\n\n\n\n<div class=\"wp-block-image\"><figure class=\"aligncenter size-full\"><img loading=\"lazy\" decoding=\"async\" width=\"300\" height=\"300\" src=\"https:\/\/agendadelsur.com\/wp-content\/uploads\/2022\/12\/AVISO-TOTAL-JUBILACION-ANTICIPADA-1.jpg\" alt=\"\" class=\"wp-image-28383\" srcset=\"https:\/\/agendadelsur.com\/wp-content\/uploads\/2022\/12\/AVISO-TOTAL-JUBILACION-ANTICIPADA-1.jpg 300w, https:\/\/agendadelsur.com\/wp-content\/uploads\/2022\/12\/AVISO-TOTAL-JUBILACION-ANTICIPADA-1-150x150.jpg 150w\" sizes=\"(max-width: 300px) 100vw, 300px\" \/><\/figure><\/div>\n","protected":false},"excerpt":{"rendered":"<p>Durante el encuentro fueron entregados m\u00e1s de 40 diplomas a alumnos que egresan de la escuela primaria y secundaria. El ministro de Justicia y Derechos Humanos de la Provincia, Julio Alak, visit\u00f3 la unidad 23 de Florencio Varela, donde encabez\u00f3 el acto de cierre del ciclo lectivo 2022. Durante el encuentro fueron entregados m\u00e1s de [&hellip;]<\/p>\n","protected":false},"author":2,"featured_media":28425,"comment_status":"closed","ping_status":"open","sticky":false,"template":"","format":"standard","meta":{"footnotes":""},"categories":[1419],"tags":[8495,705],"_links":{"self":[{"href":"https:\/\/agendadelsur.com\/index.php\/wp-json\/wp\/v2\/posts\/28424"}],"collection":[{"href":"https:\/\/agendadelsur.com\/index.php\/wp-json\/wp\/v2\/posts"}],"about":[{"href":"https:\/\/agendadelsur.com\/index.php\/wp-json\/wp\/v2\/types\/post"}],"author":[{"embeddable":true,"href":"https:\/\/agendadelsur.com\/index.php\/wp-json\/wp\/v2\/users\/2"}],"replies":[{"embeddable":true,"href":"https:\/\/agendadelsur.com\/index.php\/wp-json\/wp\/v2\/comments?post=28424"}],"version-history":[{"count":1,"href":"https:\/\/agendadelsur.com\/index.php\/wp-json\/wp\/v2\/posts\/28424\/revisions"}],"predecessor-version":[{"id":28426,"href":"https:\/\/agendadelsur.com\/index.php\/wp-json\/wp\/v2\/posts\/28424\/revisions\/28426"}],"wp:featuredmedia":[{"embeddable":true,"href":"https:\/\/agendadelsur.com\/index.php\/wp-json\/wp\/v2\/media\/28425"}],"wp:attachment":[{"href":"https:\/\/agendadelsur.com\/index.php\/wp-json\/wp\/v2\/media?parent=28424"}],"wp:term":[{"taxonomy":"category","embeddable":true,"href":"https:\/\/agendadelsur.com\/index.php\/wp-json\/wp\/v2\/categories?post=28424"},{"taxonomy":"post_tag","embeddable":true,"href":"https:\/\/agendadelsur.com\/index.php\/wp-json\/wp\/v2\/tags?post=28424"}],"curies":[{"name":"wp","href":"https:\/\/api.w.org\/{rel}","templated":true}]}}