{"id":28432,"date":"2022-12-10T22:33:54","date_gmt":"2022-12-11T01:33:54","guid":{"rendered":"https:\/\/agendadelsur.com\/?p=28432"},"modified":"2022-12-10T22:35:49","modified_gmt":"2022-12-11T01:35:49","slug":"incidentes-del-partido-argentina-paises-bajos","status":"publish","type":"post","link":"https:\/\/agendadelsur.com\/index.php\/2022\/12\/10\/incidentes-del-partido-argentina-paises-bajos\/","title":{"rendered":"Incidentes del partido Argentina Pa\u00edses Bajos"},"content":{"rendered":"\n<h5 class=\"has-text-color wp-block-heading\" style=\"color:#ff0c11\">Los medios antinacionales -una vez m\u00e1s manipulan la realidad- para tratar de perjudicar a nuestro pa\u00eds. La parte superior de la foto, es la que te muestran los medios europeos. Tambi\u00e9n los medios locales hegem\u00f3nicos. Integrantes de la selecci\u00f3n Argentina &#8220;burl\u00e1ndose&#8221; de los holandeses.<\/h5>\n\n\n\n<h5 class=\"wp-block-heading\">La que no te muestran, es lo que observa en el nivel inferior: instantes antes cuando, Lautaro Mart\u00ednez va a patear el penal, en \u00a0una actitud ante deportiva y prohibida cuatro jugadores de Holanda lo rodean para insultarlo, y tratar ponerlo nervioso, ante la indiferente mirada del \u00e1rbitro.<\/h5>\n\n\n\n<div class=\"wp-block-image\"><figure class=\"aligncenter size-full is-resized\"><img loading=\"lazy\" decoding=\"async\" src=\"https:\/\/agendadelsur.com\/wp-content\/uploads\/2022\/12\/319002674_10160531118471397_2044540029398944251_n.jpg\" alt=\"\" class=\"wp-image-28433\" width=\"457\" height=\"457\" srcset=\"https:\/\/agendadelsur.com\/wp-content\/uploads\/2022\/12\/319002674_10160531118471397_2044540029398944251_n.jpg 526w, https:\/\/agendadelsur.com\/wp-content\/uploads\/2022\/12\/319002674_10160531118471397_2044540029398944251_n-300x300.jpg 300w, https:\/\/agendadelsur.com\/wp-content\/uploads\/2022\/12\/319002674_10160531118471397_2044540029398944251_n-150x150.jpg 150w\" sizes=\"(max-width: 457px) 100vw, 457px\" \/><\/figure><\/div>\n\n\n\n<p><a href=\"https:\/\/content.jwplatform.com\/previews\/zVGHN3ow?fbclid=IwAR3q5c1fmOFWM3OlGhu6HZdi7dBRLwG5qVZQtujyHmlFRCkFW1mf4W9etiM\">https:\/\/content.jwplatform.com\/previews\/zVGHN3ow?fbclid=IwAR3q5c1fmOFWM3OlGhu6HZdi7dBRLwG5qVZQtujyHmlFRCkFW1mf4W9etiM<\/a><\/p>\n\n\n\n<div class=\"wp-block-image\"><figure class=\"aligncenter size-full\"><img loading=\"lazy\" decoding=\"async\" width=\"300\" height=\"250\" src=\"https:\/\/agendadelsur.com\/wp-content\/uploads\/2022\/12\/VITALAB-AAABBB-2.jpg\" alt=\"\" class=\"wp-image-28392\"\/><\/figure><\/div>\n\n\n\n<div class=\"wp-block-image\"><figure class=\"aligncenter size-full\"><img loading=\"lazy\" decoding=\"async\" width=\"300\" height=\"250\" src=\"https:\/\/agendadelsur.com\/wp-content\/uploads\/2022\/12\/MILLANEL-INT.-1-2.jpg\" alt=\"\" class=\"wp-image-28393\"\/><\/figure><\/div>\n","protected":false},"excerpt":{"rendered":"<p>Los medios antinacionales -una vez m\u00e1s manipulan la realidad- para tratar de perjudicar a nuestro pa\u00eds. La parte superior de la foto, es la que te muestran los medios europeos. Tambi\u00e9n los medios locales hegem\u00f3nicos. Integrantes de la selecci\u00f3n Argentina &#8220;burl\u00e1ndose&#8221; de los holandeses. La que no te muestran, es lo que observa en el [&hellip;]<\/p>\n","protected":false},"author":2,"featured_media":28435,"comment_status":"closed","ping_status":"open","sticky":false,"template":"","format":"standard","meta":{"footnotes":""},"categories":[576,9],"tags":[8498],"_links":{"self":[{"href":"https:\/\/agendadelsur.com\/index.php\/wp-json\/wp\/v2\/posts\/28432"}],"collection":[{"href":"https:\/\/agendadelsur.com\/index.php\/wp-json\/wp\/v2\/posts"}],"about":[{"href":"https:\/\/agendadelsur.com\/index.php\/wp-json\/wp\/v2\/types\/post"}],"author":[{"embeddable":true,"href":"https:\/\/agendadelsur.com\/index.php\/wp-json\/wp\/v2\/users\/2"}],"replies":[{"embeddable":true,"href":"https:\/\/agendadelsur.com\/index.php\/wp-json\/wp\/v2\/comments?post=28432"}],"version-history":[{"count":1,"href":"https:\/\/agendadelsur.com\/index.php\/wp-json\/wp\/v2\/posts\/28432\/revisions"}],"predecessor-version":[{"id":28434,"href":"https:\/\/agendadelsur.com\/index.php\/wp-json\/wp\/v2\/posts\/28432\/revisions\/28434"}],"wp:featuredmedia":[{"embeddable":true,"href":"https:\/\/agendadelsur.com\/index.php\/wp-json\/wp\/v2\/media\/28435"}],"wp:attachment":[{"href":"https:\/\/agendadelsur.com\/index.php\/wp-json\/wp\/v2\/media?parent=28432"}],"wp:term":[{"taxonomy":"category","embeddable":true,"href":"https:\/\/agendadelsur.com\/index.php\/wp-json\/wp\/v2\/categories?post=28432"},{"taxonomy":"post_tag","embeddable":true,"href":"https:\/\/agendadelsur.com\/index.php\/wp-json\/wp\/v2\/tags?post=28432"}],"curies":[{"name":"wp","href":"https:\/\/api.w.org\/{rel}","templated":true}]}}