{"id":28440,"date":"2022-12-11T02:34:51","date_gmt":"2022-12-11T05:34:51","guid":{"rendered":"https:\/\/agendadelsur.com\/?p=28440"},"modified":"2022-12-11T02:34:52","modified_gmt":"2022-12-11T05:34:52","slug":"cristina-denuncio-las-practicas-mafiosas-de-medios-hacia-sus-familiares","status":"publish","type":"post","link":"https:\/\/agendadelsur.com\/index.php\/2022\/12\/11\/cristina-denuncio-las-practicas-mafiosas-de-medios-hacia-sus-familiares\/","title":{"rendered":"Cristina denunci\u00f3 las &#8220;pr\u00e1cticas mafiosas&#8221; de medios hacia sus familiares"},"content":{"rendered":"\n<h5 class=\"has-text-color wp-block-heading\" style=\"color:#fc0004\">La vicepresidenta hizo referencia a la nota publicada por diario La Naci\u00f3n. &#8220;Una vez m\u00e1s vuelve a amenazar con meter presa a Florencia, mi hija. Parece que no les bast\u00f3 a los medios hegem\u00f3nicos con enfermarla&#8221;, se\u00f1al\u00f3.<\/h5>\n\n\n\n<div class=\"wp-block-image\"><figure class=\"aligncenter size-large is-resized\"><img loading=\"lazy\" decoding=\"async\" src=\"https:\/\/agendadelsur.com\/wp-content\/uploads\/2022\/12\/4-5-1024x631.jpg\" alt=\"\" class=\"wp-image-28441\" width=\"616\" height=\"379\" srcset=\"https:\/\/agendadelsur.com\/wp-content\/uploads\/2022\/12\/4-5-1024x631.jpg 1024w, https:\/\/agendadelsur.com\/wp-content\/uploads\/2022\/12\/4-5-300x185.jpg 300w, https:\/\/agendadelsur.com\/wp-content\/uploads\/2022\/12\/4-5-768x473.jpg 768w, https:\/\/agendadelsur.com\/wp-content\/uploads\/2022\/12\/4-5-1536x946.jpg 1536w, https:\/\/agendadelsur.com\/wp-content\/uploads\/2022\/12\/4-5.jpg 2029w\" sizes=\"(max-width: 616px) 100vw, 616px\" \/><\/figure><\/div>\n\n\n\n<p>En un texto publicado en sus redes sociales<\/p>\n\n\n\n<p>De Hijos, Hijas y Mafias<\/p>\n\n\n\n<p><em>\u201cEsa hip\u00f3tesis se refuerza cuando se incorpora la variable Florencia, su hija, la \u00fanica integrante de la familia que no tiene fueros y que despu\u00e9s de esta condena pasa a ser considerada m\u00e1s vulnerable judicialmente y susceptible de una condena que no la liberar\u00eda de la c\u00e1rcel. Ese, cuentan en el entorno de la vicepresidenta, ha sido siempre y es el mayor desvelo de la madre\u201d.<\/em><\/p>\n\n\n\n<p>Lo que acabas de leer es un fragmento de la nota que bajo el t\u00edtulo \u201cCertezas y dudas de la contraofensiva cristinista\u201d (sic) publica hoy el diario La Naci\u00f3n, en la que hasta inclusive se pone en duda que haya dado positiva de Covid: \u201cSe permiten sospechar de la veracidad de ese diagn\u00f3stico\u201d (sic) en fin\u2026<\/p>\n\n\n\n<p>El fragmento rese\u00f1ado de la nota se refiere a las causas Hotesur y Los Sauces armadas por Claudio Bonad\u00edo, el juez sicario, y concluidas por Julian Ercolini, el juez mutante que devino en juez viajero. En esas causas, que el tribunal oral que intervino unific\u00f3, se dict\u00f3 el sobreseimiento por inexistencia de delito.&nbsp;<\/p>\n\n\n\n<p>Si un punto en com\u00fan tiene la mafia y al narcotr\u00e1fico, es el sicariato que se ejerce sobre los hijos y familiares de las personas que ellos decretan como enemigos. La Naci\u00f3n una vez m\u00e1s vuelve a amenazar con meter presa a Florencia, mi hija. Parece que no les bast\u00f3 a los medios hegem\u00f3nicos con enfermarla.<\/p>\n\n\n\n<p>En estos d\u00edas que corren en la Rep\u00fablica, ya nada ni nadie sorprende a la ciudadan\u00eda: nos acabamos de enterar de pu\u00f1o y letra (literalmente) a trav\u00e9s de un chat del juez Pablo Cayssials, que la causa que dicho magistrado llev\u00f3 adelante contra la procuradora fiscal Gils Carb\u00f3 (ultima procuradora designada constitucionalmente) le fue solicitada por el director del diario (l\u00e9ase Julio C\u00e9sar Saguier) conforme se desprende del propio texto del chat publicado en la web el pasado fin de semana:<\/p>\n\n\n\n<p>Para desprevenidos o desinformados: la persona que aparece en dicho chat llamada Paz corresponde a una periodista del mismo diario y \u201csu amiguito en el libro \u201ca ra\u00edz\u201d (en realidad es La Ra\u00edz de todos los males) se trata de otro colega que se nota que contaba con una versi\u00f3n diferente sobre el episodio mafioso y dram\u00e1tico que vivi\u00f3 la entonces procuradora.<\/p>\n\n\n\n<p>Nobleza obliga a reconocer que en dicha oportunidad Julio C\u00e9sar Saguier y La Naci\u00f3n no estuvieron solos en el acoso y derribo de Alejandra Gils Carb\u00f3.<\/p>\n\n\n\n<p>H\u00e9ctor Magnetto orden\u00f3 publicar en el diario Clar\u00edn el n\u00famero de tel\u00e9fono de una de sus dos hijas, a quienes tambi\u00e9n les hab\u00edan armado una causa. Y ya que hablamos de mafias e hijos e hijas, viene al caso recordar que Gils Carb\u00f3 fue la Fiscal que se opuso a la fusi\u00f3n de Cablevisi\u00f3n y Multicanal del grupo Clar\u00edn.<\/p>\n\n\n\n<p>El fiscal de C\u00e1mara Gabriel de Vedia declar\u00f3 que Pep\u00edn Rodr\u00edguez Sim\u00f3n (asesor presidencial de Mauricio Macri que permanece pr\u00f3fugo hace dos a\u00f1os en Uruguay) fue el encargado de hacerle saber personalmente que deb\u00eda renunciar, si no quer\u00eda ir presa ella y sus dos hijas. Finalmente, como es de p\u00fablico y notorio, la procuradora constitucional renunci\u00f3.<\/p>\n\n\n\n<p>Debo reconocer entonces que el fragmento de la nota en cuesti\u00f3n no nos trae ninguna originalidad, sino la simple repetici\u00f3n de pr\u00e1cticas mafiosas que, a fuerza de mantenerse impunes, siguen llevando adelante.<\/p>\n\n\n\n<p>Hoy 10 de diciembre, D\u00eda Internacional de los Derechos Humanos y a 39 a\u00f1os de haber derrotado a la dictadura, no permitamos que a la democracia se la lleven puesta las mafias<\/p>\n\n\n\n<div class=\"wp-block-image\"><figure class=\"aligncenter size-full\"><img loading=\"lazy\" decoding=\"async\" width=\"300\" height=\"250\" src=\"https:\/\/agendadelsur.com\/wp-content\/uploads\/2022\/12\/VITALAB-AAABBB-2.jpg\" alt=\"\" class=\"wp-image-28392\"\/><\/figure><\/div>\n\n\n\n<div class=\"wp-block-image\"><figure class=\"aligncenter size-full\"><img loading=\"lazy\" decoding=\"async\" width=\"300\" height=\"250\" src=\"https:\/\/agendadelsur.com\/wp-content\/uploads\/2022\/12\/MILLANEL-INT.-1-2.jpg\" alt=\"\" class=\"wp-image-28393\"\/><\/figure><\/div>\n","protected":false},"excerpt":{"rendered":"<p>La vicepresidenta hizo referencia a la nota publicada por diario La Naci\u00f3n. &#8220;Una vez m\u00e1s vuelve a amenazar con meter presa a Florencia, mi hija. Parece que no les bast\u00f3 a los medios hegem\u00f3nicos con enfermarla&#8221;, se\u00f1al\u00f3. En un texto publicado en sus redes sociales De Hijos, Hijas y Mafias \u201cEsa hip\u00f3tesis se refuerza cuando [&hellip;]<\/p>\n","protected":false},"author":2,"featured_media":28442,"comment_status":"closed","ping_status":"open","sticky":false,"template":"","format":"standard","meta":{"footnotes":""},"categories":[9],"tags":[61,2594,2758,8500,8501],"_links":{"self":[{"href":"https:\/\/agendadelsur.com\/index.php\/wp-json\/wp\/v2\/posts\/28440"}],"collection":[{"href":"https:\/\/agendadelsur.com\/index.php\/wp-json\/wp\/v2\/posts"}],"about":[{"href":"https:\/\/agendadelsur.com\/index.php\/wp-json\/wp\/v2\/types\/post"}],"author":[{"embeddable":true,"href":"https:\/\/agendadelsur.com\/index.php\/wp-json\/wp\/v2\/users\/2"}],"replies":[{"embeddable":true,"href":"https:\/\/agendadelsur.com\/index.php\/wp-json\/wp\/v2\/comments?post=28440"}],"version-history":[{"count":1,"href":"https:\/\/agendadelsur.com\/index.php\/wp-json\/wp\/v2\/posts\/28440\/revisions"}],"predecessor-version":[{"id":28443,"href":"https:\/\/agendadelsur.com\/index.php\/wp-json\/wp\/v2\/posts\/28440\/revisions\/28443"}],"wp:featuredmedia":[{"embeddable":true,"href":"https:\/\/agendadelsur.com\/index.php\/wp-json\/wp\/v2\/media\/28442"}],"wp:attachment":[{"href":"https:\/\/agendadelsur.com\/index.php\/wp-json\/wp\/v2\/media?parent=28440"}],"wp:term":[{"taxonomy":"category","embeddable":true,"href":"https:\/\/agendadelsur.com\/index.php\/wp-json\/wp\/v2\/categories?post=28440"},{"taxonomy":"post_tag","embeddable":true,"href":"https:\/\/agendadelsur.com\/index.php\/wp-json\/wp\/v2\/tags?post=28440"}],"curies":[{"name":"wp","href":"https:\/\/api.w.org\/{rel}","templated":true}]}}