{"id":28487,"date":"2022-12-13T01:35:41","date_gmt":"2022-12-13T04:35:41","guid":{"rendered":"https:\/\/agendadelsur.com\/?p=28487"},"modified":"2022-12-13T01:35:42","modified_gmt":"2022-12-13T04:35:42","slug":"el-estado-en-tu-barrio-3","status":"publish","type":"post","link":"https:\/\/agendadelsur.com\/index.php\/2022\/12\/13\/el-estado-en-tu-barrio-3\/","title":{"rendered":"\u201cEl Estado en tu barrio\u201d"},"content":{"rendered":"\n<h5 class=\"has-text-color wp-block-heading\" style=\"color:#f5080c\">Llega a nueve provincias con servicios a la comunidad adem\u00e1s de brindar la posibilidad de realizar tr\u00e1mites, acceder a prestaciones de salud y recibir asesoramiento jur\u00eddico, se sumar\u00e1n actividades culturales que incluir\u00e1n la proyecci\u00f3n en pantalla gigante de las semifinales del Mundial de Qatar y de la pel\u00edcula \u201cArgentina, 1985\u201d. Esta semana en localidades y ciudades de Buenos Aires, Chaco, La Rioja, Misiones, Salta, San Juan, San Luis, Santa Fe y Tucum\u00e1n.&nbsp;<\/h5>\n\n\n\n<div class=\"wp-block-image\"><figure class=\"aligncenter size-full is-resized\"><img decoding=\"async\" src=\"https:\/\/agendadelsur.com\/wp-content\/uploads\/2022\/12\/2-8.jpg\" alt=\"\" class=\"wp-image-28488\" width=\"-11\" height=\"-7\" srcset=\"https:\/\/agendadelsur.com\/wp-content\/uploads\/2022\/12\/2-8.jpg 600w, https:\/\/agendadelsur.com\/wp-content\/uploads\/2022\/12\/2-8-300x206.jpg 300w\" sizes=\"(max-width: 600px) 100vw, 600px\" \/><\/figure><\/div>\n\n\n\n<p>\u201dEl Estado en tu barrio\u201d facilita la articulaci\u00f3n entre los organismos nacionales y locales para desplegar distintas acciones territoriales: acceso a tr\u00e1mites, prestaciones de salud, asesoramiento legal y psicol\u00f3gico, capacitaciones, actividades culturales, deportivas y ferias de productos populares.<\/p>\n\n\n\n<p>En cuanto a las prestaciones sanitarias, lxs y los profesionalxs de salud de \u201cEl Estado en tu barrio\u201d aplicar\u00e1n a la poblaci\u00f3n las vacunas incluidas en el Calendario Oficial y tambi\u00e9n contra el Covid-19.<\/p>\n\n\n\n<p>Este lunes se realizaron las primeras actividades de la semana en el barrio porte\u00f1o de Floresta, en la Ciudad Aut\u00f3noma de Buenos Aires, y en la ciudad de Fontana, en la provincia de Chaco<\/p>\n\n\n\n<p>Los siguientes son, en detalle, los lugares y horarios donde se desarrollar\u00e1n desde ma\u00f1ana, martes 13 de diciembre, las acciones de \u201cEl Estado en su barrio\u201d:<\/p>\n\n\n\n<p>13\/12 &#8211; La Merced, Provincia de Salta &#8211; Plaza San Mart\u00edn, Av Hip\u00f3lito Yrigoyen y G\u00fcemes, de 9 a 13 horas.<\/p>\n\n\n\n<p>13\/12 &#8211; San Juan, Provincia de San Juan &#8211; Proyecci\u00f3n en pantalla gigante del partido entre Argentina y Croacia &#8211; Calle Graffigna y RP 60, de 15 a 18 horas.<\/p>\n\n\n\n<p>14\/12 &#8211; San Luis, Provincia de San Luis &#8211; Proyecci\u00f3n en pantalla gigante del partido entre Francia y Marruecos &#8211; Parque de las Naciones, Riobamba 1500, de 13 a 18 horas.<\/p>\n\n\n\n<p>14\/12 &#8211; Fontana, Provincia de Chaco &#8211; Barrio 222 viviendas, Plaza del Barrio, de 17 a 20 horas.<\/p>\n\n\n\n<p>15\/12 &#8211; La Rioja, Provincia de La Rioja &#8211; Juramento y Base Esperanza, Barrio Luis Beder Herrera, de 8 a 13 horas.<\/p>\n\n\n\n<p>15\/12 &#8211; Barranqueras, Provincia de Chaco &#8211; 9 de Julio y Av del Puerto Forestaci\u00f3n, de 8:30 a 12:30 horas.<\/p>\n\n\n\n<p>15\/12 &#8211; Chacarita, Ciudad de Buenos Aires &#8211; Play\u00f3n de Chacarita, Triunvirato y C\u00e9spedes, Comuna 15, de 9 a 14 horas.<\/p>\n\n\n\n<p>16\/12 &#8211; Taf\u00ed Viejo, Provincia de Tucum\u00e1n &#8211; Barrio 110 Viviendas Los Pocitos, de 8 a 12 horas.<\/p>\n\n\n\n<p>16\/12 &#8211; San Ignacio, Provincia de Misiones &#8211; Polideportivo Municipal de San Ignacio, Av. San Mart\u00edn, de 9 a 13 horas.<\/p>\n\n\n\n<p>16\/12 &#8211; Vaqueros, Provincia de Salta &#8211; Plaza Municipal Gobernador Roberto Romero, Av. San Mart\u00edn y Los Crespones, de 9 a 13 horas.<\/p>\n\n\n\n<p>16\/12 &#8211; San Ignacio, Provincia de Misiones &#8211; Polideportivo Municipal de San Ignacio, Av. San Mart\u00edn, de 9 a 13 horas.<\/p>\n\n\n\n<p>16\/12 &#8211; Barranqueras, Provincia de Chaco &#8211; 2 de febrero y Lamadrid, Club Confraternidad, Barrio Mar\u00eda Cristina, de 17.30 a 20 horas.<\/p>\n\n\n\n<p>16\/12 &#8211; Venado Tuerto, Provincia de Santa Fe &#8211; Proyecci\u00f3n en pantalla gigante de \u201cArgentina, 1985\u201d y cierre con shows art\u00edsticos y culturales &#8211; Plaza del Trabajador&#8221; Francia y Ag\u00fcero, de 19 a 24 horas.<\/p>\n\n\n\n<p>Fuente: Prensa Jefatura de Ministros de la Naci\u00f3n<\/p>\n\n\n\n<div class=\"wp-block-image\"><figure class=\"aligncenter size-full\"><img loading=\"lazy\" decoding=\"async\" width=\"300\" height=\"250\" src=\"https:\/\/agendadelsur.com\/wp-content\/uploads\/2022\/12\/aviso-roman-1.jpg\" alt=\"\" class=\"wp-image-28384\"\/><\/figure><\/div>\n\n\n\n<div class=\"wp-block-image\"><figure class=\"aligncenter size-full\"><img loading=\"lazy\" decoding=\"async\" width=\"300\" height=\"250\" src=\"https:\/\/agendadelsur.com\/wp-content\/uploads\/2022\/12\/VITALAB-AAABBB-2.jpg\" alt=\"\" class=\"wp-image-28392\"\/><\/figure><\/div>\n","protected":false},"excerpt":{"rendered":"<p>Llega a nueve provincias con servicios a la comunidad adem\u00e1s de brindar la posibilidad de realizar tr\u00e1mites, acceder a prestaciones de salud y recibir asesoramiento jur\u00eddico, se sumar\u00e1n actividades culturales que incluir\u00e1n la proyecci\u00f3n en pantalla gigante de las semifinales del Mundial de Qatar y de la pel\u00edcula \u201cArgentina, 1985\u201d. Esta semana en localidades y [&hellip;]<\/p>\n","protected":false},"author":2,"featured_media":28489,"comment_status":"closed","ping_status":"open","sticky":false,"template":"","format":"standard","meta":{"footnotes":""},"categories":[9],"tags":[8387],"_links":{"self":[{"href":"https:\/\/agendadelsur.com\/index.php\/wp-json\/wp\/v2\/posts\/28487"}],"collection":[{"href":"https:\/\/agendadelsur.com\/index.php\/wp-json\/wp\/v2\/posts"}],"about":[{"href":"https:\/\/agendadelsur.com\/index.php\/wp-json\/wp\/v2\/types\/post"}],"author":[{"embeddable":true,"href":"https:\/\/agendadelsur.com\/index.php\/wp-json\/wp\/v2\/users\/2"}],"replies":[{"embeddable":true,"href":"https:\/\/agendadelsur.com\/index.php\/wp-json\/wp\/v2\/comments?post=28487"}],"version-history":[{"count":1,"href":"https:\/\/agendadelsur.com\/index.php\/wp-json\/wp\/v2\/posts\/28487\/revisions"}],"predecessor-version":[{"id":28490,"href":"https:\/\/agendadelsur.com\/index.php\/wp-json\/wp\/v2\/posts\/28487\/revisions\/28490"}],"wp:featuredmedia":[{"embeddable":true,"href":"https:\/\/agendadelsur.com\/index.php\/wp-json\/wp\/v2\/media\/28489"}],"wp:attachment":[{"href":"https:\/\/agendadelsur.com\/index.php\/wp-json\/wp\/v2\/media?parent=28487"}],"wp:term":[{"taxonomy":"category","embeddable":true,"href":"https:\/\/agendadelsur.com\/index.php\/wp-json\/wp\/v2\/categories?post=28487"},{"taxonomy":"post_tag","embeddable":true,"href":"https:\/\/agendadelsur.com\/index.php\/wp-json\/wp\/v2\/tags?post=28487"}],"curies":[{"name":"wp","href":"https:\/\/api.w.org\/{rel}","templated":true}]}}