{"id":28498,"date":"2022-12-13T15:32:11","date_gmt":"2022-12-13T18:32:11","guid":{"rendered":"https:\/\/agendadelsur.com\/?p=28498"},"modified":"2022-12-13T15:32:12","modified_gmt":"2022-12-13T18:32:12","slug":"la-provincia-realiza-obras-de-defensa-costera-en-gral-pueyrredon-y-mar-chiquita","status":"publish","type":"post","link":"https:\/\/agendadelsur.com\/index.php\/2022\/12\/13\/la-provincia-realiza-obras-de-defensa-costera-en-gral-pueyrredon-y-mar-chiquita\/","title":{"rendered":"La Provincia realiza obras de defensa costera en Gral. Pueyrred\u00f3n y Mar Chiquita"},"content":{"rendered":"\n<h5 class=\"has-text-color wp-block-heading\" style=\"color:#f80b0f\">Los trabajos se extienden a lo largo de 8.5 kil\u00f3metros y representan una inversi\u00f3n de m\u00e1s de 574 millones de pesos.<\/h5>\n\n\n\n<div class=\"wp-block-image\"><figure class=\"aligncenter is-resized\"><img decoding=\"async\" src=\"https:\/\/www.gba.gob.ar\/sites\/default\/files\/img_infraestructura\/WhatsApp%20Image%202022-12-12%20at%2019.00.33.jpeg\" alt=\"Provincia realiza obras de defensa costera en Gral. Pueyrred\u00f3n y Mar Chiquita \" width=\"-96\" height=\"-43\" title=\"Provincia realiza obras de defensa costera en Gral. Pueyrred\u00f3n y Mar Chiquita \"\/><\/figure><\/div>\n\n\n\n<p>La Subsecretar\u00eda de Recursos H\u00eddricos, dependiente del Ministerio de Infraestructura y Servicios P\u00fablicos de la Provincia, avanza con la obra: &#8220;Defensa Costera en la Ruta 11&#8221; correspondiente a los partidos de General Pueyrred\u00f3n y Mar Chiquita, con un presupuesto que supera los 574 millones de pesos. La obra total estar\u00eda finalizada en el a\u00f1o 2025<\/p>\n\n\n\n<p>Se trata de un total de &nbsp;8,5 kil\u00f3metros de extensi\u00f3n de costa acantilada que va desde la proyecci\u00f3n de la calle Houssay &nbsp;-en inmediaciones de la nueva Planta de Tratamiento de Residuos Cloacales de la ciudad de Mar del Plata- hasta la intersecci\u00f3n de la Ruta Provincial N\u00b011 con la Av.Oresanz en Santa Clara del Mar.<\/p>\n\n\n\n<p>El objetivo de las obras es proteger los sectores de costa, mediante la realizaci\u00f3n de defensas escolleradas y rellenos artificiales de arena que limitan el retroceso del barranco y permiten recuperar playas de ambos partidos.&nbsp;<\/p>\n\n\n\n<div class=\"wp-block-image\"><figure class=\"aligncenter size-full\"><img loading=\"lazy\" decoding=\"async\" width=\"600\" height=\"270\" src=\"https:\/\/agendadelsur.com\/wp-content\/uploads\/2022\/12\/WhatsApp-Image-2022-12-12-at-19.00.31.jpeg\" alt=\"\" class=\"wp-image-28500\" srcset=\"https:\/\/agendadelsur.com\/wp-content\/uploads\/2022\/12\/WhatsApp-Image-2022-12-12-at-19.00.31.jpeg 600w, https:\/\/agendadelsur.com\/wp-content\/uploads\/2022\/12\/WhatsApp-Image-2022-12-12-at-19.00.31-300x135.jpeg 300w\" sizes=\"(max-width: 600px) 100vw, 600px\" \/><\/figure><\/div>\n\n\n\n<p>Son un total de 7 defensas de escolleras longitudinales al pie de la barranca; 5 rellenos artificiales de arena sobre angostas playas ubicadas frente a los Barrios Frente Mar, Santa Elena, Playa Dorada y F\u00e9lix U. Camet.&nbsp;<\/p>\n\n\n\n<p>El subsecretario de Recursos H\u00eddricos, Guillermo Jelinski, expres\u00f3 que &#8220;es la obra de defensa costera m\u00e1s importante de los \u00faltimos tiempos&#8221; y agreg\u00f3 que &#8221; en un a\u00f1o m\u00e1s podr\u00edamos tener terminada la parte m\u00e1s importante, aunque el plazo es de 4 a\u00f1os y se completar\u00eda antes de 2025&#8243;.<\/p>\n\n\n\n<div class=\"wp-block-image\"><figure class=\"aligncenter size-full\"><img loading=\"lazy\" decoding=\"async\" width=\"300\" height=\"250\" src=\"https:\/\/agendadelsur.com\/wp-content\/uploads\/2022\/12\/aviso-roman.jpg\" alt=\"\" class=\"wp-image-28124\"\/><\/figure><\/div>\n\n\n\n<div class=\"wp-block-image\"><figure class=\"aligncenter size-full\"><img loading=\"lazy\" decoding=\"async\" width=\"300\" height=\"300\" src=\"https:\/\/agendadelsur.com\/wp-content\/uploads\/2022\/12\/AVISO-TOTAL-JUBILACION-ANTICIPADA.jpg\" alt=\"\" class=\"wp-image-28125\" srcset=\"https:\/\/agendadelsur.com\/wp-content\/uploads\/2022\/12\/AVISO-TOTAL-JUBILACION-ANTICIPADA.jpg 300w, https:\/\/agendadelsur.com\/wp-content\/uploads\/2022\/12\/AVISO-TOTAL-JUBILACION-ANTICIPADA-150x150.jpg 150w\" sizes=\"(max-width: 300px) 100vw, 300px\" \/><\/figure><\/div>\n","protected":false},"excerpt":{"rendered":"<p>Los trabajos se extienden a lo largo de 8.5 kil\u00f3metros y representan una inversi\u00f3n de m\u00e1s de 574 millones de pesos. La Subsecretar\u00eda de Recursos H\u00eddricos, dependiente del Ministerio de Infraestructura y Servicios P\u00fablicos de la Provincia, avanza con la obra: &#8220;Defensa Costera en la Ruta 11&#8221; correspondiente a los partidos de General Pueyrred\u00f3n y [&hellip;]<\/p>\n","protected":false},"author":2,"featured_media":28499,"comment_status":"closed","ping_status":"open","sticky":false,"template":"","format":"standard","meta":{"footnotes":""},"categories":[1419],"tags":[8516,8514,8515],"_links":{"self":[{"href":"https:\/\/agendadelsur.com\/index.php\/wp-json\/wp\/v2\/posts\/28498"}],"collection":[{"href":"https:\/\/agendadelsur.com\/index.php\/wp-json\/wp\/v2\/posts"}],"about":[{"href":"https:\/\/agendadelsur.com\/index.php\/wp-json\/wp\/v2\/types\/post"}],"author":[{"embeddable":true,"href":"https:\/\/agendadelsur.com\/index.php\/wp-json\/wp\/v2\/users\/2"}],"replies":[{"embeddable":true,"href":"https:\/\/agendadelsur.com\/index.php\/wp-json\/wp\/v2\/comments?post=28498"}],"version-history":[{"count":1,"href":"https:\/\/agendadelsur.com\/index.php\/wp-json\/wp\/v2\/posts\/28498\/revisions"}],"predecessor-version":[{"id":28501,"href":"https:\/\/agendadelsur.com\/index.php\/wp-json\/wp\/v2\/posts\/28498\/revisions\/28501"}],"wp:featuredmedia":[{"embeddable":true,"href":"https:\/\/agendadelsur.com\/index.php\/wp-json\/wp\/v2\/media\/28499"}],"wp:attachment":[{"href":"https:\/\/agendadelsur.com\/index.php\/wp-json\/wp\/v2\/media?parent=28498"}],"wp:term":[{"taxonomy":"category","embeddable":true,"href":"https:\/\/agendadelsur.com\/index.php\/wp-json\/wp\/v2\/categories?post=28498"},{"taxonomy":"post_tag","embeddable":true,"href":"https:\/\/agendadelsur.com\/index.php\/wp-json\/wp\/v2\/tags?post=28498"}],"curies":[{"name":"wp","href":"https:\/\/api.w.org\/{rel}","templated":true}]}}