{"id":28621,"date":"2022-12-15T21:49:27","date_gmt":"2022-12-16T00:49:27","guid":{"rendered":"https:\/\/agendadelsur.com\/?p=28621"},"modified":"2022-12-15T21:50:14","modified_gmt":"2022-12-16T00:50:14","slug":"la-corte-suprema-de-justicia-convalido-la-persecucion-contra-milagro-sala-en-jujuy","status":"publish","type":"post","link":"https:\/\/agendadelsur.com\/index.php\/2022\/12\/15\/la-corte-suprema-de-justicia-convalido-la-persecucion-contra-milagro-sala-en-jujuy\/","title":{"rendered":"La Corte Suprema de Justicia convalid\u00f3 la persecuci\u00f3n contra Milagro Sala en Jujuy"},"content":{"rendered":"\n<h5 class=\"has-text-color wp-block-heading\" style=\"color:#ff0004\">La Secretar\u00eda de Derechos Humanos de la Naci\u00f3n, volvi\u00f3 a denunciar el hostigamiento y la violaci\u00f3n de los derechos humanos del Partido Judicial, seg\u00fan se desprende del documento presentado este jueves. En el mismo se destaca, que en Jujuy se instal\u00f3 el laboratorio del lawfare \u2014a partir del gobierno de Mauricio Macri que continua en la actualidad\u2014 destinado a perseguir a opositores pol\u00edticos mediante la utilizaci\u00f3n del sistema penal y medi\u00e1tico, como se comprob\u00f3 d\u00edas atr\u00e1s con la condena a la vicepresidenta Cristina Fern\u00e1ndez. El Presidente de la Naci\u00f3n, una vez est\u00e1 ausente, ante esta nueva aberraci\u00f3n, que atenta contra la Rep\u00fablica, la democracia y la libertad de las personas. Su silencio alimenta la idea que nos es ajeno, si no que es parte de esta avanzada, que apunta a la disoluci\u00f3n nacional.<\/h5>\n\n\n\n<div class=\"wp-block-image\"><figure class=\"aligncenter size-full\"><img loading=\"lazy\" decoding=\"async\" width=\"600\" height=\"400\" src=\"https:\/\/agendadelsur.com\/wp-content\/uploads\/2022\/12\/CORTI.jpg\" alt=\"\" class=\"wp-image-28622\" srcset=\"https:\/\/agendadelsur.com\/wp-content\/uploads\/2022\/12\/CORTI.jpg 600w, https:\/\/agendadelsur.com\/wp-content\/uploads\/2022\/12\/CORTI-300x200.jpg 300w\" sizes=\"(max-width: 600px) 100vw, 600px\" \/><figcaption><em>Horacio Pietragalla Corti, secretario de Derechos Humanos de la Naci\u00f3n<\/em><\/figcaption><\/figure><\/div>\n\n\n\n<h4 class=\"has-text-color wp-block-heading\" style=\"color:#fc0509\">El documento de la Secretar\u00eda de Derechos Humanos de la Naci\u00f3n<\/h4>\n\n\n\n<p>La Corte Suprema de Justicia de la Naci\u00f3n convalid\u00f3 este jueves la persecuci\u00f3n pol\u00edtica y judicial contra la dirigente social Milagro Sala al rechazar un recurso extraordinario federal presentado por su defensa por violaciones al debido proceso durante el juicio en el que fue condenada a 13 a\u00f1os de prisi\u00f3n por asociaci\u00f3n il\u00edcita.<\/p>\n\n\n\n<p>Con la firma de Horacio Rosatti, Carlos Rosenkrantz, Juan Carlos Maqueda y Ricardo Lorenzetti, la Corte Suprema utiliz\u00f3 argumentos formalistas para desestimar la presentaci\u00f3n y evit\u00f3 as\u00ed expedirse sobre la cuesti\u00f3n de fondo. No sorprende, pero no deja de indignar que la Corte Suprema vuelva a demostrar su falta de compromiso institucional con la Constituci\u00f3n Nacional.<\/p>\n\n\n\n<p>Las violaciones groseras de las garant\u00edas judiciales que sufri\u00f3 Milagro Sala en este proceso penal, en el que fue condenada por los tribunales juje\u00f1os por asociaci\u00f3n il\u00edcita, como l\u00edder de la organizaci\u00f3n social Tupac Amaru, demuestran que el verdadero objetivo era la proscripci\u00f3n pol\u00edtica y la desmovilizaci\u00f3n social, y no la lucha contra la corrupci\u00f3n.<\/p>\n\n\n\n<p>Con esta decisi\u00f3n, el m\u00e1ximo tribunal dej\u00f3 firme una condena ileg\u00edtima a Sala y convalid\u00f3 la actuaci\u00f3n de las autoridades judiciales de Jujuy en la persecuci\u00f3n a la dirigente social y las violaciones a las garant\u00edas del debido proceso, situaci\u00f3n que compromete al Estado argentino en su responsabilidad internacional.<\/p>\n\n\n\n<p>Como ha denunciado esta Secretar\u00eda en varias oportunidades, en Jujuy se instal\u00f3 el laboratorio del lawfare \u2014a partir del gobierno de Mauricio Macri que continua en la actualidad\u2014 destinado a perseguir a opositores pol\u00edticos mediante la utilizaci\u00f3n del sistema penal y medi\u00e1tico, como se comprob\u00f3 d\u00edas atr\u00e1s con la condena a la vicepresidenta Cristina Fern\u00e1ndez.<\/p>\n\n\n\n<p>A pesar de esta decisi\u00f3n, Milagro Sala deber\u00e1 seguir en prisi\u00f3n domiciliaria por estar vigentes las medidas provisionales dictadas por la Corte Interamericana de Derechos Humanos, que orden\u00f3 proteger su integridad f\u00edsica y ps\u00edquica, y poner fin a la persecuci\u00f3n penal arbitraria.<\/p>\n\n\n\n<p>Fuente: Secretar\u00eda de Derechos Humanos de la Naci\u00f3n<\/p>\n\n\n\n<div class=\"wp-block-image\"><figure class=\"aligncenter size-full\"><img loading=\"lazy\" decoding=\"async\" width=\"300\" height=\"250\" src=\"https:\/\/agendadelsur.com\/wp-content\/uploads\/2022\/12\/VITALAB-AAABBB-2.jpg\" alt=\"\" class=\"wp-image-28392\"\/><\/figure><\/div>\n\n\n\n<div class=\"wp-block-image\"><figure class=\"aligncenter size-full\"><img loading=\"lazy\" decoding=\"async\" width=\"300\" height=\"250\" src=\"https:\/\/agendadelsur.com\/wp-content\/uploads\/2022\/12\/MILLANEL-INT.-1-2.jpg\" alt=\"\" class=\"wp-image-28393\"\/><\/figure><\/div>\n","protected":false},"excerpt":{"rendered":"<p>La Secretar\u00eda de Derechos Humanos de la Naci\u00f3n, volvi\u00f3 a denunciar el hostigamiento y la violaci\u00f3n de los derechos humanos del Partido Judicial, seg\u00fan se desprende del documento presentado este jueves. En el mismo se destaca, que en Jujuy se instal\u00f3 el laboratorio del lawfare \u2014a partir del gobierno de Mauricio Macri que continua en [&hellip;]<\/p>\n","protected":false},"author":2,"featured_media":28623,"comment_status":"closed","ping_status":"open","sticky":false,"template":"","format":"standard","meta":{"footnotes":""},"categories":[9],"tags":[2429,8545,8546],"_links":{"self":[{"href":"https:\/\/agendadelsur.com\/index.php\/wp-json\/wp\/v2\/posts\/28621"}],"collection":[{"href":"https:\/\/agendadelsur.com\/index.php\/wp-json\/wp\/v2\/posts"}],"about":[{"href":"https:\/\/agendadelsur.com\/index.php\/wp-json\/wp\/v2\/types\/post"}],"author":[{"embeddable":true,"href":"https:\/\/agendadelsur.com\/index.php\/wp-json\/wp\/v2\/users\/2"}],"replies":[{"embeddable":true,"href":"https:\/\/agendadelsur.com\/index.php\/wp-json\/wp\/v2\/comments?post=28621"}],"version-history":[{"count":2,"href":"https:\/\/agendadelsur.com\/index.php\/wp-json\/wp\/v2\/posts\/28621\/revisions"}],"predecessor-version":[{"id":28626,"href":"https:\/\/agendadelsur.com\/index.php\/wp-json\/wp\/v2\/posts\/28621\/revisions\/28626"}],"wp:featuredmedia":[{"embeddable":true,"href":"https:\/\/agendadelsur.com\/index.php\/wp-json\/wp\/v2\/media\/28623"}],"wp:attachment":[{"href":"https:\/\/agendadelsur.com\/index.php\/wp-json\/wp\/v2\/media?parent=28621"}],"wp:term":[{"taxonomy":"category","embeddable":true,"href":"https:\/\/agendadelsur.com\/index.php\/wp-json\/wp\/v2\/categories?post=28621"},{"taxonomy":"post_tag","embeddable":true,"href":"https:\/\/agendadelsur.com\/index.php\/wp-json\/wp\/v2\/tags?post=28621"}],"curies":[{"name":"wp","href":"https:\/\/api.w.org\/{rel}","templated":true}]}}