{"id":28628,"date":"2022-12-16T00:30:57","date_gmt":"2022-12-16T03:30:57","guid":{"rendered":"https:\/\/agendadelsur.com\/?p=28628"},"modified":"2022-12-16T00:31:05","modified_gmt":"2022-12-16T03:31:05","slug":"rebelion-otonal-se-presenta-en-el-teatro-roma","status":"publish","type":"post","link":"https:\/\/agendadelsur.com\/index.php\/2022\/12\/16\/rebelion-otonal-se-presenta-en-el-teatro-roma\/","title":{"rendered":"&#8220;Rebeli\u00f3n oto\u00f1al&#8221;. Se presenta en el Teatro Roma"},"content":{"rendered":"\n<h5 class=\"has-text-color wp-block-heading\" style=\"color:#f8060a\">Radioteatro en vivo, del autor Alberto Migr\u00e9. La adaptaci\u00f3n y direcci\u00f3n es de V\u00edctor Ag\u00fa y las actuaciones son de NORA C\u00c1RPENA, H\u00e9ctor Calori, Peggy Sol, Aldo Pastur, Norma L\u00f3pez Monet, Gabriel Rovito, Luciana Ulrich, Sebasti\u00e1n Pozzi y Jimena Coppolino.<\/h5>\n\n\n\n<div class=\"wp-block-image\"><figure class=\"aligncenter size-full is-resized\"><img loading=\"lazy\" decoding=\"async\" src=\"https:\/\/agendadelsur.com\/wp-content\/uploads\/2022\/12\/3-12.jpg\" alt=\"\" class=\"wp-image-28629\" width=\"424\" height=\"291\" srcset=\"https:\/\/agendadelsur.com\/wp-content\/uploads\/2022\/12\/3-12.jpg 700w, https:\/\/agendadelsur.com\/wp-content\/uploads\/2022\/12\/3-12-300x206.jpg 300w\" sizes=\"(max-width: 424px) 100vw, 424px\" \/><\/figure><\/div>\n\n\n\n<p>El Radioteatro es en vivo, con efectos especialesen sala y cuenta la historia de un grupo de personas que viven en una residencia geri\u00e1trica y se animan a un nuevo desaf\u00edo. \u00a1Una historia de amor, de fe, de esperanza y coraje\u2026 una lecci\u00f3n de vida!.<\/p>\n\n\n\n<p>Este viernes 16 a las 20.30 horas.<\/p>\n\n\n\n<p>Val de la entrada: $500.-<\/p>\n\n\n\n<p>Teatro Roma. Sarmiento 109, Avellaneda.<\/p>\n\n\n\n<div class=\"wp-block-image\"><figure class=\"aligncenter size-full\"><img loading=\"lazy\" decoding=\"async\" width=\"300\" height=\"250\" src=\"https:\/\/agendadelsur.com\/wp-content\/uploads\/2022\/12\/agenda-del-sur-2.png\" alt=\"\" class=\"wp-image-28339\"\/><\/figure><\/div>\n\n\n\n<div class=\"wp-block-image\"><figure class=\"aligncenter size-full\"><img loading=\"lazy\" decoding=\"async\" width=\"300\" height=\"250\" src=\"https:\/\/agendadelsur.com\/wp-content\/uploads\/2022\/12\/MILLANEL-INT.-1-2.jpg\" alt=\"\" class=\"wp-image-28393\"\/><\/figure><\/div>\n","protected":false},"excerpt":{"rendered":"<p>Radioteatro en vivo, del autor Alberto Migr\u00e9. La adaptaci\u00f3n y direcci\u00f3n es de V\u00edctor Ag\u00fa y las actuaciones son de NORA C\u00c1RPENA, H\u00e9ctor Calori, Peggy Sol, Aldo Pastur, Norma L\u00f3pez Monet, Gabriel Rovito, Luciana Ulrich, Sebasti\u00e1n Pozzi y Jimena Coppolino. El Radioteatro es en vivo, con efectos especialesen sala y cuenta la historia de un [&hellip;]<\/p>\n","protected":false},"author":2,"featured_media":28629,"comment_status":"closed","ping_status":"open","sticky":false,"template":"","format":"standard","meta":{"footnotes":""},"categories":[4],"tags":[8548,8549,6,8551,8550,3332,54,2706],"_links":{"self":[{"href":"https:\/\/agendadelsur.com\/index.php\/wp-json\/wp\/v2\/posts\/28628"}],"collection":[{"href":"https:\/\/agendadelsur.com\/index.php\/wp-json\/wp\/v2\/posts"}],"about":[{"href":"https:\/\/agendadelsur.com\/index.php\/wp-json\/wp\/v2\/types\/post"}],"author":[{"embeddable":true,"href":"https:\/\/agendadelsur.com\/index.php\/wp-json\/wp\/v2\/users\/2"}],"replies":[{"embeddable":true,"href":"https:\/\/agendadelsur.com\/index.php\/wp-json\/wp\/v2\/comments?post=28628"}],"version-history":[{"count":1,"href":"https:\/\/agendadelsur.com\/index.php\/wp-json\/wp\/v2\/posts\/28628\/revisions"}],"predecessor-version":[{"id":28630,"href":"https:\/\/agendadelsur.com\/index.php\/wp-json\/wp\/v2\/posts\/28628\/revisions\/28630"}],"wp:featuredmedia":[{"embeddable":true,"href":"https:\/\/agendadelsur.com\/index.php\/wp-json\/wp\/v2\/media\/28629"}],"wp:attachment":[{"href":"https:\/\/agendadelsur.com\/index.php\/wp-json\/wp\/v2\/media?parent=28628"}],"wp:term":[{"taxonomy":"category","embeddable":true,"href":"https:\/\/agendadelsur.com\/index.php\/wp-json\/wp\/v2\/categories?post=28628"},{"taxonomy":"post_tag","embeddable":true,"href":"https:\/\/agendadelsur.com\/index.php\/wp-json\/wp\/v2\/tags?post=28628"}],"curies":[{"name":"wp","href":"https:\/\/api.w.org\/{rel}","templated":true}]}}