{"id":28636,"date":"2022-12-16T14:23:08","date_gmt":"2022-12-16T17:23:08","guid":{"rendered":"https:\/\/agendadelsur.com\/?p=28636"},"modified":"2022-12-16T14:23:55","modified_gmt":"2022-12-16T17:23:55","slug":"entrega-de-medallas-y-diplomas-a-egresaditos-de-jardines-maternales-de-avellaneda","status":"publish","type":"post","link":"https:\/\/agendadelsur.com\/index.php\/2022\/12\/16\/entrega-de-medallas-y-diplomas-a-egresaditos-de-jardines-maternales-de-avellaneda\/","title":{"rendered":"Entrega de medallas y diplomas a &#8220;egresaditos&#8221; de jardines maternales de Avellaneda"},"content":{"rendered":"\n<h5 class=\"has-text-color wp-block-heading\" style=\"color:#ff0004\">Durante la semana la jefa de Gabinete de la Municipalidad de Avellaneda, Magdalena Sierra, visit\u00f3 los 17 jardines maternales municipales en donde particip\u00f3 de los actos de colaci\u00f3n junto a cada comunidad educativa.<\/h5>\n\n\n\n<div class=\"wp-block-image\"><figure class=\"aligncenter size-full is-resized\"><img loading=\"lazy\" decoding=\"async\" src=\"https:\/\/agendadelsur.com\/wp-content\/uploads\/2022\/12\/EDGRE-III.jpg\" alt=\"\" class=\"wp-image-28638\" width=\"447\" height=\"299\" srcset=\"https:\/\/agendadelsur.com\/wp-content\/uploads\/2022\/12\/EDGRE-III.jpg 600w, https:\/\/agendadelsur.com\/wp-content\/uploads\/2022\/12\/EDGRE-III-300x201.jpg 300w\" sizes=\"(max-width: 447px) 100vw, 447px\" \/><\/figure><\/div>\n\n\n\n<p>\u201cEstoy muy orgullosa de nuestro sistema educativo, que incluye con mucho amor\u201d de esa manera se expres\u00f3 Magdalena Sierra cuando convers\u00f3 con las familias y docentes que estaban presentes en sus respectivos actos.<\/p>\n\n\n\n<p>En ese marco, la jefa de Gabinete anunci\u00f3 la construcci\u00f3n de 13 nuevos jardines maternales y dijo: \u201cPor decisi\u00f3n de Jorge Ferraresi, que siempre piensa en mejorar la educaci\u00f3n p\u00fablica, vamos a tener la misma cantidad de maternales que de jardines de infantes\u201d.&nbsp;<\/p>\n\n\n\n<div class=\"wp-block-image\"><figure class=\"aligncenter size-full is-resized\"><img loading=\"lazy\" decoding=\"async\" src=\"https:\/\/agendadelsur.com\/wp-content\/uploads\/2022\/12\/Sin-titulo-2.jpg\" alt=\"\" class=\"wp-image-28639\" width=\"449\" height=\"301\" srcset=\"https:\/\/agendadelsur.com\/wp-content\/uploads\/2022\/12\/Sin-titulo-2.jpg 600w, https:\/\/agendadelsur.com\/wp-content\/uploads\/2022\/12\/Sin-titulo-2-300x201.jpg 300w\" sizes=\"(max-width: 449px) 100vw, 449px\" \/><\/figure><\/div>\n\n\n\n<p>Desde la Municipalidad de Avellaneda se trabaja permanentemente para que cada instituci\u00f3n educativa cuente con las mejores instalaciones y de esta manera los docentes, auxiliares y alumnos se puedan desarrollar en un ambiente de primer nivel.<\/p>\n\n\n\n<p>En cada acto de colaci\u00f3n estuvo presente la secretaria de Educaci\u00f3n de la comuna, Prof. Mar\u00eda Laura de Vincenti.<\/p>\n\n\n\n<p>Fuente: Direcci\u00f3n General de Medios y Redes de la Municipalidad de Avellaneda<\/p>\n\n\n\n<div class=\"wp-block-image\"><figure class=\"aligncenter size-full\"><img loading=\"lazy\" decoding=\"async\" width=\"300\" height=\"250\" src=\"https:\/\/agendadelsur.com\/wp-content\/uploads\/2022\/12\/aviso-roman-2.jpg\" alt=\"\" class=\"wp-image-28595\"\/><\/figure><\/div>\n\n\n\n<div class=\"wp-block-image\"><figure class=\"aligncenter size-full\"><img loading=\"lazy\" decoding=\"async\" width=\"300\" height=\"300\" src=\"https:\/\/agendadelsur.com\/wp-content\/uploads\/2022\/12\/Agregar-un-titulo-2.png\" alt=\"\" class=\"wp-image-28596\" srcset=\"https:\/\/agendadelsur.com\/wp-content\/uploads\/2022\/12\/Agregar-un-titulo-2.png 300w, https:\/\/agendadelsur.com\/wp-content\/uploads\/2022\/12\/Agregar-un-titulo-2-150x150.png 150w\" sizes=\"(max-width: 300px) 100vw, 300px\" \/><\/figure><\/div>\n","protected":false},"excerpt":{"rendered":"<p>Durante la semana la jefa de Gabinete de la Municipalidad de Avellaneda, Magdalena Sierra, visit\u00f3 los 17 jardines maternales municipales en donde particip\u00f3 de los actos de colaci\u00f3n junto a cada comunidad educativa. \u201cEstoy muy orgullosa de nuestro sistema educativo, que incluye con mucho amor\u201d de esa manera se expres\u00f3 Magdalena Sierra cuando convers\u00f3 con [&hellip;]<\/p>\n","protected":false},"author":2,"featured_media":28637,"comment_status":"closed","ping_status":"open","sticky":false,"template":"","format":"standard","meta":{"footnotes":""},"categories":[4],"tags":[8553,5027],"_links":{"self":[{"href":"https:\/\/agendadelsur.com\/index.php\/wp-json\/wp\/v2\/posts\/28636"}],"collection":[{"href":"https:\/\/agendadelsur.com\/index.php\/wp-json\/wp\/v2\/posts"}],"about":[{"href":"https:\/\/agendadelsur.com\/index.php\/wp-json\/wp\/v2\/types\/post"}],"author":[{"embeddable":true,"href":"https:\/\/agendadelsur.com\/index.php\/wp-json\/wp\/v2\/users\/2"}],"replies":[{"embeddable":true,"href":"https:\/\/agendadelsur.com\/index.php\/wp-json\/wp\/v2\/comments?post=28636"}],"version-history":[{"count":2,"href":"https:\/\/agendadelsur.com\/index.php\/wp-json\/wp\/v2\/posts\/28636\/revisions"}],"predecessor-version":[{"id":28641,"href":"https:\/\/agendadelsur.com\/index.php\/wp-json\/wp\/v2\/posts\/28636\/revisions\/28641"}],"wp:featuredmedia":[{"embeddable":true,"href":"https:\/\/agendadelsur.com\/index.php\/wp-json\/wp\/v2\/media\/28637"}],"wp:attachment":[{"href":"https:\/\/agendadelsur.com\/index.php\/wp-json\/wp\/v2\/media?parent=28636"}],"wp:term":[{"taxonomy":"category","embeddable":true,"href":"https:\/\/agendadelsur.com\/index.php\/wp-json\/wp\/v2\/categories?post=28636"},{"taxonomy":"post_tag","embeddable":true,"href":"https:\/\/agendadelsur.com\/index.php\/wp-json\/wp\/v2\/tags?post=28636"}],"curies":[{"name":"wp","href":"https:\/\/api.w.org\/{rel}","templated":true}]}}