{"id":28849,"date":"2022-12-22T17:26:55","date_gmt":"2022-12-22T20:26:55","guid":{"rendered":"https:\/\/agendadelsur.com\/?p=28849"},"modified":"2022-12-22T17:26:56","modified_gmt":"2022-12-22T20:26:56","slug":"firma-de-convenio-entre-la-uom-y-anses-en-el-instituto-tecnologico-beltran-de-avellaneda","status":"publish","type":"post","link":"https:\/\/agendadelsur.com\/index.php\/2022\/12\/22\/firma-de-convenio-entre-la-uom-y-anses-en-el-instituto-tecnologico-beltran-de-avellaneda\/","title":{"rendered":"Firma de convenio entre la UOM y ANSES en el Instituto Tecnol\u00f3gico Beltr\u00e1n de Avellaneda"},"content":{"rendered":"\n<h4 class=\"has-text-color wp-block-heading\" style=\"color:#ff0004\">En la ma\u00f1ana de este jueves, el intendente de Avellaneda Jorge Ferraresi asisti\u00f3 al acto de firma del convenio entre la UOM y ANSES en el Instituto Tecnol\u00f3gico Beltr\u00e1n de Avellaneda, en el marco del programa ANSES Va A Tu Trabajo (AVATT), que consiste en ofrecer un canal de atenci\u00f3n preferencial a empresas, sindicatos y organismos p\u00fablicos para tramitar diferentes prestaciones destinadas a las personas que trabajan en relaci\u00f3n de dependencia.<\/h4>\n\n\n\n<figure class=\"wp-block-gallery columns-2 is-cropped wp-block-gallery-1 is-layout-flex wp-block-gallery-is-layout-flex\"><ul class=\"blocks-gallery-grid\"><li class=\"blocks-gallery-item\"><figure><img loading=\"lazy\" decoding=\"async\" width=\"600\" height=\"399\" src=\"https:\/\/agendadelsur.com\/wp-content\/uploads\/2022\/12\/320512545_5160122487421400_337948089324188638_n.jpg\" alt=\"\" data-id=\"28850\" data-full-url=\"https:\/\/agendadelsur.com\/wp-content\/uploads\/2022\/12\/320512545_5160122487421400_337948089324188638_n.jpg\" data-link=\"https:\/\/agendadelsur.com\/?attachment_id=28850\" class=\"wp-image-28850\" srcset=\"https:\/\/agendadelsur.com\/wp-content\/uploads\/2022\/12\/320512545_5160122487421400_337948089324188638_n.jpg 600w, https:\/\/agendadelsur.com\/wp-content\/uploads\/2022\/12\/320512545_5160122487421400_337948089324188638_n-300x200.jpg 300w\" sizes=\"(max-width: 600px) 100vw, 600px\" \/><\/figure><\/li><li class=\"blocks-gallery-item\"><figure><img loading=\"lazy\" decoding=\"async\" width=\"600\" height=\"399\" src=\"https:\/\/agendadelsur.com\/wp-content\/uploads\/2022\/12\/320993783_864444294880075_6361317375309082981_n.jpg\" alt=\"\" data-id=\"28851\" data-full-url=\"https:\/\/agendadelsur.com\/wp-content\/uploads\/2022\/12\/320993783_864444294880075_6361317375309082981_n.jpg\" data-link=\"https:\/\/agendadelsur.com\/?attachment_id=28851\" class=\"wp-image-28851\" srcset=\"https:\/\/agendadelsur.com\/wp-content\/uploads\/2022\/12\/320993783_864444294880075_6361317375309082981_n.jpg 600w, https:\/\/agendadelsur.com\/wp-content\/uploads\/2022\/12\/320993783_864444294880075_6361317375309082981_n-300x200.jpg 300w\" sizes=\"(max-width: 600px) 100vw, 600px\" \/><\/figure><\/li><\/ul><\/figure>\n\n\n\n<p>En ese sentido, el secretario general de la Seccional Avellaneda de la UOM, Daniel Daporta, destac\u00f3 la r\u00fabrica porque servir\u00e1 \u201cpara acelerar tr\u00e1mites y resoluciones en el lugar de trabajo, sin tener que trasladarse\u201d.<\/p>\n\n\n\n<p>Asimismo, el secretario de la UOM Abel Furl\u00e1n agradeci\u00f3 a la directora ejecutiva de Anses, Fernanda Raverta, por poder contar con esta herramienta, al tiempo que hizo referencia a la falta de qu\u00f3rum de la C\u00e1mara de Diputados de la Naci\u00f3n, y sobre la oposici\u00f3n dijo: \u201cNos duele que se opongan a que el pueblo est\u00e9 mejor. Pero no vamos a bajar los brazos\u201d.<\/p>\n\n\n\n<p>Entre otros temas, ayer estaba previsto tratar el Plan de Pago de Deuda Previsional, un proyecto de ley que incluye una nueva moratoria para que hombres y mujeres que tienen la edad jubilatoria pero no cuentan con los 30 a\u00f1os de aportes realizados, puedan regularizarlos.<\/p>\n\n\n\n<p>Por su parte, Fernanda Raverta expres\u00f3: \u201cAyer tuvimos un rev\u00e9s muy importante. Sabemos que est\u00e1 planificado por la oposici\u00f3n, quienes no quieren que la alegr\u00eda del pueblo se extienda\u201d. Y continu\u00f3: \u201cLa discusi\u00f3n de siempre es que el pueblo tenga o no derechos. Nosotros queremos un gobierno a disposici\u00f3n de los trabajadores\u201d.<\/p>\n\n\n\n<p>\u201cAnses cree que el pilar de las pol\u00edticas p\u00fablicas son los laburantes. El Estado tiene la obligaci\u00f3n de estar cerca\u201d, sigui\u00f3 Raverta y concluy\u00f3: \u201cEs posible construir felicidad compartida\u201d.<\/p>\n\n\n\n<p>Fuente: Direcci\u00f3n General de Medios y Redes de la Municipalidad de Avellaneda<\/p>\n\n\n\n<div class=\"wp-block-image\"><figure class=\"aligncenter size-full\"><img loading=\"lazy\" decoding=\"async\" width=\"300\" height=\"300\" src=\"https:\/\/agendadelsur.com\/wp-content\/uploads\/2022\/12\/Agregar-un-titulo-4-1.png\" alt=\"\" class=\"wp-image-28853\" srcset=\"https:\/\/agendadelsur.com\/wp-content\/uploads\/2022\/12\/Agregar-un-titulo-4-1.png 300w, https:\/\/agendadelsur.com\/wp-content\/uploads\/2022\/12\/Agregar-un-titulo-4-1-150x150.png 150w\" sizes=\"(max-width: 300px) 100vw, 300px\" \/><\/figure><\/div>\n\n\n\n<div class=\"wp-block-image\"><figure class=\"aligncenter size-large is-resized\"><img loading=\"lazy\" decoding=\"async\" src=\"https:\/\/agendadelsur.com\/wp-content\/uploads\/2022\/12\/total-nuevo-14-feb-22-729x1024.jpg\" alt=\"\" class=\"wp-image-28854\" width=\"299\" height=\"420\" srcset=\"https:\/\/agendadelsur.com\/wp-content\/uploads\/2022\/12\/total-nuevo-14-feb-22-729x1024.jpg 729w, https:\/\/agendadelsur.com\/wp-content\/uploads\/2022\/12\/total-nuevo-14-feb-22-214x300.jpg 214w, https:\/\/agendadelsur.com\/wp-content\/uploads\/2022\/12\/total-nuevo-14-feb-22-768x1079.jpg 768w, https:\/\/agendadelsur.com\/wp-content\/uploads\/2022\/12\/total-nuevo-14-feb-22.jpg 929w\" sizes=\"(max-width: 299px) 100vw, 299px\" \/><\/figure><\/div>\n","protected":false},"excerpt":{"rendered":"<p>En la ma\u00f1ana de este jueves, el intendente de Avellaneda Jorge Ferraresi asisti\u00f3 al acto de firma del convenio entre la UOM y ANSES en el Instituto Tecnol\u00f3gico Beltr\u00e1n de Avellaneda, en el marco del programa ANSES Va A Tu Trabajo (AVATT), que consiste en ofrecer un canal de atenci\u00f3n preferencial a empresas, sindicatos y [&hellip;]<\/p>\n","protected":false},"author":2,"featured_media":28852,"comment_status":"closed","ping_status":"open","sticky":false,"template":"","format":"standard","meta":{"footnotes":""},"categories":[4],"tags":[8598,8348],"_links":{"self":[{"href":"https:\/\/agendadelsur.com\/index.php\/wp-json\/wp\/v2\/posts\/28849"}],"collection":[{"href":"https:\/\/agendadelsur.com\/index.php\/wp-json\/wp\/v2\/posts"}],"about":[{"href":"https:\/\/agendadelsur.com\/index.php\/wp-json\/wp\/v2\/types\/post"}],"author":[{"embeddable":true,"href":"https:\/\/agendadelsur.com\/index.php\/wp-json\/wp\/v2\/users\/2"}],"replies":[{"embeddable":true,"href":"https:\/\/agendadelsur.com\/index.php\/wp-json\/wp\/v2\/comments?post=28849"}],"version-history":[{"count":1,"href":"https:\/\/agendadelsur.com\/index.php\/wp-json\/wp\/v2\/posts\/28849\/revisions"}],"predecessor-version":[{"id":28855,"href":"https:\/\/agendadelsur.com\/index.php\/wp-json\/wp\/v2\/posts\/28849\/revisions\/28855"}],"wp:featuredmedia":[{"embeddable":true,"href":"https:\/\/agendadelsur.com\/index.php\/wp-json\/wp\/v2\/media\/28852"}],"wp:attachment":[{"href":"https:\/\/agendadelsur.com\/index.php\/wp-json\/wp\/v2\/media?parent=28849"}],"wp:term":[{"taxonomy":"category","embeddable":true,"href":"https:\/\/agendadelsur.com\/index.php\/wp-json\/wp\/v2\/categories?post=28849"},{"taxonomy":"post_tag","embeddable":true,"href":"https:\/\/agendadelsur.com\/index.php\/wp-json\/wp\/v2\/tags?post=28849"}],"curies":[{"name":"wp","href":"https:\/\/api.w.org\/{rel}","templated":true}]}}