{"id":28911,"date":"2022-12-24T03:56:12","date_gmt":"2022-12-24T06:56:12","guid":{"rendered":"https:\/\/agendadelsur.com\/?p=28911"},"modified":"2022-12-24T03:56:13","modified_gmt":"2022-12-24T06:56:13","slug":"estudia-ingles-en-el-verano-en-la-utn-avellaneda","status":"publish","type":"post","link":"https:\/\/agendadelsur.com\/index.php\/2022\/12\/24\/estudia-ingles-en-el-verano-en-la-utn-avellaneda\/","title":{"rendered":"Estudi\u00e1 ingl\u00e9s en el verano en la UTN Avellaneda"},"content":{"rendered":"\n<h5 class=\"has-text-color wp-block-heading\" style=\"color:#f80004\">A partir del 7 de febrero, la Facultad Regional Avellaneda de la Universidad Tecnol\u00f3gica Nacional, desde el Centro de Idiomas de la Secretar\u00eda de Cultura y Extensi\u00f3n Universitaria, dictar\u00e1 cursos de conversaci\u00f3n en ingl\u00e9s, nivel inicial, intermedio y avanzado.<\/h5>\n\n\n\n<div class=\"wp-block-image\"><figure class=\"aligncenter size-full is-resized\"><img loading=\"lazy\" decoding=\"async\" src=\"https:\/\/agendadelsur.com\/wp-content\/uploads\/2022\/12\/6-7.jpg\" alt=\"\" class=\"wp-image-28912\" width=\"308\" height=\"217\" srcset=\"https:\/\/agendadelsur.com\/wp-content\/uploads\/2022\/12\/6-7.jpg 680w, https:\/\/agendadelsur.com\/wp-content\/uploads\/2022\/12\/6-7-300x212.jpg 300w\" sizes=\"(max-width: 308px) 100vw, 308px\" \/><\/figure><\/div>\n\n\n\n<p>Las clases se desarrollar\u00e1n en forma presencial, los martes y jueves de 18.30 a 20 h, abiertas a toda la comunidad. El objetivo es que cada estudiante pueda perfeccionar, fortalecer y mejorar tanto la pronunciaci\u00f3n como el manejo del vocabulario.<\/p>\n\n\n\n<p>Para inscripciones y m\u00e1s informaci\u00f3n, ingresar en: &nbsp;<a href=\"https:\/\/extensionfra.com.ar\/courses\/curso-de-verano-conversacion-ingles-2023\/%20o\">https:\/\/extensionfra.com.ar\/courses\/curso-de-verano-conversacion-ingles-2023\/<\/a><\/p>\n\n\n\n<p>o\u00a0 comunicarse al 4201-4133, int. 125, y 4201-7211, o por mail a: <a href=\"idiomas@fra.utn.edu.ar%20\">idiomas@fra.utn.edu.ar<\/a><\/p>\n\n\n\n<div class=\"wp-block-image\"><figure class=\"aligncenter size-full\"><img loading=\"lazy\" decoding=\"async\" width=\"300\" height=\"250\" src=\"https:\/\/agendadelsur.com\/wp-content\/uploads\/2022\/12\/agenda-del-sur-4.png\" alt=\"\" class=\"wp-image-28814\"\/><\/figure><\/div>\n\n\n\n<div class=\"wp-block-image\"><figure class=\"aligncenter size-full\"><img loading=\"lazy\" decoding=\"async\" width=\"300\" height=\"250\" src=\"https:\/\/agendadelsur.com\/wp-content\/uploads\/2022\/12\/MILLANEL-INT.-1-3.jpg\" alt=\"\" class=\"wp-image-28815\"\/><\/figure><\/div>\n\n\n\n<p>&#8230;<\/p>\n","protected":false},"excerpt":{"rendered":"<p>A partir del 7 de febrero, la Facultad Regional Avellaneda de la Universidad Tecnol\u00f3gica Nacional, desde el Centro de Idiomas de la Secretar\u00eda de Cultura y Extensi\u00f3n Universitaria, dictar\u00e1 cursos de conversaci\u00f3n en ingl\u00e9s, nivel inicial, intermedio y avanzado. Las clases se desarrollar\u00e1n en forma presencial, los martes y jueves de 18.30 a 20 h, [&hellip;]<\/p>\n","protected":false},"author":2,"featured_media":28912,"comment_status":"closed","ping_status":"open","sticky":false,"template":"","format":"standard","meta":{"footnotes":""},"categories":[4],"tags":[6,8610,8611,132,661],"_links":{"self":[{"href":"https:\/\/agendadelsur.com\/index.php\/wp-json\/wp\/v2\/posts\/28911"}],"collection":[{"href":"https:\/\/agendadelsur.com\/index.php\/wp-json\/wp\/v2\/posts"}],"about":[{"href":"https:\/\/agendadelsur.com\/index.php\/wp-json\/wp\/v2\/types\/post"}],"author":[{"embeddable":true,"href":"https:\/\/agendadelsur.com\/index.php\/wp-json\/wp\/v2\/users\/2"}],"replies":[{"embeddable":true,"href":"https:\/\/agendadelsur.com\/index.php\/wp-json\/wp\/v2\/comments?post=28911"}],"version-history":[{"count":1,"href":"https:\/\/agendadelsur.com\/index.php\/wp-json\/wp\/v2\/posts\/28911\/revisions"}],"predecessor-version":[{"id":28913,"href":"https:\/\/agendadelsur.com\/index.php\/wp-json\/wp\/v2\/posts\/28911\/revisions\/28913"}],"wp:featuredmedia":[{"embeddable":true,"href":"https:\/\/agendadelsur.com\/index.php\/wp-json\/wp\/v2\/media\/28912"}],"wp:attachment":[{"href":"https:\/\/agendadelsur.com\/index.php\/wp-json\/wp\/v2\/media?parent=28911"}],"wp:term":[{"taxonomy":"category","embeddable":true,"href":"https:\/\/agendadelsur.com\/index.php\/wp-json\/wp\/v2\/categories?post=28911"},{"taxonomy":"post_tag","embeddable":true,"href":"https:\/\/agendadelsur.com\/index.php\/wp-json\/wp\/v2\/tags?post=28911"}],"curies":[{"name":"wp","href":"https:\/\/api.w.org\/{rel}","templated":true}]}}