{"id":28919,"date":"2022-12-25T03:44:12","date_gmt":"2022-12-25T06:44:12","guid":{"rendered":"https:\/\/agendadelsur.com\/?p=28919"},"modified":"2022-12-25T03:45:11","modified_gmt":"2022-12-25T06:45:11","slug":"mar-del-plata-60-espectaculos-y-entradas-populares-en-el-verano-del-auditorium","status":"publish","type":"post","link":"https:\/\/agendadelsur.com\/index.php\/2022\/12\/25\/mar-del-plata-60-espectaculos-y-entradas-populares-en-el-verano-del-auditorium\/","title":{"rendered":"Mar del Plata: 60 espect\u00e1culos y entradas populares en el verano del Auditorium"},"content":{"rendered":"\n<h5 class=\"has-text-color wp-block-heading\" style=\"color:#f7060a\">Teatro, m\u00fasica, danza, nuevas tendencias y artes visuales conforman la programaci\u00f3n del Teatro Auditorium producida por el Instituto Cultural de la Provincia de Buenas Aires para la temporada de verano 2023.Viernes, 23 Diciembre, 2022<\/h5>\n\n\n\n<div class=\"wp-block-image\"><figure class=\"aligncenter is-resized\"><img decoding=\"async\" src=\"https:\/\/www.gba.gob.ar\/sites\/default\/files\/noticiascultura\/galerias\/imagenes\/teatro_auditorium.jpg\" alt=\"Teatro Auditorium\" width=\"-159\" height=\"-113\" title=\"Teatro Auditorium\"\/><figcaption><em>Teatro Auditorium<\/em><\/figcaption><\/figure><\/div>\n\n\n\n<p>El Centro Provincial de las Artes Teatro Auditorium de Mar del Plata, dependiente del Instituto Cultural de la Provincia de Buenos Aires, contar\u00e1 esta temporada de verano con una diversa programaci\u00f3n de calidad y que contempla m\u00e1s de 60 espect\u00e1culos diferentes, a precios populares o directamente gratuitos, en sus diferentes salas y espacios de la ciudad.\u00a0<\/p>\n\n\n\n<p>Tarascones con Paola Barrientos, Alejandra Flechner, Eugenia Guerty y Susana Pamp\u00edn, Daddy Brieva, Gerardo Romano, Adriana Varela, Lito Nebbia, Daniel Fanego, Gustavo Garz\u00f3n, I\u00f1aki Urlezaga, Pompeyo Audivert, Lidia Borda, Ligia Piro y Luisa Kuliok son algunas de las muchas figuras del teatro y la m\u00fasica que se suman a artistas independientes, danza, exposiciones visuales y nuevas tendencias esc\u00e9nicas para conformar un nutrido calendario.&nbsp;<a href=\"https:\/\/www.gba.gob.ar\/teatro_auditorium\" target=\"_blank\" rel=\"noreferrer noopener\">https:\/\/www.gba.gob.ar\/teatro_auditorium<\/a><\/p>\n\n\n\n<p>\u201cEsta propuesta es parte de la pol\u00edtica de democratizaci\u00f3n y&nbsp; acceso a la cultura y al goce que llevamos adelante, para&nbsp; que todos y todas las bonaerenses que habiten o visiten la ciudad de Mar del Plata. Es importante se\u00f1alar que esta cartelera estar\u00e1 atravesada por una mirada federal, con compa\u00f1\u00edas y m\u00fasicos provenientes de distintos puntos de nuestra provincia,expresando as\u00ed esa diversidad que constituye esa identidad bonaerense que tanto promueve nuestro gobernador Axel Kicillof\u201d, expres\u00f3 Florencia Saintout, presidenta del Instituto Cultural.&nbsp;<\/p>\n\n\n\n<p>En este marco, tendr\u00e1 lugar Escena Bonaerense, un ciclo integrado por obras de teatro para adultxs de la mano de las compa\u00f1\u00edas bonaerenses que sostienen las salas independientes m\u00e1s importantes de la provincia de Buenos Aire.&nbsp;<\/p>\n\n\n\n<p>\u201cVamos a tener una programaci\u00f3n inmensa, enorme, diversa, para toda la familia, de calidad&nbsp; y a precios populares, con el objetivo-como siempre-de seguir democratizando el acceso a los biene y servicios culturales&nbsp; porque creemos que es un derecho. Y el derecho al goce y la alegr\u00eda, porque consideramos que la cultura es el coraz\u00f3n de un pueblo\u2026un pueblo que va a llenar Mar del Plata y todas las salas de nuestro Teatro Auditorium\u201d, manifest\u00f3 Victoria Onetto, subsecretaria de Pol\u00edticas Culturales.&nbsp;<\/p>\n\n\n\n<p>La temporada del Auditorium comenzar\u00e1 con la obra Tarascones interpretada por Paola Barrientos, Alejandra Flechner, Eugenia Guerty y Susana Pamp\u00edn, dirigida por&nbsp; Ciro Zorzoli (jueves 5 al domingo 8 de enero y del 2 al 5 de febrero) y Juana Vive! con Luisa Kuliok y Roberto Romano ( jueves 5 al domingo 8 de enero y del 16 al 19 de febrero).<\/p>\n\n\n\n<p>El teatro continuar\u00e1 con Los Perros de Nelson Valente.con Mar\u00eda Fiorentino, Melina Petriella , Patricio Aramburu y Carlos Rosas, (jueves 12 al domingo 15 de enero y del 2 al 5 marzo); Bergman y Liv con Ingrid Pellicori y Osmar N\u00fa\u00f1ez bajo la direcci\u00f3n de Leonor Manso (jueves 12 al domingo 15 de enero y del&nbsp; 9 al 12 de febrero) y Stefano de Armando Disc\u00e9polo dirigida por Marcelo De Bellis en una producci\u00f3n integral de la Comedia de la Provincia (jueves 19 al domingo 22 y del 26 al 29 de enero).&nbsp;<\/p>\n\n\n\n<p>El humor regresar\u00e1 con Dady Brieva en S\u00faper Dady &#8211; El Mago del Tiempo (martes 10 y mi\u00e9rcoles 11 de enero); mientras que los unipersonales llegar\u00e1n con actores de la trayectoria de Daniel Fanego en Modestamente Fanego (jueves 19 al domingo 22 de enero y del 16 al 19 de febrero); Un Jud\u00edo Com\u00fan y Corriente con Gerardo Romano dirigido por Manuel Gonz\u00e1lez Gil (martes 14 y mi\u00e9rcoles 15 de febrero), Buf\u00f3n con Gustavo Garz\u00f3n (jueves 26 al domingo 29 enero y del 23 al 26) y Habitaci\u00f3n Macbeth con Pompeyo Audivert (jueves 2 al domingo 5 de febrero). Adem\u00e1s se prev\u00e9n funciones de obras elogiadas por el p\u00fablico y la cr\u00edtica como El Loco y la Camisa de Nelson Valente (jueves 26 al domingo 29 de enero), La Tentaci\u00f3n de Pacho O\u2019Donnell con Ra\u00fal Rizzo y Pablo Shinji (martes 28 de febrero y mi\u00e9rcoles 1 de marzo) y Eternidades. T\u00e9 p\u00f3stumo en hall de cine, bajo la direcci\u00f3n de Pablo Gorlero (jueves 19 al domingo 22 de enero y del 23 al 26 de febrero).<\/p>\n\n\n\n<p>En m\u00fasica, sumado a ciclos y murgas se destacan los recitales de Adriana Varela (martes 24 de enero); Lidia Borda (martes 31 de enero), Ligia Piro (martes 17 y mi\u00e9rcoles 18 de enero), Litto Nebbia (mi\u00e9rcoles 22 de febrero) y Dolores Sol\u00e1 (martes 21 de febrero). Asimismo, se prev\u00e9 la presentaci\u00f3n del ballet dirigido por I\u00f1aki Urlezaga.<\/p>\n\n\n\n<p>En artes visuales, habr\u00e1 muestras de artistas con perspectivas de g\u00e9nero y diversidad, mientras que la exposici\u00f3n principal ser\u00e1 \u201cEl amor vence\u201d de Marina Olmi.<\/p>\n\n\n\n<p><strong>La programaci\u00f3n completa es la siguiente:<\/strong><\/p>\n\n\n\n<hr class=\"wp-block-separator\"\/>\n\n\n\n<p><strong>SALA ASTOR PIAZZOLLA<\/strong><\/p>\n\n\n\n<hr class=\"wp-block-separator\"\/>\n\n\n\n<p>TARASCONES. De Gonzalo Demar\u00eda. Con Paola Barrientos, Alejandra Flechner, Eugenia Guerty y Susana Pamp\u00edn. Dir.: Ciro Zorzoli. Enero: Jueves 5 al Domingo 8 \u2013 21:30 hs.. Febrero: Jueves 2 al Domingo 5 \u2013 21:30 hs.<\/p>\n\n\n\n<p>LOS PERROS. De Nelson Valente. Con &nbsp;Mar\u00eda Fiorentino, Melina Petriella , Patricio Aramburu y Carlos Rosas. Dir.: Nelson Valente. Enero: Jueves 12 al Domingo 15 \u2013 21:30 hs. Marzo: Jueves 2 al Domingo 5 \u2013 21:30 hs.<\/p>\n\n\n\n<p>STEFANO. De Armando Disc\u00e9polo. Con Luis Longhi, Maia Francia, Jorge Noya, Gaby Almir\u00f3n, Nacho Toselli, Mabel Campos, Trinidad Falco, Nico C\u00facaro, Ricardo Ibarl\u00edn, Cecilia Coleff, Fabio Prado Gonz\u00e1lez y Mariela Marconi. Dir.: Marcelo De Bellis. Enero: Jueves 19 al Domingo 22 y Jueves 26 al Domingo 29 \u2013 21:30 hs.<\/p>\n\n\n\n<p>SUPER DADY \u2013 EL MAGO DEL TIEMPO. Con Dady Brieva. Enero: Martes 10 y Mi\u00e9rcoles 11 \u2013 21:30 hs. LIGIA PIRO. Enero: Martes 17 y Mi\u00e9rcoles 18 \u2013 21:30 hs.&nbsp;<\/p>\n\n\n\n<p>ADRIANA VARELA. Enero: Martes 24 \u2013 21:30 hs..&nbsp;<\/p>\n\n\n\n<p>I\u00d1AKI URLEZAGA. Enero: Mi\u00e9rcoles 25 \u2013 21:30 hs.<\/p>\n\n\n\n<p>LIDIA BORDA. Enero: Martes 31 \u2013 21:30 hs.<\/p>\n\n\n\n<p>JUANA VIVE!. Con Luisa Kuliok y Roberto Romano. Dir.: Rosa Celentano. Febrero: Del Jueves 16 al Domingo 19 \u2013 21:30 hs.<\/p>\n\n\n\n<p>UN JUD\u00cdO COM\u00daN Y CORRIENTE. De Charles Lewinsky. Con Gerardo Romano. Dir.: Manuel Gonz\u00e1lez Gil. Febrero: Martes 14 y Mi\u00e9rcoles 15 \u2013 21:30 hs.<\/p>\n\n\n\n<p>DOLORES SOL\u00c1. Febrero: Martes 21 \u2013 21:30 hs.&nbsp;<\/p>\n\n\n\n<p>LITTO NEBBIA. Febrero: Mi\u00e9rcoles 22 \u2013 21:30 hs.<\/p>\n\n\n\n<p>LA TENTACI\u00d3N. De Pacho O\u2019Donnell- Con Ra\u00fal Rizzo y Pablo Shinji. Dir.: Santiago Doria. Febrero: Martes 28 \u2013 21:30 hs. Marzo: Mi\u00e9rcoles 1 \u2013 21:30 hs.<\/p>\n\n\n\n<hr class=\"wp-block-separator\"\/>\n\n\n\n<p><strong>SALA ROBERTO J. PAYRO<\/strong><\/p>\n\n\n\n<hr class=\"wp-block-separator\"\/>\n\n\n\n<p>MUCHO BARDO Y POCAS NUECES. Con Leo Rizzi, Mona De Marco, Macarena Riesco, Oscar Mi\u00f1o, Camila Suero y Axel Otarola. Dir.: Leo Rizzi. Enero: Mi\u00e9rcoles 4, 11, 18 y 25 \u2013 21:00 hs. Febrero: Mi\u00e9rcoles 1, 8, 15 y 22 \u2013 21:00 hs.<\/p>\n\n\n\n<p>JUANA VIVE!. Con Luisa Kuliok y Roberto Romano. Dir.: Rosa Celentano. Enero: Del Jueves 5 al Domingo 8 \u2013 21:00 hs.<\/p>\n\n\n\n<p>BERGMAN Y LIV. Con Ingrid Pellicori y Osmar N\u00fa\u00f1ez. Dir.: Leonor Manso. Enero: Del Jueves 12 al Domingo 15 \u2013 21:00 hs. Febrero: Del Jueves 9 al Domingo 12 \u2013 21:00 hs.<\/p>\n\n\n\n<p>CICLO ESCENA BONAERENSE:<\/p>\n\n\n\n<ul><li>VACAMAN. Con Mauricio Serrano, Pablo Nakandakare, Edgardo Desimone, Estefan\u00eda Marconi, Juan Pablo Ju\u00e1rez, Fabi\u00e1n Vasco Andicoechea, Claudio Negro Cogo, Bruno Mux y Sol Santac\u00e1. Dramaturgia y Direcci\u00f3n: Diego de Miguel. Enero: Del Jueves 12 al Domingo 15 \u2013 22:30 hs.<\/li><li>BARRANCA S\u00c1NCHEZ DE FLORENCIO ABAJO. Dramaturgia y Direcci\u00f3n: Diego Scarpellino. Con Elena Boggan, Mario Clavin, Pablo Dur\u00e1n, Luc\u00eda Cantero, Andrea Fassio, Luc\u00eda Fracchia y Gina Tosiani. Febrero: Del Jueves 9 al Domingo 12 \u2013 22:30 hs.<\/li><\/ul>\n\n\n\n<p>MODESTAMENTE FANEGO. Con Daniel Fanego. Enero: Del Jueves 19 al Domingo 22 \u2013 21:00 hs. Febrero: Del Jueves 16 al Domingo 19 \u2013 21:00 hs.<\/p>\n\n\n\n<p>ETERNIDADES. T\u00c9 P\u00d3STUMO EN HALL DE CINE. Con Sof\u00eda Almuina, Lucia Andrada, Agustina D\u00b4Angelo, Karina Barda y Jimena Gonik. Dir.: Pablo Gorlero. Enero: Del Jueves 19 al Domingo 22 \u2013 22:30 hs.. Febrero: Del Jueves 23 al Domingo 26 \u2013 22:30 hs.<\/p>\n\n\n\n<p>BUF\u00d3N. Con Gustavo Garz\u00f3n. Dir.: Gustavo Pardi. Enero: Del Jueves 26 al Domingo 29 \u2013 21:00 hs. Febrero: Del Jueves 23 al Domingo 26 \u2013 21:00 hs.<\/p>\n\n\n\n<p>EL LOCO Y LA CAMISA. Con Soledad Bautista, Gabriel Beck, Ricardo Larrama, Jos\u00e9 Pablo Su\u00e1rez y Fabiana Mart\u00ednez. Dir.: Nelson Valente. Enero: Del Jueves 26 al Domingo 29 \u2013 22:30 hs.<\/p>\n\n\n\n<p>CICLO PROVINCIA ES M\u00daSICA:<\/p>\n\n\n\n<ul><li>MURGA LA GORDA NELLY. Enero: Martes 17 \u2013 21:00 hs.<\/li><li>DESPELOTANGO. Enero: Martes 24 \u2013 21:00 hs.<\/li><li>QUIERO 24. Enero: Martes 31 \u2013 21:00 hs.<\/li><li>LA LLAVE.&nbsp;<\/li><li>Febrero: Martes 7 \u2013 21:00 hs.<\/li><li>MAR\u00cdA CHICUMBA Febrero: Martes 14 \u2013 21:00 hs.<\/li><li>JAVI ARIAS Y LES OPTIMISTAS DE LA CANCI\u00d3N. Febrero: Martes 21 \u2013 21:00 hs.<\/li><li>JACHA MARKA. Febrero: Martes 28 \u2013 21:00 hs.<\/li><\/ul>\n\n\n\n<p>HABITACI\u00d3N MACBETH. Con Pompeyo Audivert. Febrero: Del Jueves 2 al Domingo 5 \u2013 21:00 hs.<\/p>\n\n\n\n<hr class=\"wp-block-separator\"\/>\n\n\n\n<p><strong>SALA GREGORIO NACHMAN<\/strong><\/p>\n\n\n\n<hr class=\"wp-block-separator\"\/>\n\n\n\n<p>OLVIDATE DEL MATADERO. Con Pablo Finamore. Dir.: Claudio Mart\u00ednez Bel. Enero: Martes 10, 17, 24 y 31 \u2013 21:00 hs. Febrero: Martes 7, 14, 21 y 28 \u2013 21:00 hs.<\/p>\n\n\n\n<p>COMO CONSEGUIR CHISTES. Con Pablo Vasco. Enero: Martes 10, 17, 24 y 31 \u2013 23:00 hs. Febrero: Martes 7, 14, 21 y 28 \u2013 23:00 hs.<\/p>\n\n\n\n<p>DISPARATE. HECHO O DICHO FUERA DE RAZ\u00d3N Y REGLA. De Guillermo Yan\u00edcola. Con Hebe Amancay Rinaldi, Fausto Ruidiaz, Carla Areta, Maxi Mena, Vivi Gim\u00e9nez, Roberto De Large, Gabriel Celaya, Cecilia Mes\u00edas, Bel\u00e9n Manetta, Milena Bracciale y Julio Palay. Dir.: Claudia Mosso. Enero: Mi\u00e9rcoles 4, 11, 18 y 25 \u2013 21:00 hs.. Febrero: Mi\u00e9rcoles 1, 8, 15 y 22 \u2013 21:00 hs.<\/p>\n\n\n\n<p>LA \u00daLTIMA BONAPARTE. De Walter Hugo Ghedin. Con Silvia P\u00e9rez, Mauro \u00c1lvarez. M\u00fasico: Agust\u00edn Buquete. Dir.: Dennis Smith. Enero: Del Jueves 5 al Domingo 8 \u2013 21:00 hs. Febrero: Del Jueves 23 al Domingo 26 \u2013 23:00 hs.<\/p>\n\n\n\n<p>JUGUETE ARLTERADO. De Luis S\u00e1ez. Con Omar Lopardo y Jorge Taiana. Dir.: Fernando Alegre. Enero: Del Jueves 12 al Domingo 15 \u2013 21:00 hs. Febrero: Del Jueves 16 al Domingo 19 \u2013 23:00 hs.<\/p>\n\n\n\n<p>PAJARITA. Con Lorena Szekely y Pablo Mariuzzi. Dir.: Guillermo Parodi. Enero: Del Jueves 12 al Domingo 15 \u2013 23:00 hs. Febrero: Del Jueves 9 al Domingo 12 \u2013 23:00 hs.<\/p>\n\n\n\n<p>CICLO ESCENA BONAERENSE:<\/p>\n\n\n\n<ul><li>DIARIO DE OLVIDOS Enero: Del Jueves 19 al Domingo 22 \u2013 21:00 hs.<\/li><li>SANTA JUANA DE LOS MATADEROS. Febrero: Del Jueves 23 al Domingo 26 \u2013 21:00 hs.<\/li><\/ul>\n\n\n\n<p>MIAU TR\u00cdO. Roc\u00edo Katz, Mariana Michi y Roc\u00edo Iturralde. Enero: Del Jueves 19 al Domingo 22 \u2013 23:00 hs.<\/p>\n\n\n\n<p>LAS REINAS. Con Paula Grinszpan y Luc\u00eda Maciel. Dir.: Paula Grinszpan, Luc\u00eda Maciel y Luc\u00eda Panno. Enero: Del Jueves 26 al Domingo 29 \u2013 21:00 hs.. Febrero: Del Jueves 2 al Domingo 5 \u2013 21:00 hs.<\/p>\n\n\n\n<p>CARNE DE CR\u00cdTICA. Con Francisco Pesqueira y Claudio Pazos. Dir.: Carlo Argento. Enero: Del Jueves 26 al Domingo 29 \u2013 23:00 hs. Febrero: Del Jueves 2 al Domingo 5 \u2013 23:00 hs.<\/p>\n\n\n\n<p>CIERTAS PETUNIAS presentan \u201cQU\u00c9 HERMOSA KERMESSE\u201d. Teatro musical.&nbsp;<\/p>\n\n\n\n<p>Con Magdalena Barla, Luc\u00eda Braude, Camila Campod\u00f3nico, Natalia Guevara y Tania Valsecchi. Febrero: Del Jueves 16 al Domingo 19 \u2013 21:00 hs.<\/p>\n\n\n\n<hr class=\"wp-block-separator\"\/>\n\n\n\n<p><strong>CAF\u00c9 TEATRAL EMILIO ALFARO<\/strong><\/p>\n\n\n\n<hr class=\"wp-block-separator\"\/>\n\n\n\n<p>CACHITAS NOW. Noelia Sinkunas (teclados y coros),&nbsp; Melisa Lobos&nbsp; (voz), Guadalupe Mambrin (octapad),&nbsp; Tomas Llancafil Williams (guitarra y voz),&nbsp; Jon\u00e1s G\u00f3mez Dip (\u00fcira),&nbsp; Melisa Roc\u00edo Montejano (bajo) y Mat\u00edas Leonel Rodr\u00edguez (timbaletas). Febrero: Mi\u00e9rcoles 8 \u2013 23:00 hs.&nbsp;<\/p>\n\n\n\n<hr class=\"wp-block-separator\"\/>\n\n\n\n<p><strong>SALA JORGE LAURETI (PUERTO)<\/strong><\/p>\n\n\n\n<hr class=\"wp-block-separator\"\/>\n\n\n\n<p>EPIFAN\u00cdA IRREVERENTE. Autor y Director: Ra\u00fal Garavaglia. Con Ana Ju\u00e1rez, N\u00e9lida Arcidi\u00e1cono, Evelina Carozzo, Romi Tole, Juan Dematteis y Lucila P\u00e9rez Rioja. Enero: Martes 3, 17 y 31 \u2013 21:30 hs. Febrero: Martes 7 y 21 \u2013 21:30 hs.<\/p>\n\n\n\n<p>COMPA\u00d1\u00cdA ROMPIENDO RUTINAS presenta \u201cCATARSIS COLECTIVA\u201d. Teatro \u2013 M\u00fasica &#8211; Circo. Enero: Del Jueves 5 al Domingo 8 \u2013 19:30 hs.<\/p>\n\n\n\n<p>CICLO ESCENA BONAERENSE\/INFANCIAS:<\/p>\n\n\n\n<ul><li>LA PLAZA DE LOS SUE\u00d1OS PERDIDOS. Enero: Mi\u00e9rcoles 4 \u2013 21:00 hs.<\/li><li>HACIENDO COMUNIDAD. Enero: Mi\u00e9rcoles 11 \u2013 21:00 hs.<\/li><li>COSA E\u2019 MANDINGA. Enero: Mi\u00e9rcoles 18 \u2013 21:00 hs.<\/li><li>LUPA, MUNDOS PARA MIRAR DE CERCA. Enero: Mi\u00e9rcoles 25 &#8211; 21:00 hs.<\/li><li>LA EXCUSA DEL PAYASO TERTULIO. Febrero: Mi\u00e9rcoles 1 \u2013 21:00 hs.<\/li><li>EL SALTO MORTAL. Febrero: Mi\u00e9rcoles 8 \u2013 21:00 hs.<\/li><li>LAS AVENTURAS DE DORITA Y LILI. Febrero: Mi\u00e9rcoles 15 \u2013 21:00 hs.<\/li><\/ul>\n\n\n\n<p>CICLO ESCENA BONAERENSE:<\/p>\n\n\n\n<ul><li>OR\u00c9GANO. De Sergio Lobo. Con Chantal Criscuolo, Marisol Mart\u00ednez, Luciano Manoni y Santiago Mini\u00f1o. Dir.: Pablo Szakiel. Enero: Del Jueves 5 al Domingo 8 \u2013 21:30 hs.<\/li><li>ESTHER. O LA NOCHE QUE ENMUDECIERON LAS RADIOS. De Patricia Signorelli. Con Miriam De Luca y Patricia Signorelli. Febrero: Del Jueves 2 al Domingo 5 \u2013 21:30 hs.<\/li><\/ul>\n\n\n\n<p>LA MECA. Con Mariana \u201cCumbi\u201d Bustinza.&nbsp; M\u00fasico en vivo: Facundo Salas&nbsp; Dir.: Mariana \u201cCumbi\u201d Bustinza Enero: Del Jueves 12 al Domingo 15 \u2013 21:30 hs. Febrero: Del Jueves 9 al Domingo 12 \u2013 21:30 hs.<\/p>\n\n\n\n<p>ALICIA POR EL MOMENTO. De Sylvain Levey. Con Mariana Cumbi Bustinza, Pablo Fusco, Manu Fanego, Juli\u00e1n Lucero, Tincho Lups. Dir.: Maruja Bustamante. Enero: Del Jueves 19 al Domingo 22 \u2013 21:30 hs. Febrero: Del Jueves 16 al Domingo 19 \u2013 21:30 hs.<\/p>\n\n\n\n<p>SHAMROCK. Dramaturgia: Brenda Howlin. Con Ale Gigena, Caro Settton, Justina Grande, Pablo Kusnetzoff. Direcci\u00f3n: Nano Zyssholtz. Enero: Del Jueves 26 al Domingo 29 \u2013 21:30 hs. Febrero: Del Jueves 23 al Domingo 26 \u2013 21:30 hs.<\/p>\n\n\n\n<p>APARATOS. Con Fain\u00e1 y Escobi Yon. Febrero: Del Jueves 9 al Domingo12 \u2013 19:30 hs.<\/p>\n\n\n\n<p>CICLO \u201cLOS LOCOS DEL RADIOTEATRO\u201d:<\/p>\n\n\n\n<ul><li>QUE NOCHE DE CASAMIENTO! Enero: Martes 10 \u2013 21:30 hs.<\/li><li>JUAN MOREYRA. Enero: Martes 24 \u2013 21:30 hs.<\/li><li>LAS D\u2019ENFRENTE. Febrero: Martes 14 \u2013 21:30 hs.<\/li><li>LAS PRECIOSAS RID\u00cdCULAS. Febrero: Martes 28 \u2013 21:30 hs.<\/li><li><\/li><\/ul>\n\n\n\n<div class=\"wp-block-image\"><figure class=\"aligncenter size-full\"><img loading=\"lazy\" decoding=\"async\" width=\"300\" height=\"250\" src=\"https:\/\/agendadelsur.com\/wp-content\/uploads\/2022\/12\/agenda-del-sur-4.png\" alt=\"\" class=\"wp-image-28814\"\/><\/figure><\/div>\n\n\n\n<div class=\"wp-block-image\"><figure class=\"aligncenter size-full\"><img loading=\"lazy\" decoding=\"async\" width=\"300\" height=\"250\" src=\"https:\/\/agendadelsur.com\/wp-content\/uploads\/2022\/12\/MILLANEL-INT.-1-3.jpg\" alt=\"\" class=\"wp-image-28815\"\/><\/figure><\/div>\n","protected":false},"excerpt":{"rendered":"<p>Teatro, m\u00fasica, danza, nuevas tendencias y artes visuales conforman la programaci\u00f3n del Teatro Auditorium producida por el Instituto Cultural de la Provincia de Buenas Aires para la temporada de verano 2023.Viernes, 23 Diciembre, 2022 El Centro Provincial de las Artes Teatro Auditorium de Mar del Plata, dependiente del Instituto Cultural de la Provincia de Buenos [&hellip;]<\/p>\n","protected":false},"author":2,"featured_media":28921,"comment_status":"closed","ping_status":"open","sticky":false,"template":"","format":"standard","meta":{"footnotes":""},"categories":[1419],"tags":[5083,8612],"_links":{"self":[{"href":"https:\/\/agendadelsur.com\/index.php\/wp-json\/wp\/v2\/posts\/28919"}],"collection":[{"href":"https:\/\/agendadelsur.com\/index.php\/wp-json\/wp\/v2\/posts"}],"about":[{"href":"https:\/\/agendadelsur.com\/index.php\/wp-json\/wp\/v2\/types\/post"}],"author":[{"embeddable":true,"href":"https:\/\/agendadelsur.com\/index.php\/wp-json\/wp\/v2\/users\/2"}],"replies":[{"embeddable":true,"href":"https:\/\/agendadelsur.com\/index.php\/wp-json\/wp\/v2\/comments?post=28919"}],"version-history":[{"count":2,"href":"https:\/\/agendadelsur.com\/index.php\/wp-json\/wp\/v2\/posts\/28919\/revisions"}],"predecessor-version":[{"id":28923,"href":"https:\/\/agendadelsur.com\/index.php\/wp-json\/wp\/v2\/posts\/28919\/revisions\/28923"}],"wp:featuredmedia":[{"embeddable":true,"href":"https:\/\/agendadelsur.com\/index.php\/wp-json\/wp\/v2\/media\/28921"}],"wp:attachment":[{"href":"https:\/\/agendadelsur.com\/index.php\/wp-json\/wp\/v2\/media?parent=28919"}],"wp:term":[{"taxonomy":"category","embeddable":true,"href":"https:\/\/agendadelsur.com\/index.php\/wp-json\/wp\/v2\/categories?post=28919"},{"taxonomy":"post_tag","embeddable":true,"href":"https:\/\/agendadelsur.com\/index.php\/wp-json\/wp\/v2\/tags?post=28919"}],"curies":[{"name":"wp","href":"https:\/\/api.w.org\/{rel}","templated":true}]}}