{"id":28924,"date":"2022-12-25T22:09:23","date_gmt":"2022-12-26T01:09:23","guid":{"rendered":"https:\/\/agendadelsur.com\/?p=28924"},"modified":"2022-12-25T22:09:24","modified_gmt":"2022-12-26T01:09:24","slug":"rodrigo-de-paul-y-alejandro-papu-gomez-seran-ciudadanos-ilustres-de-avellaneda","status":"publish","type":"post","link":"https:\/\/agendadelsur.com\/index.php\/2022\/12\/25\/rodrigo-de-paul-y-alejandro-papu-gomez-seran-ciudadanos-ilustres-de-avellaneda\/","title":{"rendered":"Rodrigo De Paul y Alejandro \u201cPapu\u201d G\u00f3mez ser\u00e1n ciudadanos ilustres de Avellaneda"},"content":{"rendered":"\n<h5 class=\"has-text-color wp-block-heading\" style=\"color:#ff3034\">Los campeones del mundo ser\u00e1n homenajeados en su ciudad natal por lo logrado en Qatar 2022.El proyecto fue presentado la semana pasada en el Concejo Deliberante por el bloque oficialista del Frente de Todos &nbsp;y aprobado por el resto de los ediles.<\/h5>\n\n\n\n<div class=\"wp-block-image\"><figure class=\"aligncenter size-full\"><img loading=\"lazy\" decoding=\"async\" width=\"489\" height=\"397\" src=\"https:\/\/agendadelsur.com\/wp-content\/uploads\/2022\/12\/RODRIGO-Y-PAPU.jpg\" alt=\"\" class=\"wp-image-28925\" srcset=\"https:\/\/agendadelsur.com\/wp-content\/uploads\/2022\/12\/RODRIGO-Y-PAPU.jpg 489w, https:\/\/agendadelsur.com\/wp-content\/uploads\/2022\/12\/RODRIGO-Y-PAPU-300x244.jpg 300w\" sizes=\"(max-width: 489px) 100vw, 489px\" \/><\/figure><\/div>\n\n\n\n<p>En ambos casos, el proyecto destaca que tanto Rodrigo De Paul como Alejandro G\u00f3mez &#8220;nunca se olvidaron de sus ra\u00edces y siguieron participando de la vida social de sus barrios y los clubes de los que surgieron&#8221;.<\/p>\n\n\n\n<p>El V\u00ednculo de los Jugadores con Avellaneda<\/p>\n\n\n\n<p>Rodrigo De Paul naci\u00f3 el 24 de mayo de 1994 en Sarand\u00ed, comenz\u00f3 en el baby-f\u00fatbol de Deportivo Belgrano (club de barrio) y luego hizo inferiores en Racing Club, donde debut\u00f3 profesionalmente. Hizo todos sus estudios primarios y secundarios en el colegio Loreto.<\/p>\n\n\n\n<p>Por otro lado, el Papu G\u00f3mez naci\u00f3 el 15 de febrero de 1988, realiz\u00f3 la primaria en la Escuela 1 de Avellaneda y la secundaria en el Instituto del Club Atl\u00e9tico Independiente; jug\u00f3 al baby en Racing y luego pas\u00f3 a Arsenal, donde lleg\u00f3 a la Primera Divisi\u00f3n. Fue parte del plantel que logr\u00f3 el primer t\u00edtulo internacional de la instituci\u00f3n de Sarand\u00ed, en el a\u00f1o 2007.<\/p>\n\n\n\n<p>Luego de debutar en la Academia, Rodrigo De Paul jug\u00f3 en Valencia (Espa\u00f1a), Udinese (Italia) y Atl\u00e9tico de Madrid (Espa\u00f1a), su actual club, mientras que el Papu G\u00f3mez se fue del equipo del Viaducto a San Lorenzo de Almagro y luego pas\u00f3 por Catania (Italia), Metalist (Ucrania), Atalanta (Italia) y Sevilla (Espa\u00f1a), donde se desempe\u00f1a actualmente.<\/p>\n\n\n\n<div class=\"wp-block-image\"><figure class=\"aligncenter size-full\"><img loading=\"lazy\" decoding=\"async\" width=\"300\" height=\"250\" src=\"https:\/\/agendadelsur.com\/wp-content\/uploads\/2022\/12\/agenda-del-sur-4.png\" alt=\"\" class=\"wp-image-28814\"\/><\/figure><\/div>\n\n\n\n<div class=\"wp-block-image\"><figure class=\"aligncenter size-full\"><img loading=\"lazy\" decoding=\"async\" width=\"300\" height=\"250\" src=\"https:\/\/agendadelsur.com\/wp-content\/uploads\/2022\/12\/MILLANEL-INT.-1-3.jpg\" alt=\"\" class=\"wp-image-28815\"\/><\/figure><\/div>\n","protected":false},"excerpt":{"rendered":"<p>Los campeones del mundo ser\u00e1n homenajeados en su ciudad natal por lo logrado en Qatar 2022.El proyecto fue presentado la semana pasada en el Concejo Deliberante por el bloque oficialista del Frente de Todos &nbsp;y aprobado por el resto de los ediles. En ambos casos, el proyecto destaca que tanto Rodrigo De Paul como Alejandro [&hellip;]<\/p>\n","protected":false},"author":2,"featured_media":28928,"comment_status":"closed","ping_status":"open","sticky":false,"template":"","format":"standard","meta":{"footnotes":""},"categories":[4],"tags":[8613],"_links":{"self":[{"href":"https:\/\/agendadelsur.com\/index.php\/wp-json\/wp\/v2\/posts\/28924"}],"collection":[{"href":"https:\/\/agendadelsur.com\/index.php\/wp-json\/wp\/v2\/posts"}],"about":[{"href":"https:\/\/agendadelsur.com\/index.php\/wp-json\/wp\/v2\/types\/post"}],"author":[{"embeddable":true,"href":"https:\/\/agendadelsur.com\/index.php\/wp-json\/wp\/v2\/users\/2"}],"replies":[{"embeddable":true,"href":"https:\/\/agendadelsur.com\/index.php\/wp-json\/wp\/v2\/comments?post=28924"}],"version-history":[{"count":1,"href":"https:\/\/agendadelsur.com\/index.php\/wp-json\/wp\/v2\/posts\/28924\/revisions"}],"predecessor-version":[{"id":28929,"href":"https:\/\/agendadelsur.com\/index.php\/wp-json\/wp\/v2\/posts\/28924\/revisions\/28929"}],"wp:featuredmedia":[{"embeddable":true,"href":"https:\/\/agendadelsur.com\/index.php\/wp-json\/wp\/v2\/media\/28928"}],"wp:attachment":[{"href":"https:\/\/agendadelsur.com\/index.php\/wp-json\/wp\/v2\/media?parent=28924"}],"wp:term":[{"taxonomy":"category","embeddable":true,"href":"https:\/\/agendadelsur.com\/index.php\/wp-json\/wp\/v2\/categories?post=28924"},{"taxonomy":"post_tag","embeddable":true,"href":"https:\/\/agendadelsur.com\/index.php\/wp-json\/wp\/v2\/tags?post=28924"}],"curies":[{"name":"wp","href":"https:\/\/api.w.org\/{rel}","templated":true}]}}