{"id":28936,"date":"2022-12-26T00:39:10","date_gmt":"2022-12-26T03:39:10","guid":{"rendered":"https:\/\/agendadelsur.com\/?p=28936"},"modified":"2022-12-26T00:39:11","modified_gmt":"2022-12-26T03:39:11","slug":"curso-de-instalaciones-electricas-dictado-por-la-utn-avellaneda","status":"publish","type":"post","link":"https:\/\/agendadelsur.com\/index.php\/2022\/12\/26\/curso-de-instalaciones-electricas-dictado-por-la-utn-avellaneda\/","title":{"rendered":"Curso de Instalaciones El\u00e9ctricas dictado por la UTN Avellaneda"},"content":{"rendered":"\n<h5 class=\"has-text-color wp-block-heading\" style=\"color:#fc0207\">Esta dirigido a toda la comunidad, tanto a personas sin conocimientos previos como al personal encargado de supervisi\u00f3n, reparaci\u00f3n y mantenimiento de equipos. La Secretar\u00eda de Cultura y Extensi\u00f3n Universitaria de la Facultad Regional Avellaneda de la Universidad Tecnol\u00f3gica Nacional organiza el curso de Instalaciones El\u00e9ctricas hasta 1000 volts y 10 kw.\u00a0Comienza en febrero, con clases presenciales.\u00a0<\/h5>\n\n\n\n<div class=\"wp-block-image\"><figure class=\"aligncenter size-full is-resized\"><img loading=\"lazy\" decoding=\"async\" src=\"https:\/\/agendadelsur.com\/wp-content\/uploads\/2022\/12\/3-21.jpg\" alt=\"\" class=\"wp-image-28937\" width=\"328\" height=\"232\" srcset=\"https:\/\/agendadelsur.com\/wp-content\/uploads\/2022\/12\/3-21.jpg 680w, https:\/\/agendadelsur.com\/wp-content\/uploads\/2022\/12\/3-21-300x212.jpg 300w\" sizes=\"(max-width: 328px) 100vw, 328px\" \/><\/figure><\/div>\n\n\n\n<p>Durante las clases se brindar\u00e1n los conocimientos necesarios para desarrollar instalaciones, diagn\u00f3sticos y reparaciones en energ\u00eda el\u00e9ctrica para fuerza motriz e iluminaci\u00f3n. En ese sentido, se trabajar\u00e1 sobre temas como l\u00edneas de distribuci\u00f3n, generaci\u00f3n y motores, factor de potencia y tableros.&nbsp;&nbsp;<\/p>\n\n\n\n<p>La cursada se dictar\u00e1 en modalidad presencial, los lunes de 19 a 22 h, con inicio el 13 de febrero, durante cuatro meses.&nbsp;<\/p>\n\n\n\n<p>Para mayor informaci\u00f3n e inscripciones, ingresar en&nbsp;<a href=\"https:\/\/extensionfra.com.ar\/courses\/instalaciones-eletricas-presencial\/\" target=\"_blank\" rel=\"noreferrer noopener\">https:\/\/extensionfra.com.ar\/courses\/instalaciones-eletricas-presencial\/<\/a>, o comunicarse al 4201-4133, int. 125, o 4201-7211, o por mail a&nbsp;<a href=\"mailto:extension@fra.utn.edu.ar\" target=\"_blank\" rel=\"noreferrer noopener\">extension@fra.utn.edu.ar<\/a><\/p>\n\n\n\n<p>Fuente: Prensa y Difusi\u00f3n UTN Avellaneda.<\/p>\n\n\n\n<div class=\"wp-block-image\"><figure class=\"aligncenter size-full\"><img loading=\"lazy\" decoding=\"async\" width=\"300\" height=\"250\" src=\"https:\/\/agendadelsur.com\/wp-content\/uploads\/2022\/12\/aviso-roman-2.jpg\" alt=\"\" class=\"wp-image-28595\"\/><\/figure><\/div>\n\n\n\n<div class=\"wp-block-image\"><figure class=\"aligncenter size-full\"><img loading=\"lazy\" decoding=\"async\" width=\"300\" height=\"300\" src=\"https:\/\/agendadelsur.com\/wp-content\/uploads\/2022\/12\/AVISO-TOTAL-JUBILACION-ANTICIPADA-2.jpg\" alt=\"\" class=\"wp-image-28604\" srcset=\"https:\/\/agendadelsur.com\/wp-content\/uploads\/2022\/12\/AVISO-TOTAL-JUBILACION-ANTICIPADA-2.jpg 300w, https:\/\/agendadelsur.com\/wp-content\/uploads\/2022\/12\/AVISO-TOTAL-JUBILACION-ANTICIPADA-2-150x150.jpg 150w\" sizes=\"(max-width: 300px) 100vw, 300px\" \/><\/figure><\/div>\n","protected":false},"excerpt":{"rendered":"<p>Esta dirigido a toda la comunidad, tanto a personas sin conocimientos previos como al personal encargado de supervisi\u00f3n, reparaci\u00f3n y mantenimiento de equipos. La Secretar\u00eda de Cultura y Extensi\u00f3n Universitaria de la Facultad Regional Avellaneda de la Universidad Tecnol\u00f3gica Nacional organiza el curso de Instalaciones El\u00e9ctricas hasta 1000 volts y 10 kw.\u00a0Comienza en febrero, con [&hellip;]<\/p>\n","protected":false},"author":2,"featured_media":28937,"comment_status":"closed","ping_status":"open","sticky":false,"template":"","format":"standard","meta":{"footnotes":""},"categories":[4],"tags":[6,8616,8617,132,661],"_links":{"self":[{"href":"https:\/\/agendadelsur.com\/index.php\/wp-json\/wp\/v2\/posts\/28936"}],"collection":[{"href":"https:\/\/agendadelsur.com\/index.php\/wp-json\/wp\/v2\/posts"}],"about":[{"href":"https:\/\/agendadelsur.com\/index.php\/wp-json\/wp\/v2\/types\/post"}],"author":[{"embeddable":true,"href":"https:\/\/agendadelsur.com\/index.php\/wp-json\/wp\/v2\/users\/2"}],"replies":[{"embeddable":true,"href":"https:\/\/agendadelsur.com\/index.php\/wp-json\/wp\/v2\/comments?post=28936"}],"version-history":[{"count":1,"href":"https:\/\/agendadelsur.com\/index.php\/wp-json\/wp\/v2\/posts\/28936\/revisions"}],"predecessor-version":[{"id":28938,"href":"https:\/\/agendadelsur.com\/index.php\/wp-json\/wp\/v2\/posts\/28936\/revisions\/28938"}],"wp:featuredmedia":[{"embeddable":true,"href":"https:\/\/agendadelsur.com\/index.php\/wp-json\/wp\/v2\/media\/28937"}],"wp:attachment":[{"href":"https:\/\/agendadelsur.com\/index.php\/wp-json\/wp\/v2\/media?parent=28936"}],"wp:term":[{"taxonomy":"category","embeddable":true,"href":"https:\/\/agendadelsur.com\/index.php\/wp-json\/wp\/v2\/categories?post=28936"},{"taxonomy":"post_tag","embeddable":true,"href":"https:\/\/agendadelsur.com\/index.php\/wp-json\/wp\/v2\/tags?post=28936"}],"curies":[{"name":"wp","href":"https:\/\/api.w.org\/{rel}","templated":true}]}}