{"id":28940,"date":"2022-12-26T13:56:40","date_gmt":"2022-12-26T16:56:40","guid":{"rendered":"https:\/\/agendadelsur.com\/?p=28940"},"modified":"2022-12-26T13:56:52","modified_gmt":"2022-12-26T16:56:52","slug":"entrega-de-ambulancias-en-santiago-del-estero","status":"publish","type":"post","link":"https:\/\/agendadelsur.com\/index.php\/2022\/12\/26\/entrega-de-ambulancias-en-santiago-del-estero\/","title":{"rendered":"Entrega de ambulancias en Santiago del Estero"},"content":{"rendered":"\n<h5 class=\"has-text-color wp-block-heading\" style=\"color:#fd060a\">Las 11 ambulancias destinadas a la provincia se inscriben en el Plan de Reconstrucci\u00f3n del Sistema de Salud, que representa una inversi\u00f3n de m\u00e1s de 500 millones de d\u00f3lares e incluye la distribuci\u00f3n de 344 veh\u00edculos en todo el pa\u00eds. En la ocasi\u00f3n tambi\u00e9n se lanz\u00f3 el Encuentro Interprovincial por una Argentina sin Chagas.<\/h5>\n\n\n\n<div class=\"wp-block-image\"><figure class=\"aligncenter size-full\"><img loading=\"lazy\" decoding=\"async\" width=\"600\" height=\"400\" src=\"https:\/\/agendadelsur.com\/wp-content\/uploads\/2022\/12\/santiago_del_estero_01_21-12-22.jpeg\" alt=\"\" class=\"wp-image-28941\" srcset=\"https:\/\/agendadelsur.com\/wp-content\/uploads\/2022\/12\/santiago_del_estero_01_21-12-22.jpeg 600w, https:\/\/agendadelsur.com\/wp-content\/uploads\/2022\/12\/santiago_del_estero_01_21-12-22-300x200.jpeg 300w\" sizes=\"(max-width: 600px) 100vw, 600px\" \/><\/figure><\/div>\n\n\n\n<p>La ministra de Salud de la Naci\u00f3n, Carla Vizzotti -entreg\u00f3 el \u00faltimo mi\u00e9rcoles- en el Hospital Termas de R\u00edo Hondo 6 de las 11 ambulancias destinadas a la provincia de Santiago del Estero en el marco de las acciones del Plan de Reconstrucci\u00f3n del Sistema de Salud, que implica el incremento de la inversi\u00f3n nacional para la provisi\u00f3n de equipamiento sanitario y obras de infraestructura en todas las jurisdicciones.<\/p>\n\n\n\n<p>\u201cLa entrega total, que se completar\u00e1 en las pr\u00f3ximas semanas, incluye 4 veh\u00edculos de traslados, 2 de cuidados cr\u00edticos y 5 4&#215;4, y significa una inversi\u00f3n por parte de la cartera sanitaria de m\u00e1s de 853 mil d\u00f3lares\u201d, detall\u00f3 la ministra y agreg\u00f3 que el Plan de Reconstrucci\u00f3n del Sistema de Salud establece la entrega de 344 ambulancias a todo el pa\u00eds, adem\u00e1s de equipos y obras de infraestructura. \u201cSe trata de una inversi\u00f3n de m\u00e1s de 500 millones de d\u00f3lares con el prop\u00f3sito de proveer recursos donde m\u00e1s se requieren\u201d, indic\u00f3.<\/p>\n\n\n\n<p>A continuaci\u00f3n, Vizzotti dio lanzamiento, junto a su par de Cultura, Trist\u00e1n Bauer, el gobernador Gerardo Zamora, el vicegobernador Carlos Silva Neder, la ministra de Salud local, Natividad Nassif, y la ministra de Salud de C\u00f3rdoba, Gabriela Barb\u00e1s, al Encuentro Interprovincial Por una Argentina sin Chagas, que se desarroll\u00f3 por la tarde en el Centro Cultural \u201cGeneral San Mart\u00edn\u201d con la presencia de autoridades y referentes sanitarios de las provincias de Santiago del Estero, C\u00f3rdoba, Mendoza y Salta. Particip\u00f3 tambi\u00e9n del encuentro el intendente de Termas de R\u00edo Hondo, Jorge Mukdise; y el subsecretario de Estrategias Sanitarias de la cartera sanitaria nacional, Juan Manuel Castelli.<\/p>\n\n\n\n<div class=\"wp-block-image\"><figure class=\"aligncenter size-full\"><img loading=\"lazy\" decoding=\"async\" width=\"600\" height=\"400\" src=\"https:\/\/agendadelsur.com\/wp-content\/uploads\/2022\/12\/santiago_del_estero_02_21-12-22.jpeg\" alt=\"\" class=\"wp-image-28942\" srcset=\"https:\/\/agendadelsur.com\/wp-content\/uploads\/2022\/12\/santiago_del_estero_02_21-12-22.jpeg 600w, https:\/\/agendadelsur.com\/wp-content\/uploads\/2022\/12\/santiago_del_estero_02_21-12-22-300x200.jpeg 300w\" sizes=\"(max-width: 600px) 100vw, 600px\" \/><\/figure><\/div>\n\n\n\n<p>\u201cNos da mucho orgullo lanzar este Encuentro Interprovincial Por una Argentina sin Chagas\u201d reconoci\u00f3 la ministra y a\u00f1adi\u00f3 que \u201cson cuatro las provincias que se est\u00e1n comprometiendo para poder generar el a\u00f1o que viene nuevas acciones para sostener la eliminaci\u00f3n de Chagas vectorial en sus departamentos\u201d.<\/p>\n\n\n\n<p>En ese sentido, la ministra explic\u00f3 que \u201cesta enfermedad va mucho m\u00e1s all\u00e1 de la salud, tiene un impacto socioambiental y abarca distintas dimensiones, por lo que necesitamos que todas las \u00e1reas se puedan comprometer para poder avanzar no solamente en la eliminaci\u00f3n de Chagas vectorial en todo el pa\u00eds sino tambi\u00e9n en la transmisi\u00f3n vertical y en lo que significa el testeo y el tratamiento\u201d.<\/p>\n\n\n\n<p>As\u00ed, Vizzotti recalc\u00f3: \u201cEsta ministra y todo su equipo est\u00e1n comprometidos con esta enfermedad y vamos a apoyar y acompa\u00f1ar, y el a\u00f1o que viene vamos a estar como siempre en territorio en todo lo que haga falta\u201d. Y concluy\u00f3: \u201cTenemos presupuesto y mucha fuerza para, despu\u00e9s de los a\u00f1os m\u00e1s dif\u00edciles que nos tocaron, poder avanzar en lo que vinimos a hacer\u201d.<\/p>\n\n\n\n<p>En la misma l\u00ednea, Zamora destac\u00f3 que \u201cnos damos este encuentro en el marco de un pa\u00eds que necesita de pol\u00edticas federales, y las pol\u00edticas federales en definitiva surgen de la decisi\u00f3n de las autonom\u00edas para encarar determinadas pol\u00edticas de Estado que resuelvan los problemas que tenemos y den posibilidad tambi\u00e9n de desarrollar nuestro potencial, y es imposible hacerlo si no tenemos salud\u201d.<\/p>\n\n\n\n<p>La cartera sanitaria nacional impulsa la implementaci\u00f3n de la pol\u00edtica p\u00fablica de abordaje de Chagas desde una perspectiva federal. Las acciones llevadas adelante son fruto del esfuerzo y articulaci\u00f3n con las provincias en lo referido a la coordinaci\u00f3n entre los equipos t\u00e9cnico-territoriales nacionales y provinciales para las tareas de control vectorial en terreno, en el marco del trabajo conjunto y el compromiso provincial de lograr indicadores compatibles con la certificaci\u00f3n de la eliminaci\u00f3n del Chagas vectorial.<\/p>\n\n\n\n<p>La pol\u00edtica p\u00fablica nacional de abordaje del Chagas tiene adem\u00e1s una perspectiva de integralidad. Las acciones federales y continuas de articulaci\u00f3n Naci\u00f3n-provincias para las tareas de control vectorial se incluyen en un conjunto de pol\u00edticas implementadas por el Ministerio de Salud en el abordaje integral de la problem\u00e1tica del Chagas, entre las cuales este a\u00f1o se destacan la reglamentaci\u00f3n de la Ley 26.281 de prevenci\u00f3n y control de todas las formas de transmisi\u00f3n de la enfermedad de Chagas, e institucionalizaci\u00f3n y relanzamiento del Programa Nacional de Chagas.<\/p>\n\n\n\n<p>Tras poner en valor el trabajo conjunto con Naci\u00f3n y destacar la priorizaci\u00f3n otorgada por la provincia a esta problem\u00e1tica desde el a\u00f1o 2005, Nassif agreg\u00f3 que \u201cantes, de cada 100 santiague\u00f1os, 30 ten\u00edan Chagas; de cada 100 viviendas, 70 estaban infectadas. Hoy, con ese trabajo sostenido que viene realizando la provincia con la generaci\u00f3n de estrategias, con capacitaciones, con recursos humanos, de equipamiento e infraestructura, podemos hablar de que 6 de los 27 departamentos de la provincia est\u00e1n declarados libres de transmisi\u00f3n de Chagas\u201d.<\/p>\n\n\n\n<p>Por su parte, el intendente Mukdise record\u00f3 el fuerte impacto que tuvo la pandemia en un municipio tur\u00edstico como Termas del R\u00edo Hondo y agradeci\u00f3 al gobierno nacional y provincial por la gesti\u00f3n y el trabajo conjunto desarrollado en forma permanente durante esos a\u00f1os. &#8220;Gracias a ello fuimos una de las primeras ciudades del pa\u00eds en contar con el esquema completo de vacunaci\u00f3n en toda su poblaci\u00f3n, lo que nos ha permitido retomar r\u00e1pidamente nuestra actividad tur\u00edstica&#8221;, consider\u00f3.<\/p>\n\n\n\n<div class=\"wp-block-image\"><figure class=\"aligncenter size-large is-resized\"><img loading=\"lazy\" decoding=\"async\" src=\"https:\/\/agendadelsur.com\/wp-content\/uploads\/2022\/12\/santiago_del_estero_03_21-12-22-1024x576.jpeg\" alt=\"\" class=\"wp-image-28943\" width=\"508\" height=\"285\" srcset=\"https:\/\/agendadelsur.com\/wp-content\/uploads\/2022\/12\/santiago_del_estero_03_21-12-22-1024x576.jpeg 1024w, https:\/\/agendadelsur.com\/wp-content\/uploads\/2022\/12\/santiago_del_estero_03_21-12-22-300x169.jpeg 300w, https:\/\/agendadelsur.com\/wp-content\/uploads\/2022\/12\/santiago_del_estero_03_21-12-22-768x432.jpeg 768w, https:\/\/agendadelsur.com\/wp-content\/uploads\/2022\/12\/santiago_del_estero_03_21-12-22.jpeg 1280w\" sizes=\"(max-width: 508px) 100vw, 508px\" \/><\/figure><\/div>\n\n\n\n<p>A modo de reconocimiento al trabajo de los equipos provinciales, la jornada finaliz\u00f3 con un festival musical en el que particip\u00f3 la banda de rock nacional \u201cBersuit Vergarabat\u201d y la artista de cumbia \u201cTita Print\u201d. \u201cEl arte sana, comunica y visibiliza, entonces con Trist\u00e1n pensamos en hacer un concierto y \u00e9l me propuso hacerlo en una de las provincias para ponderar el federalismo e invitar a las otras tres provincias involucradas\u201d, explic\u00f3 la titular de la cartera sanitaria nacional, quien destac\u00f3 la sinergia que han desarrollado ambos ministerios con acciones concretas y que tienen una representaci\u00f3n federal. \u201cSi trabajamos juntos, en equipo, sabemos que lo que hacemos nos trasciende y que nuestro trabajo puede cambiarle la vida a la gente\u201d, consider\u00f3.<\/p>\n\n\n\n<p>Al respecto, el ministro Bauer manifest\u00f3: \u201cEs y ha sido fundamental este v\u00ednculo entre la cultura y la salud. En los tiempos dif\u00edciles de la pandemia lo vimos con mayor claridad. Tenemos tanto que agradecer a las y los trabajadores del sistema sanitario por los aportes que hicieron en esos tiempos tan duros. Tambi\u00e9n pudimos ver la importancia de la cultura, cuando tuvimos que estar en nuestros hogares: la m\u00fasica, la poes\u00eda, el cine estuvieron presentes porque hay algo que sabemos muy bien y es que la cultura es sanadora\u201d.<\/p>\n\n\n\n<p>Fuente: Ministerio de Salud de la Naci\u00f3n<\/p>\n\n\n\n<div class=\"wp-block-image\"><figure class=\"aligncenter size-full\"><img loading=\"lazy\" decoding=\"async\" width=\"300\" height=\"250\" src=\"https:\/\/agendadelsur.com\/wp-content\/uploads\/2022\/12\/VITALAB-AAABBB-4.jpg\" alt=\"\" class=\"wp-image-28945\"\/><\/figure><\/div>\n\n\n\n<div class=\"wp-block-image\"><figure class=\"aligncenter size-full\"><img loading=\"lazy\" decoding=\"async\" width=\"676\" height=\"221\" src=\"https:\/\/agendadelsur.com\/wp-content\/uploads\/2022\/12\/avisos-banner-PRIVAMED-2.jpg\" alt=\"\" class=\"wp-image-28946\" srcset=\"https:\/\/agendadelsur.com\/wp-content\/uploads\/2022\/12\/avisos-banner-PRIVAMED-2.jpg 676w, https:\/\/agendadelsur.com\/wp-content\/uploads\/2022\/12\/avisos-banner-PRIVAMED-2-300x98.jpg 300w\" sizes=\"(max-width: 676px) 100vw, 676px\" \/><\/figure><\/div>\n","protected":false},"excerpt":{"rendered":"<p>Las 11 ambulancias destinadas a la provincia se inscriben en el Plan de Reconstrucci\u00f3n del Sistema de Salud, que representa una inversi\u00f3n de m\u00e1s de 500 millones de d\u00f3lares e incluye la distribuci\u00f3n de 344 veh\u00edculos en todo el pa\u00eds. En la ocasi\u00f3n tambi\u00e9n se lanz\u00f3 el Encuentro Interprovincial por una Argentina sin Chagas. La [&hellip;]<\/p>\n","protected":false},"author":2,"featured_media":28944,"comment_status":"closed","ping_status":"open","sticky":false,"template":"","format":"standard","meta":{"footnotes":""},"categories":[1],"tags":[],"_links":{"self":[{"href":"https:\/\/agendadelsur.com\/index.php\/wp-json\/wp\/v2\/posts\/28940"}],"collection":[{"href":"https:\/\/agendadelsur.com\/index.php\/wp-json\/wp\/v2\/posts"}],"about":[{"href":"https:\/\/agendadelsur.com\/index.php\/wp-json\/wp\/v2\/types\/post"}],"author":[{"embeddable":true,"href":"https:\/\/agendadelsur.com\/index.php\/wp-json\/wp\/v2\/users\/2"}],"replies":[{"embeddable":true,"href":"https:\/\/agendadelsur.com\/index.php\/wp-json\/wp\/v2\/comments?post=28940"}],"version-history":[{"count":1,"href":"https:\/\/agendadelsur.com\/index.php\/wp-json\/wp\/v2\/posts\/28940\/revisions"}],"predecessor-version":[{"id":28947,"href":"https:\/\/agendadelsur.com\/index.php\/wp-json\/wp\/v2\/posts\/28940\/revisions\/28947"}],"wp:featuredmedia":[{"embeddable":true,"href":"https:\/\/agendadelsur.com\/index.php\/wp-json\/wp\/v2\/media\/28944"}],"wp:attachment":[{"href":"https:\/\/agendadelsur.com\/index.php\/wp-json\/wp\/v2\/media?parent=28940"}],"wp:term":[{"taxonomy":"category","embeddable":true,"href":"https:\/\/agendadelsur.com\/index.php\/wp-json\/wp\/v2\/categories?post=28940"},{"taxonomy":"post_tag","embeddable":true,"href":"https:\/\/agendadelsur.com\/index.php\/wp-json\/wp\/v2\/tags?post=28940"}],"curies":[{"name":"wp","href":"https:\/\/api.w.org\/{rel}","templated":true}]}}