{"id":28953,"date":"2022-12-26T18:43:22","date_gmt":"2022-12-26T21:43:22","guid":{"rendered":"https:\/\/agendadelsur.com\/?p=28953"},"modified":"2022-12-26T18:44:22","modified_gmt":"2022-12-26T21:44:22","slug":"moneda-conmemorativa-40o-aniversario-de-la-gesta-de-malvinas","status":"publish","type":"post","link":"https:\/\/agendadelsur.com\/index.php\/2022\/12\/26\/moneda-conmemorativa-40o-aniversario-de-la-gesta-de-malvinas\/","title":{"rendered":"&#8220;Moneda conmemorativa 40\u00ba Aniversario de la gesta de Malvinas&#8221;"},"content":{"rendered":"\n<h4 class=\"has-text-color wp-block-heading\" style=\"color:#fc0509\">El acto de entrega se realizar\u00e1 este jueves 29 de diciembre en el Centro Municipal de Arte de Avellaneda.<\/h4>\n\n\n\n<div class=\"wp-block-image\"><figure class=\"aligncenter size-full is-resized\"><img loading=\"lazy\" decoding=\"async\" src=\"https:\/\/agendadelsur.com\/wp-content\/uploads\/2022\/12\/321813360_1332823137482996_1108045010283256788_n.jpg\" alt=\"\" class=\"wp-image-28954\" width=\"416\" height=\"294\" srcset=\"https:\/\/agendadelsur.com\/wp-content\/uploads\/2022\/12\/321813360_1332823137482996_1108045010283256788_n.jpg 680w, https:\/\/agendadelsur.com\/wp-content\/uploads\/2022\/12\/321813360_1332823137482996_1108045010283256788_n-300x212.jpg 300w\" sizes=\"(max-width: 416px) 100vw, 416px\" \/><\/figure><\/div>\n\n\n\n<p>A las 17hs: Acreditaci\u00f3n de Combatientes y familiares de ca\u00eddos<\/p>\n\n\n\n<p>A las 17:30hs: P\u00fablico general<\/p>\n\n\n\n<p>Centro Municipal de Arte (CMA), en San Mart\u00edn 797, Avellaneda Centro.<\/p>\n\n\n\n<p>Organizan:<\/p>\n\n\n\n<p>*Agrupaci\u00f3n veteranos de Guerra &#8220;2 de Abril&#8221; Avellaneda<\/p>\n\n\n\n<p>*Asociaci\u00f3n Civil Combatientes de Malvinas de Avellaneda<\/p>\n\n\n\n<p>*Municipalidad de Avellaneda<\/p>\n\n\n\n<div class=\"wp-block-image\"><figure class=\"aligncenter size-full\"><img loading=\"lazy\" decoding=\"async\" width=\"300\" height=\"300\" src=\"https:\/\/agendadelsur.com\/wp-content\/uploads\/2022\/12\/Agregar-un-titulo-4-1.png\" alt=\"\" class=\"wp-image-28853\" srcset=\"https:\/\/agendadelsur.com\/wp-content\/uploads\/2022\/12\/Agregar-un-titulo-4-1.png 300w, https:\/\/agendadelsur.com\/wp-content\/uploads\/2022\/12\/Agregar-un-titulo-4-1-150x150.png 150w\" sizes=\"(max-width: 300px) 100vw, 300px\" \/><\/figure><\/div>\n\n\n\n<div class=\"wp-block-image\"><figure class=\"aligncenter size-full\"><img loading=\"lazy\" decoding=\"async\" width=\"300\" height=\"250\" src=\"https:\/\/agendadelsur.com\/wp-content\/uploads\/2022\/12\/aviso-roman-2.jpg\" alt=\"\" class=\"wp-image-28595\"\/><\/figure><\/div>\n","protected":false},"excerpt":{"rendered":"<p>El acto de entrega se realizar\u00e1 este jueves 29 de diciembre en el Centro Municipal de Arte de Avellaneda. A las 17hs: Acreditaci\u00f3n de Combatientes y familiares de ca\u00eddos A las 17:30hs: P\u00fablico general Centro Municipal de Arte (CMA), en San Mart\u00edn 797, Avellaneda Centro. Organizan: *Agrupaci\u00f3n veteranos de Guerra &#8220;2 de Abril&#8221; Avellaneda *Asociaci\u00f3n [&hellip;]<\/p>\n","protected":false},"author":2,"featured_media":28954,"comment_status":"closed","ping_status":"open","sticky":false,"template":"","format":"standard","meta":{"footnotes":""},"categories":[4],"tags":[8620,8621],"_links":{"self":[{"href":"https:\/\/agendadelsur.com\/index.php\/wp-json\/wp\/v2\/posts\/28953"}],"collection":[{"href":"https:\/\/agendadelsur.com\/index.php\/wp-json\/wp\/v2\/posts"}],"about":[{"href":"https:\/\/agendadelsur.com\/index.php\/wp-json\/wp\/v2\/types\/post"}],"author":[{"embeddable":true,"href":"https:\/\/agendadelsur.com\/index.php\/wp-json\/wp\/v2\/users\/2"}],"replies":[{"embeddable":true,"href":"https:\/\/agendadelsur.com\/index.php\/wp-json\/wp\/v2\/comments?post=28953"}],"version-history":[{"count":2,"href":"https:\/\/agendadelsur.com\/index.php\/wp-json\/wp\/v2\/posts\/28953\/revisions"}],"predecessor-version":[{"id":28956,"href":"https:\/\/agendadelsur.com\/index.php\/wp-json\/wp\/v2\/posts\/28953\/revisions\/28956"}],"wp:featuredmedia":[{"embeddable":true,"href":"https:\/\/agendadelsur.com\/index.php\/wp-json\/wp\/v2\/media\/28954"}],"wp:attachment":[{"href":"https:\/\/agendadelsur.com\/index.php\/wp-json\/wp\/v2\/media?parent=28953"}],"wp:term":[{"taxonomy":"category","embeddable":true,"href":"https:\/\/agendadelsur.com\/index.php\/wp-json\/wp\/v2\/categories?post=28953"},{"taxonomy":"post_tag","embeddable":true,"href":"https:\/\/agendadelsur.com\/index.php\/wp-json\/wp\/v2\/tags?post=28953"}],"curies":[{"name":"wp","href":"https:\/\/api.w.org\/{rel}","templated":true}]}}