{"id":28957,"date":"2022-12-26T19:09:00","date_gmt":"2022-12-26T22:09:00","guid":{"rendered":"https:\/\/agendadelsur.com\/?p=28957"},"modified":"2022-12-26T19:10:21","modified_gmt":"2022-12-26T22:10:21","slug":"129-edificios-educativos-en-la-provincia-de-buenos-aires","status":"publish","type":"post","link":"https:\/\/agendadelsur.com\/index.php\/2022\/12\/26\/129-edificios-educativos-en-la-provincia-de-buenos-aires\/","title":{"rendered":"\u00a1129 edificios educativos en la Provincia de Buenos Aires!"},"content":{"rendered":"\n<h5 class=\"has-text-color wp-block-heading\" style=\"color:#e80307\">En La Plata el gobierno de bonaerense inaugur\u00f3 un nuevo establecimiento para el Jard\u00edn de Infantes N\u00b0 974. La obra fue realizada en un trabajo conjunto de #EscuelasALaObra y la Municipalidad de La Plata.<\/h5>\n\n\n\n<div class=\"wp-block-image\"><figure class=\"aligncenter size-full is-resized\"><img decoding=\"async\" src=\"https:\/\/agendadelsur.com\/wp-content\/uploads\/2022\/12\/321654083_494736609430367_1423881494563073868_n.jpg\" alt=\"\" class=\"wp-image-28958\" width=\"-216\" height=\"-144\" srcset=\"https:\/\/agendadelsur.com\/wp-content\/uploads\/2022\/12\/321654083_494736609430367_1423881494563073868_n.jpg 600w, https:\/\/agendadelsur.com\/wp-content\/uploads\/2022\/12\/321654083_494736609430367_1423881494563073868_n-300x199.jpg 300w\" sizes=\"(max-width: 600px) 100vw, 600px\" \/><\/figure><\/div>\n\n\n\n<p>El nuevo Jard\u00edn cuenta con:<\/p>\n\n\n\n<p>Tres salas. Ba\u00f1os. Direcci\u00f3n. Sal\u00f3n de Actos y patio<\/p>\n\n\n\n<figure class=\"wp-block-gallery columns-2 is-cropped wp-block-gallery-1 is-layout-flex wp-block-gallery-is-layout-flex\"><ul class=\"blocks-gallery-grid\"><li class=\"blocks-gallery-item\"><figure><img loading=\"lazy\" decoding=\"async\" width=\"600\" height=\"398\" src=\"https:\/\/agendadelsur.com\/wp-content\/uploads\/2022\/12\/321029505_820595442368543_2143761470571190063_n-1.jpg\" alt=\"\" data-id=\"28961\" data-link=\"https:\/\/agendadelsur.com\/?attachment_id=28961\" class=\"wp-image-28961\" srcset=\"https:\/\/agendadelsur.com\/wp-content\/uploads\/2022\/12\/321029505_820595442368543_2143761470571190063_n-1.jpg 600w, https:\/\/agendadelsur.com\/wp-content\/uploads\/2022\/12\/321029505_820595442368543_2143761470571190063_n-1-300x199.jpg 300w\" sizes=\"(max-width: 600px) 100vw, 600px\" \/><\/figure><\/li><li class=\"blocks-gallery-item\"><figure><img loading=\"lazy\" decoding=\"async\" width=\"600\" height=\"398\" src=\"https:\/\/agendadelsur.com\/wp-content\/uploads\/2022\/12\/321436173_3361750604080468_1041514898774627045_n-1.jpg\" alt=\"\" data-id=\"28963\" data-full-url=\"https:\/\/agendadelsur.com\/wp-content\/uploads\/2022\/12\/321436173_3361750604080468_1041514898774627045_n-1.jpg\" data-link=\"https:\/\/agendadelsur.com\/?attachment_id=28963\" class=\"wp-image-28963\" srcset=\"https:\/\/agendadelsur.com\/wp-content\/uploads\/2022\/12\/321436173_3361750604080468_1041514898774627045_n-1.jpg 600w, https:\/\/agendadelsur.com\/wp-content\/uploads\/2022\/12\/321436173_3361750604080468_1041514898774627045_n-1-300x199.jpg 300w\" sizes=\"(max-width: 600px) 100vw, 600px\" \/><\/figure><\/li><\/ul><\/figure>\n\n\n\n<p>Gracias a estos trabajos se podr\u00e1 ampliar la matr\u00edcula respondiendo a las necesidades del barrio y la comunidad educativa.<\/p>\n\n\n\n<p>M\u00e1s educaci\u00f3n, m\u00e1s #DERECHOalFUTURO<\/p>\n\n\n\n<div class=\"wp-block-image\"><figure class=\"aligncenter size-full\"><img loading=\"lazy\" decoding=\"async\" width=\"300\" height=\"250\" src=\"https:\/\/agendadelsur.com\/wp-content\/uploads\/2022\/12\/agenda-del-sur-4.png\" alt=\"\" class=\"wp-image-28814\"\/><\/figure><\/div>\n\n\n\n<div class=\"wp-block-image\"><figure class=\"aligncenter size-full\"><img loading=\"lazy\" decoding=\"async\" width=\"300\" height=\"250\" src=\"https:\/\/agendadelsur.com\/wp-content\/uploads\/2022\/12\/MILLANEL-INT.-1-3.jpg\" alt=\"\" class=\"wp-image-28815\"\/><\/figure><\/div>\n","protected":false},"excerpt":{"rendered":"<p>En La Plata el gobierno de bonaerense inaugur\u00f3 un nuevo establecimiento para el Jard\u00edn de Infantes N\u00b0 974. La obra fue realizada en un trabajo conjunto de #EscuelasALaObra y la Municipalidad de La Plata. El nuevo Jard\u00edn cuenta con: Tres salas. Ba\u00f1os. Direcci\u00f3n. Sal\u00f3n de Actos y patio Gracias a estos trabajos se podr\u00e1 ampliar [&hellip;]<\/p>\n","protected":false},"author":2,"featured_media":28965,"comment_status":"closed","ping_status":"open","sticky":false,"template":"","format":"standard","meta":{"footnotes":""},"categories":[1419],"tags":[8622],"_links":{"self":[{"href":"https:\/\/agendadelsur.com\/index.php\/wp-json\/wp\/v2\/posts\/28957"}],"collection":[{"href":"https:\/\/agendadelsur.com\/index.php\/wp-json\/wp\/v2\/posts"}],"about":[{"href":"https:\/\/agendadelsur.com\/index.php\/wp-json\/wp\/v2\/types\/post"}],"author":[{"embeddable":true,"href":"https:\/\/agendadelsur.com\/index.php\/wp-json\/wp\/v2\/users\/2"}],"replies":[{"embeddable":true,"href":"https:\/\/agendadelsur.com\/index.php\/wp-json\/wp\/v2\/comments?post=28957"}],"version-history":[{"count":2,"href":"https:\/\/agendadelsur.com\/index.php\/wp-json\/wp\/v2\/posts\/28957\/revisions"}],"predecessor-version":[{"id":28966,"href":"https:\/\/agendadelsur.com\/index.php\/wp-json\/wp\/v2\/posts\/28957\/revisions\/28966"}],"wp:featuredmedia":[{"embeddable":true,"href":"https:\/\/agendadelsur.com\/index.php\/wp-json\/wp\/v2\/media\/28965"}],"wp:attachment":[{"href":"https:\/\/agendadelsur.com\/index.php\/wp-json\/wp\/v2\/media?parent=28957"}],"wp:term":[{"taxonomy":"category","embeddable":true,"href":"https:\/\/agendadelsur.com\/index.php\/wp-json\/wp\/v2\/categories?post=28957"},{"taxonomy":"post_tag","embeddable":true,"href":"https:\/\/agendadelsur.com\/index.php\/wp-json\/wp\/v2\/tags?post=28957"}],"curies":[{"name":"wp","href":"https:\/\/api.w.org\/{rel}","templated":true}]}}