{"id":28987,"date":"2022-12-27T12:50:29","date_gmt":"2022-12-27T15:50:29","guid":{"rendered":"https:\/\/agendadelsur.com\/?p=28987"},"modified":"2022-12-27T12:50:29","modified_gmt":"2022-12-27T15:50:29","slug":"familias-de-avellaneda-recibieron-viviendas-en-el-barrio-la-saladita","status":"publish","type":"post","link":"https:\/\/agendadelsur.com\/index.php\/2022\/12\/27\/familias-de-avellaneda-recibieron-viviendas-en-el-barrio-la-saladita\/","title":{"rendered":"Familias de Avellaneda Recibieron Viviendas en el Barrio La Saladita"},"content":{"rendered":"\n<h5 class=\"has-text-color wp-block-heading\" style=\"color:#f20004\">El intendente de Avellaneda Jorge Ferraresi\u00a0 junto al ministro de Desarrollo Territorial y H\u00e1bitat, Santiago Maggiotti\u00a0 y el administrador General del Ministerio de H\u00e1bitat y Desarrollo Urbano de la Provincia de Buenos Aires , Diego Men\u00e9ndez, entregaron 20 viviendas del programa nacional Casa Propia. La inversi\u00f3n realizada en la localidad de Sarand\u00ed super\u00f3 los $127 millones.<\/h5>\n\n\n\n<div class=\"wp-block-image\"><figure class=\"aligncenter size-large is-resized\"><img loading=\"lazy\" decoding=\"async\" src=\"https:\/\/agendadelsur.com\/wp-content\/uploads\/2022\/12\/4-17-1024x576.jpg\" alt=\"\" class=\"wp-image-28988\" width=\"511\" height=\"287\" srcset=\"https:\/\/agendadelsur.com\/wp-content\/uploads\/2022\/12\/4-17-1024x576.jpg 1024w, https:\/\/agendadelsur.com\/wp-content\/uploads\/2022\/12\/4-17-300x169.jpg 300w, https:\/\/agendadelsur.com\/wp-content\/uploads\/2022\/12\/4-17-768x432.jpg 768w, https:\/\/agendadelsur.com\/wp-content\/uploads\/2022\/12\/4-17-1536x864.jpg 1536w, https:\/\/agendadelsur.com\/wp-content\/uploads\/2022\/12\/4-17.jpg 1600w\" sizes=\"(max-width: 511px) 100vw, 511px\" \/><\/figure><\/div>\n\n\n\n<p>Las mismas se ubican en la intersecci\u00f3n de las calles Escalada y Larroque. Se trata de viviendas de planta baja con dos dormitorios, estar-comedor con cocina y lavadero integrados, ba\u00f1o equipado y patio\/jard\u00edn. La superficie construida de cada una tiene un total de 64 m2 cubiertos y 2 m2 semicubiertos.<\/p>\n\n\n\n<div class=\"wp-block-image\"><figure class=\"aligncenter size-large is-resized\"><img loading=\"lazy\" decoding=\"async\" src=\"https:\/\/agendadelsur.com\/wp-content\/uploads\/2022\/12\/6-9-1024x681.jpg\" alt=\"\" class=\"wp-image-28991\" width=\"521\" height=\"346\" srcset=\"https:\/\/agendadelsur.com\/wp-content\/uploads\/2022\/12\/6-9-1024x681.jpg 1024w, https:\/\/agendadelsur.com\/wp-content\/uploads\/2022\/12\/6-9-300x200.jpg 300w, https:\/\/agendadelsur.com\/wp-content\/uploads\/2022\/12\/6-9-768x511.jpg 768w, https:\/\/agendadelsur.com\/wp-content\/uploads\/2022\/12\/6-9-1536x1021.jpg 1536w, https:\/\/agendadelsur.com\/wp-content\/uploads\/2022\/12\/6-9.jpg 1600w\" sizes=\"(max-width: 521px) 100vw, 521px\" \/><\/figure><\/div>\n\n\n\n<p>Durante el recorrido, las autoridades entregaron las llaves en mano a cada familia y compartieron su alegr\u00eda por lograr la casa propia. Tambi\u00e9n, aprovecharon la oportunidad de dialogar con los vecinos y compartir un brindis de A\u00f1o Nuevo.<\/p>\n","protected":false},"excerpt":{"rendered":"<p>El intendente de Avellaneda Jorge Ferraresi\u00a0 junto al ministro de Desarrollo Territorial y H\u00e1bitat, Santiago Maggiotti\u00a0 y el administrador General del Ministerio de H\u00e1bitat y Desarrollo Urbano de la Provincia de Buenos Aires , Diego Men\u00e9ndez, entregaron 20 viviendas del programa nacional Casa Propia. La inversi\u00f3n realizada en la localidad de Sarand\u00ed super\u00f3 los $127 [&hellip;]<\/p>\n","protected":false},"author":2,"featured_media":28989,"comment_status":"closed","ping_status":"open","sticky":false,"template":"","format":"standard","meta":{"footnotes":""},"categories":[4],"tags":[8631,6190],"_links":{"self":[{"href":"https:\/\/agendadelsur.com\/index.php\/wp-json\/wp\/v2\/posts\/28987"}],"collection":[{"href":"https:\/\/agendadelsur.com\/index.php\/wp-json\/wp\/v2\/posts"}],"about":[{"href":"https:\/\/agendadelsur.com\/index.php\/wp-json\/wp\/v2\/types\/post"}],"author":[{"embeddable":true,"href":"https:\/\/agendadelsur.com\/index.php\/wp-json\/wp\/v2\/users\/2"}],"replies":[{"embeddable":true,"href":"https:\/\/agendadelsur.com\/index.php\/wp-json\/wp\/v2\/comments?post=28987"}],"version-history":[{"count":1,"href":"https:\/\/agendadelsur.com\/index.php\/wp-json\/wp\/v2\/posts\/28987\/revisions"}],"predecessor-version":[{"id":28992,"href":"https:\/\/agendadelsur.com\/index.php\/wp-json\/wp\/v2\/posts\/28987\/revisions\/28992"}],"wp:featuredmedia":[{"embeddable":true,"href":"https:\/\/agendadelsur.com\/index.php\/wp-json\/wp\/v2\/media\/28989"}],"wp:attachment":[{"href":"https:\/\/agendadelsur.com\/index.php\/wp-json\/wp\/v2\/media?parent=28987"}],"wp:term":[{"taxonomy":"category","embeddable":true,"href":"https:\/\/agendadelsur.com\/index.php\/wp-json\/wp\/v2\/categories?post=28987"},{"taxonomy":"post_tag","embeddable":true,"href":"https:\/\/agendadelsur.com\/index.php\/wp-json\/wp\/v2\/tags?post=28987"}],"curies":[{"name":"wp","href":"https:\/\/api.w.org\/{rel}","templated":true}]}}