{"id":29222,"date":"2023-01-02T21:49:27","date_gmt":"2023-01-03T00:49:27","guid":{"rendered":"https:\/\/agendadelsur.com\/?p=29222"},"modified":"2023-01-02T21:49:29","modified_gmt":"2023-01-03T00:49:29","slug":"lula-en-el-mismo-dia-de-su-asuncion-tomo-la-lapicera","status":"publish","type":"post","link":"https:\/\/agendadelsur.com\/index.php\/2023\/01\/02\/lula-en-el-mismo-dia-de-su-asuncion-tomo-la-lapicera\/","title":{"rendered":"Lula: en el mismo d\u00eda de su asunci\u00f3n tom\u00f3 la lapicera"},"content":{"rendered":"\n<h5 class=\"has-text-color wp-block-heading\" style=\"color:#f5080c\">Tal como lo hab\u00eda prometido en su campa\u00f1a electoral, el flamante presidente brasile\u00f1o firm\u00f3 13 decretos que revierten decisiones pol\u00e9micas del ex presidente Bolsonaro. De esta manera modific\u00f3 cuestiones de fondo iniciadas por su antecesor que preparan el terreno para una amplia revisi\u00f3n de muchas de las pol\u00edticas que este hab\u00eda impulsado.<\/h5>\n\n\n\n<div class=\"wp-block-image\"><figure class=\"aligncenter size-full is-resized\"><img loading=\"lazy\" decoding=\"async\" src=\"https:\/\/agendadelsur.com\/wp-content\/uploads\/2023\/01\/lula.jpg\" alt=\"\" class=\"wp-image-29223\" width=\"471\" height=\"545\" srcset=\"https:\/\/agendadelsur.com\/wp-content\/uploads\/2023\/01\/lula.jpg 800w, https:\/\/agendadelsur.com\/wp-content\/uploads\/2023\/01\/lula-259x300.jpg 259w, https:\/\/agendadelsur.com\/wp-content\/uploads\/2023\/01\/lula-768x888.jpg 768w\" sizes=\"(max-width: 471px) 100vw, 471px\" \/><\/figure><\/div>\n\n\n\n<p>Lula suspendi\u00f3 la emisi\u00f3n de nuevos permisos para la compra y la creaci\u00f3n de clubes de tiro, orden\u00f3 que se realice un nuevo registro de todo el armamento adquirido por civiles, en los \u00faltimos cuatro a\u00f1os, y cre\u00f3 en el Gobierno, un grupo de trabajo dedicado a definir una fuerte pol\u00edtica de desarme de la poblaci\u00f3n.<\/p>\n\n\n\n<p>En cuanto a la cuesti\u00f3n del medioambiente, determin\u00f3 la reactivaci\u00f3n del llamado Fondo Amazon\u00eda, constituido con donaciones de Alemania y Noruega para contribuir con la protecci\u00f3n de la Amazon\u00eda y que Bolsonaro hab\u00eda suspendido en 2019.<\/p>\n\n\n\n<p>El fondo en cuesti\u00f3n cuenta actualmente con unos US$ 600 millones, que el nuevo Gobierno utilizar\u00e1 en programas definidos por el Ministerio de Medio Ambiente.<\/p>\n\n\n\n<p>Lula tambi\u00e9n decidi\u00f3 revocar un decreto dictado por Bolsonaro, en los \u00faltimos d\u00edas de su mandato, seg\u00fan el cual se ampliaban las licencias para la explotaci\u00f3n de recursos minerales en la regi\u00f3n amaz\u00f3nica, e incluso en las tierras ind\u00edgenas.<\/p>\n\n\n\n<p>Otra decisi\u00f3n fue una de las promesas de su campa\u00f1a: determinar que sea revisada, en un plazo de 30 d\u00edas, una serie de decretos de Bolsonaro que hab\u00edan establecido un secreto de cien a\u00f1os sobre diversas cuestiones de la administraci\u00f3n p\u00fablica, o incluso, sobre asuntos personales del ahora exmandatario y su familia.<\/p>\n\n\n\n<p>Entre estos \u00faltimos, Bolsonaro hab\u00eda incluido todo lo relativo a su salud, lo cual impidi\u00f3 que la sociedad supiera si realmente no se hab\u00eda vacunado contra la Covid, 19 como aseguraba hasta ahora.<\/p>\n\n\n\n<p>Otro de los decretos firmados por Lula fue para dar cumplimiento a una de sus promesas de campa\u00f1a y excluy\u00f3 de un plan de privatizaciones, elaborado por el Gobierno de Bolsonaro, a las estatales Petrobras, Correos y Empresa Brasil de Comunicaci\u00f3n (EBC).<\/p>\n\n\n\n<p>Fuente: Tiempo Argentino<\/p>\n\n\n\n<div class=\"wp-block-image\"><figure class=\"aligncenter size-full\"><img loading=\"lazy\" decoding=\"async\" width=\"300\" height=\"250\" src=\"https:\/\/agendadelsur.com\/wp-content\/uploads\/2022\/12\/agenda-del-sur-5.png\" alt=\"\" class=\"wp-image-29052\"\/><\/figure><\/div>\n\n\n\n<div class=\"wp-block-image\"><figure class=\"aligncenter size-full\"><img loading=\"lazy\" decoding=\"async\" width=\"300\" height=\"250\" src=\"https:\/\/agendadelsur.com\/wp-content\/uploads\/2022\/12\/MILLANEL-INT.-1-4.jpg\" alt=\"\" class=\"wp-image-29053\"\/><\/figure><\/div>\n","protected":false},"excerpt":{"rendered":"<p>Tal como lo hab\u00eda prometido en su campa\u00f1a electoral, el flamante presidente brasile\u00f1o firm\u00f3 13 decretos que revierten decisiones pol\u00e9micas del ex presidente Bolsonaro. De esta manera modific\u00f3 cuestiones de fondo iniciadas por su antecesor que preparan el terreno para una amplia revisi\u00f3n de muchas de las pol\u00edticas que este hab\u00eda impulsado. Lula suspendi\u00f3 la [&hellip;]<\/p>\n","protected":false},"author":2,"featured_media":29224,"comment_status":"closed","ping_status":"open","sticky":false,"template":"","format":"standard","meta":{"footnotes":""},"categories":[576],"tags":[7690],"_links":{"self":[{"href":"https:\/\/agendadelsur.com\/index.php\/wp-json\/wp\/v2\/posts\/29222"}],"collection":[{"href":"https:\/\/agendadelsur.com\/index.php\/wp-json\/wp\/v2\/posts"}],"about":[{"href":"https:\/\/agendadelsur.com\/index.php\/wp-json\/wp\/v2\/types\/post"}],"author":[{"embeddable":true,"href":"https:\/\/agendadelsur.com\/index.php\/wp-json\/wp\/v2\/users\/2"}],"replies":[{"embeddable":true,"href":"https:\/\/agendadelsur.com\/index.php\/wp-json\/wp\/v2\/comments?post=29222"}],"version-history":[{"count":1,"href":"https:\/\/agendadelsur.com\/index.php\/wp-json\/wp\/v2\/posts\/29222\/revisions"}],"predecessor-version":[{"id":29225,"href":"https:\/\/agendadelsur.com\/index.php\/wp-json\/wp\/v2\/posts\/29222\/revisions\/29225"}],"wp:featuredmedia":[{"embeddable":true,"href":"https:\/\/agendadelsur.com\/index.php\/wp-json\/wp\/v2\/media\/29224"}],"wp:attachment":[{"href":"https:\/\/agendadelsur.com\/index.php\/wp-json\/wp\/v2\/media?parent=29222"}],"wp:term":[{"taxonomy":"category","embeddable":true,"href":"https:\/\/agendadelsur.com\/index.php\/wp-json\/wp\/v2\/categories?post=29222"},{"taxonomy":"post_tag","embeddable":true,"href":"https:\/\/agendadelsur.com\/index.php\/wp-json\/wp\/v2\/tags?post=29222"}],"curies":[{"name":"wp","href":"https:\/\/api.w.org\/{rel}","templated":true}]}}