{"id":29341,"date":"2023-01-05T22:53:28","date_gmt":"2023-01-06T01:53:28","guid":{"rendered":"https:\/\/agendadelsur.com\/?p=29341"},"modified":"2023-01-05T22:53:29","modified_gmt":"2023-01-06T01:53:29","slug":"verano-en-el-museo-nacional-de-bellas-artes","status":"publish","type":"post","link":"https:\/\/agendadelsur.com\/index.php\/2023\/01\/05\/verano-en-el-museo-nacional-de-bellas-artes\/","title":{"rendered":"Verano en el Museo Nacional de Bellas Artes"},"content":{"rendered":"\n<h5 class=\"has-text-color wp-block-heading\" style=\"color:#f90509\">El Museo Nacional de Bellas Artes ofrece en enero y febrero una extensa y variada programaci\u00f3n pensada para que todos los p\u00fablicos disfruten de las obras maestras de la colecci\u00f3n permanente y de las muestras temporarias en exhibici\u00f3n. Siempre con entrada gratuita, hay visitas guiadas, actividades para las infancias, talleres y recorridos inclusivos.<\/h5>\n\n\n\n<div class=\"wp-block-image\"><figure class=\"aligncenter size-large is-resized\"><img decoding=\"async\" src=\"https:\/\/agendadelsur.com\/wp-content\/uploads\/2023\/01\/324194855_702094281529748_2509990678246632056_n-1024x686.jpg\" alt=\"\" class=\"wp-image-29343\" width=\"-303\" height=\"-202\" srcset=\"https:\/\/agendadelsur.com\/wp-content\/uploads\/2023\/01\/324194855_702094281529748_2509990678246632056_n-1024x686.jpg 1024w, https:\/\/agendadelsur.com\/wp-content\/uploads\/2023\/01\/324194855_702094281529748_2509990678246632056_n-300x201.jpg 300w, https:\/\/agendadelsur.com\/wp-content\/uploads\/2023\/01\/324194855_702094281529748_2509990678246632056_n-768x514.jpg 768w, https:\/\/agendadelsur.com\/wp-content\/uploads\/2023\/01\/324194855_702094281529748_2509990678246632056_n-1536x1028.jpg 1536w, https:\/\/agendadelsur.com\/wp-content\/uploads\/2023\/01\/324194855_702094281529748_2509990678246632056_n.jpg 1613w\" sizes=\"(max-width: 1024px) 100vw, 1024px\" \/><\/figure><\/div>\n\n\n\n<p>Hasta el 26 de febrero puede visitarse \u201cRaquel Forner. Revelaciones espaciales. 1957-1987\u201d, una muestra producida junto con la Fundaci\u00f3n Forner-Bigatti y curada por Marcelo E. Pacheco, que re\u00fane 65 obras correspondientes al \u201cciclo espacial\u201d de la artista argentina, exhibido por primera vez en forma integral. En enero y febrero, las visitas guiadas se realizar\u00e1n todos los jueves, a las 15 h; y los viernes y s\u00e1bados, a las 18h.<\/p>\n\n\n\n<p>Adem\u00e1s, hasta el 5 de marzo, se exhibe \u201cTesoros del Museo Arqueol\u00f3gico Nacional de Taranto. Griegos y otras civilizaciones antiguas del Sur de Italia\u201d, con 60 piezas de la colecci\u00f3n italiana, que relatan la historia de la \u00fanica colonia griega en la regi\u00f3n de Apulia, fundada en el a\u00f1o 701 a. C, y de las civilizaciones antiguas que la habitaron. Los mi\u00e9rcoles y s\u00e1bados de enero y febrero, a las 15 h, habr\u00e1 recorridos con gu\u00eda del Museo.<\/p>\n\n\n\n<p>Como parte del 110.\u00b0 Sal\u00f3n Nacional de Artes Visuales, se presenta \u201cPremio Nacional a la Trayectoria Art\u00edstica 2022\u201d, que re\u00fane 32 obras de los diecis\u00e9is artistas galardonados con esta distinci\u00f3n, que pasar\u00e1n a integrar el patrimonio del Museo. M\u00f3nica Giron, Enrique Salvatierra, Blanca Machuca, Julio Pantoja, Claudia Del R\u00edo, Andr\u00e9s Dorigo, Cristina Piffer, Eduardo M\u00e9dici, Tulio de Sagastiz\u00e1bal, Cristina Fraire, Ana Gallardo, David Lamelas, Luc\u00eda Pacenza, Marcelo Pombo, Cristina Schiavi y Juan Travnik son los premiados. En enero, las visitas guiadas ser\u00e1n los martes, y los domingos 15 y 29, a las 15 h. En febrero, los encuentros ser\u00e1n los martes 7 y 14, y los domingos 12 y 26, en el mismo horario.<\/p>\n\n\n\n<p>El Museo tambi\u00e9n presenta la exposici\u00f3n \u201cUn homenaje a Eduardo Iglesias Brickles (1944-2012)\u201d, que re\u00fane 20 xilopinturas del artista argentino, a diez a\u00f1os de su muerte. La muestra, curada por el escritor y ensayista Guillermo David, permite apreciar trabajos de Iglesias Brickles realizados entre 1993 y 2011, con su personal t\u00e9cnica de xilopintura, en la que supo mezclar lenguajes y herramientas tanto del grabado como de la pintura tradicional.<\/p>\n\n\n\n<div class=\"wp-block-image\"><figure class=\"aligncenter size-large is-resized\"><img loading=\"lazy\" decoding=\"async\" src=\"https:\/\/agendadelsur.com\/wp-content\/uploads\/2023\/01\/323272918_1105681530175234_1691370858786835068_n-1024x770.jpg\" alt=\"\" class=\"wp-image-29344\" width=\"493\" height=\"370\" srcset=\"https:\/\/agendadelsur.com\/wp-content\/uploads\/2023\/01\/323272918_1105681530175234_1691370858786835068_n-1024x770.jpg 1024w, https:\/\/agendadelsur.com\/wp-content\/uploads\/2023\/01\/323272918_1105681530175234_1691370858786835068_n-300x226.jpg 300w, https:\/\/agendadelsur.com\/wp-content\/uploads\/2023\/01\/323272918_1105681530175234_1691370858786835068_n-768x578.jpg 768w, https:\/\/agendadelsur.com\/wp-content\/uploads\/2023\/01\/323272918_1105681530175234_1691370858786835068_n.jpg 1436w\" sizes=\"(max-width: 493px) 100vw, 493px\" \/><\/figure><\/div>\n\n\n\n<p>Fuera de nuestra sede, **en el Centro Cultural Kirchner, se podr\u00e1 recorrer nuevamente, desde el 11 de enero, la muestra \u201cEscenas contempor\u00e1neas. Recorridos por la colecci\u00f3n del Museo Nacional de Bellas Artes. Arte argentino 1960-2001\u201d**, que permite apreciar en las salas de la Gran L\u00e1mpara \u2012en los pisos 6\u00b0 y 7\u00b0 del ex Correo Central\u2012 m\u00e1s de 170 obras de artistas argentinos. La muestra, con curadur\u00eda de Mariana Marchesi, directora art\u00edstica del Museo, se articula en cinco recorridos tem\u00e1ticos, cada uno de los cuales funciona como una peque\u00f1a exhibici\u00f3n en s\u00ed misma.<\/p>\n\n\n\n<p>Agenda de actividades en el Museo<\/p>\n\n\n\n<p>Durante el verano contin\u00faa el ciclo \u201cDe colecci\u00f3n\u201d, dedicado a indagar los or\u00edgenes del acervo haciendo foco en distintas salas: el arte de los antiguos pueblos andinos y el espacio dedicado a la colecci\u00f3n Hirsch.<\/p>\n\n\n\n<p>En enero y febrero vuelve a realizarse la visita \u201cDetr\u00e1s de la superficie. Historia de mujeres expuestas\u201d, un acercamiento a la producci\u00f3n de grandes artistas femeninas, repensando los roles que les fueron asignados. Berthe Morisot, Mar\u00eda Obligado, Norah Borges, Grete Stern, Cecilia Marcovich y Dora Maar, entre tantas otras, ser\u00e1n analizadas en profundidad, poniendo en relieve los imaginarios sociales que las envuelven.<\/p>\n\n\n\n<p>Continuando con las actividades accesibles que ofrece el Museo todos los meses, el mi\u00e9rcoles 18 y el domingo 22 de enero; y el mi\u00e9rcoles 15 y el domingo 19 de febrero, siempre a las 18 h, se llevar\u00e1 a cabo la visita \u201cNavegando en Lengua de Se\u00f1as Argentina (LSA)\u201d, en la que diferentes cuadros de grandes artistas permitir\u00e1n viajar en el tiempo, conocer sus historias y apreciar sus diversas maneras de pintar. Adem\u00e1s, los mi\u00e9rcoles 4, 11 y 25 de enero, el 1\u00b0, 8 y 22 de febrero; y los domingos 8 de enero y 5 de febrero, a las 18 h, habr\u00e1 un recorrido destinado para la comunidad sorda e hipoac\u00fasica por la muestra temporaria \u201cRaquel Forner. Revelaciones espaciales. 1957-1987\u201d.<\/p>\n\n\n\n<p>Y para acercar a chicas y chicos al Bellas Artes, este verano, el Museo ofrece dos actividades ideales: \u201cSue\u00f1o de una tarde en el Museo\u201d, con narraciones de cuentos a partir de obras de la colecci\u00f3n (s\u00e1bados 7 y 21, y domingo 8 y 22 de enero, a las 17 h; y s\u00e1bados 4 y 18, y domingos 5 y 19 de febrero, en el mismo horario); y \u201cMisi\u00f3n espacial: Forner\u201d, que permitir\u00e1 conocer a los astronautas, astroseres y mutantes que imagin\u00f3 Raquel Forner (martes 10, 17, 24 y 31 de enero, y 7 y 14 de febrero; s\u00e1bados 14 y 28 de enero, y 11 y 25 de febrero; y domingos 15 y 29 de enero, y 12 y 26 de febrero, siempre a las 17 h).<\/p>\n\n\n\n<div class=\"wp-block-image\"><figure class=\"aligncenter size-large is-resized\"><img decoding=\"async\" src=\"https:\/\/agendadelsur.com\/wp-content\/uploads\/2023\/01\/322951768_560593285926132_7154767918877092904_n-1024x665.jpg\" alt=\"\" class=\"wp-image-29345\" width=\"-231\" height=\"-149\" srcset=\"https:\/\/agendadelsur.com\/wp-content\/uploads\/2023\/01\/322951768_560593285926132_7154767918877092904_n-1024x665.jpg 1024w, https:\/\/agendadelsur.com\/wp-content\/uploads\/2023\/01\/322951768_560593285926132_7154767918877092904_n-300x195.jpg 300w, https:\/\/agendadelsur.com\/wp-content\/uploads\/2023\/01\/322951768_560593285926132_7154767918877092904_n-768x498.jpg 768w, https:\/\/agendadelsur.com\/wp-content\/uploads\/2023\/01\/322951768_560593285926132_7154767918877092904_n-1536x997.jpg 1536w, https:\/\/agendadelsur.com\/wp-content\/uploads\/2023\/01\/322951768_560593285926132_7154767918877092904_n.jpg 1664w\" sizes=\"(max-width: 1024px) 100vw, 1024px\" \/><\/figure><\/div>\n\n\n\n<p>Ya en febrero, las visitas guiadas \u201cObras destacadas\u201d ponen en foco piezas de la colecci\u00f3n, vincul\u00e1ndolas con otras exhibidas para profundizar en su an\u00e1lisis pl\u00e1stico, y su contexto art\u00edstico, hist\u00f3rico y cultural. Los martes 7, 14 y 28, a las 18, se ahondar\u00e1 en tres etapas diferentes de la producci\u00f3n del artista argentino Emilio Pettoruti. En tanto, Edgar Degas, Camille Pissarro, Paul Gauguin y Auguste Rodin, grandes maestros del arte franc\u00e9s del siglo XIX, ser\u00e1n protagonistas los jueves 9, 16 y 23 de febrero, y el 2 de marzo, siempre a las 13 h.<\/p>\n\n\n\n<p>Otra de las actividades previstas para el segundo mes del verano es el taller de dibujo para adolescentes y adultos \u201cBocetos guiados\u201d, que invita a trabajar en la sala donde se exhibe la muestra de Raquel Forner. Ser\u00e1 los jueves 9, 16 y 2, a las 18, el domingo 5 y el s\u00e1bado 18 de febrero, a las 16.30 h.<\/p>\n\n\n\n<p>Todas las actividades son de entrada gratuita. Punto de encuentro: Hall central del Museo.<\/p>\n\n\n\n<p>La programaci\u00f3n completa, d\u00eda por d\u00eda en el siguiente enlace: <a href=\"https:\/\/www.bellasartes.gob.ar\/agenda\/\">https:\/\/www.bellasartes.gob.ar\/agenda\/<\/a><\/p>\n\n\n\n<div class=\"wp-block-image\"><figure class=\"aligncenter size-full\"><img loading=\"lazy\" decoding=\"async\" width=\"300\" height=\"250\" src=\"https:\/\/agendadelsur.com\/wp-content\/uploads\/2023\/01\/agenda-del-sur.png\" alt=\"\" class=\"wp-image-29321\"\/><\/figure><\/div>\n\n\n\n<div class=\"wp-block-image\"><figure class=\"aligncenter size-full\"><img loading=\"lazy\" decoding=\"async\" width=\"300\" height=\"250\" src=\"https:\/\/agendadelsur.com\/wp-content\/uploads\/2023\/01\/MILLANEL-INT.-1.jpg\" alt=\"\" class=\"wp-image-29322\"\/><\/figure><\/div>\n","protected":false},"excerpt":{"rendered":"<p>El Museo Nacional de Bellas Artes ofrece en enero y febrero una extensa y variada programaci\u00f3n pensada para que todos los p\u00fablicos disfruten de las obras maestras de la colecci\u00f3n permanente y de las muestras temporarias en exhibici\u00f3n. Siempre con entrada gratuita, hay visitas guiadas, actividades para las infancias, talleres y recorridos inclusivos. Hasta el [&hellip;]<\/p>\n","protected":false},"author":2,"featured_media":29346,"comment_status":"closed","ping_status":"open","sticky":false,"template":"","format":"standard","meta":{"footnotes":""},"categories":[926],"tags":[8717],"_links":{"self":[{"href":"https:\/\/agendadelsur.com\/index.php\/wp-json\/wp\/v2\/posts\/29341"}],"collection":[{"href":"https:\/\/agendadelsur.com\/index.php\/wp-json\/wp\/v2\/posts"}],"about":[{"href":"https:\/\/agendadelsur.com\/index.php\/wp-json\/wp\/v2\/types\/post"}],"author":[{"embeddable":true,"href":"https:\/\/agendadelsur.com\/index.php\/wp-json\/wp\/v2\/users\/2"}],"replies":[{"embeddable":true,"href":"https:\/\/agendadelsur.com\/index.php\/wp-json\/wp\/v2\/comments?post=29341"}],"version-history":[{"count":1,"href":"https:\/\/agendadelsur.com\/index.php\/wp-json\/wp\/v2\/posts\/29341\/revisions"}],"predecessor-version":[{"id":29347,"href":"https:\/\/agendadelsur.com\/index.php\/wp-json\/wp\/v2\/posts\/29341\/revisions\/29347"}],"wp:featuredmedia":[{"embeddable":true,"href":"https:\/\/agendadelsur.com\/index.php\/wp-json\/wp\/v2\/media\/29346"}],"wp:attachment":[{"href":"https:\/\/agendadelsur.com\/index.php\/wp-json\/wp\/v2\/media?parent=29341"}],"wp:term":[{"taxonomy":"category","embeddable":true,"href":"https:\/\/agendadelsur.com\/index.php\/wp-json\/wp\/v2\/categories?post=29341"},{"taxonomy":"post_tag","embeddable":true,"href":"https:\/\/agendadelsur.com\/index.php\/wp-json\/wp\/v2\/tags?post=29341"}],"curies":[{"name":"wp","href":"https:\/\/api.w.org\/{rel}","templated":true}]}}