{"id":2982,"date":"2020-07-12T18:29:11","date_gmt":"2020-07-12T18:29:11","guid":{"rendered":"https:\/\/agendadelsur.com\/?p=2982"},"modified":"2020-07-12T18:37:13","modified_gmt":"2020-07-12T18:37:13","slug":"gran-acto-internacionalista-contra-el-racismo-y-la-violencia-policial","status":"publish","type":"post","link":"https:\/\/agendadelsur.com\/index.php\/2020\/07\/12\/gran-acto-internacionalista-contra-el-racismo-y-la-violencia-policial\/","title":{"rendered":"Gran acto internacionalista contra el racismo y la violencia policial"},"content":{"rendered":"\n<figure class=\"wp-block-embed-youtube wp-block-embed is-type-video is-provider-youtube wp-embed-aspect-16-9 wp-has-aspect-ratio\"><div class=\"wp-block-embed__wrapper\">\n<div class=\"epyt-video-wrapper\"><iframe loading=\"lazy\"  id=\"_ytid_74500\"  width=\"640\" height=\"360\"  data-origwidth=\"640\" data-origheight=\"360\" src=\"https:\/\/www.youtube.com\/embed\/fRQk7mC-9j4?enablejsapi=1&#038;autoplay=0&#038;cc_load_policy=0&#038;cc_lang_pref=&#038;iv_load_policy=1&#038;loop=0&#038;rel=1&#038;fs=1&#038;playsinline=0&#038;autohide=2&#038;theme=dark&#038;color=red&#038;controls=1&#038;disablekb=0&#038;\" class=\"__youtube_prefs__  epyt-is-override  no-lazyload\" title=\"YouTube player\"  allow=\"fullscreen; accelerometer; autoplay; clipboard-write; encrypted-media; gyroscope; picture-in-picture; web-share\" referrerpolicy=\"strict-origin-when-cross-origin\" allowfullscreen data-no-lazy=\"1\" data-skipgform_ajax_framebjll=\"\"><\/iframe><\/div>\n<\/div><\/figure>\n\n\n\n<p>Fue\norganizado por organizaciones socialistas de Am\u00e9rica Latina, Estados Unidos y\nEuropa. Hablaron referentes de sectores que se vienen movilizando, como en\nEstados Unidos, Francia, Brasil y otros pa\u00edses.<\/p>\n\n\n\n<p>Desde Estados\nUnidos, Francia o Brasil, as\u00ed como de Chile, Argentina, Bolivia, Alemania o el\nReino Unido, llegaron las voces de los oradores, quienes transmitieron sus\nconclusiones, siendo parte de la primera l\u00ednea de los procesos que se desarrollan\nen estos momentos a lo largo del mundo.<\/p>\n\n\n\n<p><strong>Casi 6000\nconexiones desde distintos lugares del mundo siguieron simult\u00e1neamente el acto<\/strong>, que tuvo &nbsp;<strong>m\u00e1s de 70.000 reproducciones en las\ndistintas redes<\/strong>. El acto fue traducidos en siete idiomas: ingl\u00e9s, franc\u00e9s,\nportugu\u00e9s, italiano, castellano, alem\u00e1n y en lenguaje de se\u00f1as.<\/p>\n\n\n\n<p><strong>Al calor\nde la conmoci\u00f3n mundial por la revuelta antirracista y contra la polic\u00eda en\nEstados Unidos por el asesinato de George Floyd<\/strong>, el acto denunci\u00f3 la relaci\u00f3n\nentre racismo, violencia policial y capitalismo, desde una perspectiva\nsocialista y revolucionaria.<\/p>\n\n\n\n<p>Los\noradores, con sus propias historias de vida y de lucha representaron desde la\npelea contra el racismo y todas las formas de opresi\u00f3n hasta la lucha de los\ntrabajadores por sus derechos.<\/p>\n\n\n\n<p>Hablaron\nrepresentantes de la <strong>juventud migrante perseguida y estigmatizada<\/strong>, <strong>j\u00f3venes\nreferentes del movimiento negro, de las mujeres y el colectivo LGTBI<\/strong>, de\nlos <strong>pueblos ind\u00edgenas<\/strong>, as\u00ed como <strong>trabajadores de la salud<\/strong> y\ntrabajadores <strong>de origen migrante<\/strong>.<\/p>\n\n\n\n<p>Fuente:\nLa Izquierda Diario<\/p>\n","protected":false},"excerpt":{"rendered":"<p>Fue organizado por organizaciones socialistas de Am\u00e9rica Latina, Estados Unidos y Europa. Hablaron referentes de sectores que se vienen movilizando, como en Estados Unidos, Francia, Brasil y otros pa\u00edses. Desde Estados Unidos, Francia o Brasil, as\u00ed como de Chile, Argentina, Bolivia, Alemania o el Reino Unido, llegaron las voces de los oradores, quienes transmitieron sus [&hellip;]<\/p>\n","protected":false},"author":2,"featured_media":2984,"comment_status":"closed","ping_status":"open","sticky":false,"template":"","format":"standard","meta":{"footnotes":""},"categories":[576],"tags":[793],"_links":{"self":[{"href":"https:\/\/agendadelsur.com\/index.php\/wp-json\/wp\/v2\/posts\/2982"}],"collection":[{"href":"https:\/\/agendadelsur.com\/index.php\/wp-json\/wp\/v2\/posts"}],"about":[{"href":"https:\/\/agendadelsur.com\/index.php\/wp-json\/wp\/v2\/types\/post"}],"author":[{"embeddable":true,"href":"https:\/\/agendadelsur.com\/index.php\/wp-json\/wp\/v2\/users\/2"}],"replies":[{"embeddable":true,"href":"https:\/\/agendadelsur.com\/index.php\/wp-json\/wp\/v2\/comments?post=2982"}],"version-history":[{"count":1,"href":"https:\/\/agendadelsur.com\/index.php\/wp-json\/wp\/v2\/posts\/2982\/revisions"}],"predecessor-version":[{"id":2983,"href":"https:\/\/agendadelsur.com\/index.php\/wp-json\/wp\/v2\/posts\/2982\/revisions\/2983"}],"wp:featuredmedia":[{"embeddable":true,"href":"https:\/\/agendadelsur.com\/index.php\/wp-json\/wp\/v2\/media\/2984"}],"wp:attachment":[{"href":"https:\/\/agendadelsur.com\/index.php\/wp-json\/wp\/v2\/media?parent=2982"}],"wp:term":[{"taxonomy":"category","embeddable":true,"href":"https:\/\/agendadelsur.com\/index.php\/wp-json\/wp\/v2\/categories?post=2982"},{"taxonomy":"post_tag","embeddable":true,"href":"https:\/\/agendadelsur.com\/index.php\/wp-json\/wp\/v2\/tags?post=2982"}],"curies":[{"name":"wp","href":"https:\/\/api.w.org\/{rel}","templated":true}]}}