{"id":29924,"date":"2023-01-19T22:18:30","date_gmt":"2023-01-20T01:18:30","guid":{"rendered":"https:\/\/agendadelsur.com\/?p=29924"},"modified":"2023-01-19T22:18:32","modified_gmt":"2023-01-20T01:18:32","slug":"inauguracion-de-un-nuevo-deposito-provincial-de-vacunas-y-entrega-ambulancias-en-santa-fe","status":"publish","type":"post","link":"https:\/\/agendadelsur.com\/index.php\/2023\/01\/19\/inauguracion-de-un-nuevo-deposito-provincial-de-vacunas-y-entrega-ambulancias-en-santa-fe\/","title":{"rendered":"Inauguraci\u00f3n de un nuevo dep\u00f3sito provincial de vacunas y entrega ambulancias en Santa Fe"},"content":{"rendered":"\n<h5 class=\"has-text-color wp-block-heading\" style=\"color:#f60004\">La ministra de Salud de la Naci\u00f3n, Carla Vizzotti, inaugur\u00f3 hoy junto a su par de Santa Fe, Sonia Martonaro, la obra del nuevo dep\u00f3sito provincial de vacunas que, con una inversi\u00f3n de 73,4 millones de pesos por parte de la cartera sanitaria nacional, permitir\u00e1 contar con el espacio adecuado para el almacenamiento de las vacunas y de otros insumos asociados al proceso de vacunaci\u00f3n. Adem\u00e1s, hizo entrega de las primeras 15 de las 19 ambulancias que recibir\u00e1 la provincia en el marco del Plan de Reconstrucci\u00f3n del sistema de salud. Se trata de 12 veh\u00edculos de traslados, 3 veh\u00edculos de cuidados cr\u00edticos y 4 veh\u00edculos 4&#215;4. La inversi\u00f3n total destinada a la provincia es de m\u00e1s de 1,4 millones de d\u00f3lares.<\/h5>\n\n\n\n<div class=\"wp-block-image\"><figure class=\"aligncenter size-full is-resized\"><img decoding=\"async\" src=\"https:\/\/agendadelsur.com\/wp-content\/uploads\/2023\/01\/santa_fe_03_18-1-23.jpeg\" alt=\"\" class=\"wp-image-29925\" width=\"-67\" height=\"-47\" srcset=\"https:\/\/agendadelsur.com\/wp-content\/uploads\/2023\/01\/santa_fe_03_18-1-23.jpeg 680w, https:\/\/agendadelsur.com\/wp-content\/uploads\/2023\/01\/santa_fe_03_18-1-23-300x212.jpeg 300w\" sizes=\"(max-width: 680px) 100vw, 680px\" \/><\/figure><\/div>\n\n\n\n<p>Adem\u00e1s, durante su visita a la provincia, la ministra present\u00f3 el proyecto del Convenio Marco para la implementaci\u00f3n de la Historia de Salud Integrada y recorri\u00f3 el laboratorio centralizado de muestras de VPH y citolog\u00eda del Hospital Iturraspe.<\/p>\n\n\n\n<p>Seg\u00fan detall\u00f3 Vizzotti, la construcci\u00f3n del dep\u00f3sito forma parte de un proyecto iniciado en 2016, luego discontinuado y retomado por decisi\u00f3n del actual Gobierno nacional con la intenci\u00f3n de otorgar mejoramientos en el acceso y de priorizar la calidad y la equidad como l\u00edneas estrat\u00e9gicas de trabajo.<\/p>\n\n\n\n<p>\u201cEs un orgullo compartir la alegr\u00eda de esta inauguraci\u00f3n con el equipo de salud de la provincia\u201d, sostuvo Vizzotti y agreg\u00f3 que \u201cpara fortalecer el sistema de salud se requiere trabajar con equipamiento, con estructura, con infraestructura y en articulaci\u00f3n con los ministerios de las provincias\u201d.<\/p>\n\n\n\n<p>Adem\u00e1s, la responsable de la cartera sanitaria se\u00f1al\u00f3 que el Programa de Inmunizaciones \u201cva m\u00e1s all\u00e1 de la vacunaci\u00f3n COVID-19\u201d porque abarca el Calendario Nacional \u201cpara todas las etapas de la vida\u201d.<\/p>\n\n\n\n<p>En coincidencia, Martonaro destac\u00f3 que \u201cluego de atravesar una pandemia supimos de la importancia que implica vacunar a nuestra gente\u201d y subray\u00f3 lo fundamental de contar con un almac\u00e9n de vacunas construido a partir de una mirada federal y teniendo en consideraci\u00f3n \u201clas necesidades espec\u00edficas de la provincia\u201d, lo cual permite \u201ctener una estructura de calidad para el almacenamiento y la distribuci\u00f3n de vacunas en Santa Fe\u201d.<\/p>\n\n\n\n<p>Emplazada en el edificio ubicado en el predio del ex Liceo Militar General Belgrano en el distrito El Recreo de la ciudad de Santa Fe, la construcci\u00f3n del dep\u00f3sito consolida una log\u00edstica adecuada a lo largo de Argentina, garantizando la cadena de fr\u00edo y el almacenamiento de descartables y material de difusi\u00f3n para llegar a todos los puntos del pa\u00eds e incrementando la capacidad de provisi\u00f3n de servicios en el territorio. Tambi\u00e9n, representa una herramienta para la prevenci\u00f3n de enfermedades a fin de alcanzar con las vacunas incluidas en el Calendario Nacional a toda la poblaci\u00f3n.<\/p>\n\n\n\n<p>Durante la jornada, Vizzotti otorg\u00f3 15 de las 19 ambulancias que recibir\u00e1 la provincia en el marco del Plan de Reconstrucci\u00f3n del Sistema de Salud, que establece la entrega de 344 ambulancias a todo el pa\u00eds, adem\u00e1s de equipos y obras de infraestructura, e implica una inversi\u00f3n de m\u00e1s de 500 millones de d\u00f3lares por parte del Gobierno nacional con el prop\u00f3sito de proveer recursos donde m\u00e1s se requieren.<\/p>\n\n\n\n<p>Se trata de 12 veh\u00edculos de traslados, 3 veh\u00edculos de cuidados cr\u00edticos y 4 veh\u00edculos 4&#215;4. La inversi\u00f3n total destinada a la provincia es de m\u00e1s de 1,4 millones de d\u00f3lares.<\/p>\n\n\n\n<p>En el recorrido, Vizzotti hizo hincapi\u00e9 en que \u201cla diversificaci\u00f3n de ambulancias est\u00e1 pensada a partir del an\u00e1lisis de las particularidades de la provincia\u201d e incluy\u00f3 esta entrega en el plan de fortalecimiento de todo el sistema de salud a nivel nacional.<\/p>\n\n\n\n<p>\u201cEstamos muy felices de incorporar 19 unidades a nuestra flota prehospitalaria\u201d, coment\u00f3 la ministra de Salud de la provincia y destac\u00f3 que a partir de hoy \u201ccontamos con ambulancias de alta complejidad, de mediana complejidad y con 4 ambulancias 4&#215;4 pensadas a partir de las especificidades de nuestro terreno\u201d.<\/p>\n\n\n\n<p>Presentaci\u00f3n del Convenio Marco para la implementaci\u00f3n de la Historia de Salud Integrada<\/p>\n\n\n\n<div class=\"wp-block-image\"><figure class=\"aligncenter size-full\"><img loading=\"lazy\" decoding=\"async\" width=\"600\" height=\"337\" src=\"https:\/\/agendadelsur.com\/wp-content\/uploads\/2023\/01\/3.-santa_fe_01_18-1-23.jpeg\" alt=\"\" class=\"wp-image-29926\" srcset=\"https:\/\/agendadelsur.com\/wp-content\/uploads\/2023\/01\/3.-santa_fe_01_18-1-23.jpeg 600w, https:\/\/agendadelsur.com\/wp-content\/uploads\/2023\/01\/3.-santa_fe_01_18-1-23-300x169.jpeg 300w\" sizes=\"(max-width: 600px) 100vw, 600px\" \/><\/figure><\/div>\n\n\n\n<p>Durante la visita se present\u00f3 tambi\u00e9n el proyecto del Convenio Marco que tiene como objetivo realizar las pol\u00edticas de implementaci\u00f3n, cooperaci\u00f3n, colaboraci\u00f3n y acciones conjuntas para el desarrollo del software de Historia de Salud Integrada (HSI), que gerencia en formato digital historias cl\u00ednicas y gestiona las prestaciones y acciones de todos los participantes de los equipos y organizaciones de salud en general mediante el uso de computadoras y tecnolog\u00edas similares.<\/p>\n\n\n\n<p>El proyecto prev\u00e9 la creaci\u00f3n de un comit\u00e9 que coordine y coopere entre los distintos actores y dominios que la componen, y que fortalezca los valores de integraci\u00f3n y colaboraci\u00f3n a cargo de la Subsecretar\u00eda de Integraci\u00f3n de los Sistemas de Salud y Atenci\u00f3n Primaria, e integrado por los Ministros de Salud o funcionarios representantes de sus respectivas jurisdicciones que adhieran a la HSI.<\/p>\n\n\n\n<p>Actualmente, la HSI se implementa en m\u00e1s de 230 efectores de salud a lo largo de 7 jurisdicciones (Jujuy, Formosa, La Rioja, Mendoza, Buenos Aires, Chubut y Santa Cruz).<\/p>\n\n\n\n<p>Durante la jornada, Vizzotti recorri\u00f3 adem\u00e1s el laboratorio centralizado de muestras de VPH y citolog\u00eda del Hospital General Especializado en Oncolog\u00eda \u201cJ. Bernardo Iturraspe\u201d, que en 2022 se incorpor\u00f3 a la estrategia del test de VPH con Captura H\u00edbrida (CH2) impulsada por el Programa Nacional de Prevenci\u00f3n de C\u00e1ncer Cervicouterino.<\/p>\n\n\n\n<p>En este marco, se destac\u00f3 que durante el a\u00f1o pasado se entregaron 15.583 determinaciones de test de VPH y 20.258 tubos colectores. Santa Fe recibi\u00f3 capacitaciones para tomadores de muestra y registro de informaci\u00f3n. Durante el 2023, se buscar\u00e1 fortalecer la implementaci\u00f3n de la estrategia del test de VPH en la provincia.<\/p>\n\n\n\n<p>Adem\u00e1s, la ministra se reuni\u00f3 con la artista visual Mar\u00eda Alejandra Fam\u00e1, quien realiz\u00f3 en el municipio de Santa Isabel el mural homenaje a la labor de las trabajadoras y los trabajadores de la salud durante la pandemia. Dicha obra se enmarca en el concurso \u201cRam\u00f3n Carrillo\u201d impulsado por las carteras nacionales de Salud y Cultura para la realizaci\u00f3n de 24 murales, uno por provincia, adem\u00e1s del mural federal \u2018Pasaje Soles\u2019 emplazado en el Instituto ANLIS &#8220;Dr. Carlos Malbr\u00e1n&#8221;.<\/p>\n\n\n\n<p>Participaron del encuentro tambi\u00e9n la titular de la cartera sanitaria de la provincia, el secretario de Gesti\u00f3n Cultural, Jorge Pavarin, y la enfermera Olga Moyano, cuyo rostro representa a Santa Fe en el mencionado mural del Malbr\u00e1n.<\/p>\n\n\n\n<p>Fuente: Ministerio de Salud de la Naci\u00f3n<\/p>\n\n\n\n<div class=\"wp-block-image\"><figure class=\"aligncenter size-full\"><img loading=\"lazy\" decoding=\"async\" width=\"676\" height=\"221\" src=\"https:\/\/agendadelsur.com\/wp-content\/uploads\/2023\/01\/avisos-banner-PRIVAMED-2.jpg\" alt=\"\" class=\"wp-image-29763\" srcset=\"https:\/\/agendadelsur.com\/wp-content\/uploads\/2023\/01\/avisos-banner-PRIVAMED-2.jpg 676w, https:\/\/agendadelsur.com\/wp-content\/uploads\/2023\/01\/avisos-banner-PRIVAMED-2-300x98.jpg 300w\" sizes=\"(max-width: 676px) 100vw, 676px\" \/><\/figure><\/div>\n","protected":false},"excerpt":{"rendered":"<p>La ministra de Salud de la Naci\u00f3n, Carla Vizzotti, inaugur\u00f3 hoy junto a su par de Santa Fe, Sonia Martonaro, la obra del nuevo dep\u00f3sito provincial de vacunas que, con una inversi\u00f3n de 73,4 millones de pesos por parte de la cartera sanitaria nacional, permitir\u00e1 contar con el espacio adecuado para el almacenamiento de las [&hellip;]<\/p>\n","protected":false},"author":2,"featured_media":29928,"comment_status":"closed","ping_status":"open","sticky":false,"template":"","format":"standard","meta":{"footnotes":""},"categories":[6294],"tags":[8868,8869],"_links":{"self":[{"href":"https:\/\/agendadelsur.com\/index.php\/wp-json\/wp\/v2\/posts\/29924"}],"collection":[{"href":"https:\/\/agendadelsur.com\/index.php\/wp-json\/wp\/v2\/posts"}],"about":[{"href":"https:\/\/agendadelsur.com\/index.php\/wp-json\/wp\/v2\/types\/post"}],"author":[{"embeddable":true,"href":"https:\/\/agendadelsur.com\/index.php\/wp-json\/wp\/v2\/users\/2"}],"replies":[{"embeddable":true,"href":"https:\/\/agendadelsur.com\/index.php\/wp-json\/wp\/v2\/comments?post=29924"}],"version-history":[{"count":1,"href":"https:\/\/agendadelsur.com\/index.php\/wp-json\/wp\/v2\/posts\/29924\/revisions"}],"predecessor-version":[{"id":29929,"href":"https:\/\/agendadelsur.com\/index.php\/wp-json\/wp\/v2\/posts\/29924\/revisions\/29929"}],"wp:featuredmedia":[{"embeddable":true,"href":"https:\/\/agendadelsur.com\/index.php\/wp-json\/wp\/v2\/media\/29928"}],"wp:attachment":[{"href":"https:\/\/agendadelsur.com\/index.php\/wp-json\/wp\/v2\/media?parent=29924"}],"wp:term":[{"taxonomy":"category","embeddable":true,"href":"https:\/\/agendadelsur.com\/index.php\/wp-json\/wp\/v2\/categories?post=29924"},{"taxonomy":"post_tag","embeddable":true,"href":"https:\/\/agendadelsur.com\/index.php\/wp-json\/wp\/v2\/tags?post=29924"}],"curies":[{"name":"wp","href":"https:\/\/api.w.org\/{rel}","templated":true}]}}