{"id":29968,"date":"2023-01-20T16:42:37","date_gmt":"2023-01-20T19:42:37","guid":{"rendered":"https:\/\/agendadelsur.com\/?p=29968"},"modified":"2023-01-20T16:42:38","modified_gmt":"2023-01-20T19:42:38","slug":"racing-campeon-de-la-super-copa-internacional","status":"publish","type":"post","link":"https:\/\/agendadelsur.com\/index.php\/2023\/01\/20\/racing-campeon-de-la-super-copa-internacional\/","title":{"rendered":"Racing Campe\u00f3n de la Super Copa Internacional"},"content":{"rendered":"\n<h5 class=\"has-text-color wp-block-heading\" style=\"color:#ff0105\">La &#8220;Academia&#8221; gan\u00f3 este viernes la primera edici\u00f3n de la Supercopa Internacional disputada en Emiratos \u00c1rabes Unidos, al imponerse a Boca Juniors por 2 a 1 con un penal anotado por Gonzalo Piovi en el s\u00e9ptimo minuto de descuento en el estadio Hazza bin Zayed de la ciudad de Al Ain.<\/h5>\n\n\n\n<div class=\"wp-block-image\"><figure class=\"aligncenter size-full\"><img loading=\"lazy\" decoding=\"async\" width=\"600\" height=\"400\" src=\"https:\/\/agendadelsur.com\/wp-content\/uploads\/2023\/01\/323296187_739629884183920_337973842880594744_n.jpg\" alt=\"\" class=\"wp-image-29969\" srcset=\"https:\/\/agendadelsur.com\/wp-content\/uploads\/2023\/01\/323296187_739629884183920_337973842880594744_n.jpg 600w, https:\/\/agendadelsur.com\/wp-content\/uploads\/2023\/01\/323296187_739629884183920_337973842880594744_n-300x200.jpg 300w\" sizes=\"(max-width: 600px) 100vw, 600px\" \/><\/figure><\/div>\n\n\n\n<p>le gan\u00f3 esta tarde a Boca por 2 a 1 en la primera edici\u00f3n de la Copa Internacional con<\/p>\n\n\n\n<p>Los goles Racing fueron convertidos por Johan Carbonero y Gonzalo Piovi, en tanto el de Boca lo hizo Facundo Roncaglia.<\/p>\n\n\n\n<p>Racing suma 15 Copas Nacionales y su 39 Estrella<\/p>\n\n\n\n<p>Fuente: T\u00e9lam<\/p>\n\n\n\n<div class=\"wp-block-image\"><figure class=\"aligncenter size-full\"><img loading=\"lazy\" decoding=\"async\" width=\"300\" height=\"250\" src=\"https:\/\/agendadelsur.com\/wp-content\/uploads\/2023\/01\/aviso-roman-2.jpg\" alt=\"\" class=\"wp-image-29756\"\/><\/figure><\/div>\n\n\n\n<div class=\"wp-block-image\"><figure class=\"aligncenter size-full\"><img loading=\"lazy\" decoding=\"async\" width=\"300\" height=\"300\" src=\"https:\/\/agendadelsur.com\/wp-content\/uploads\/2023\/01\/AVISO-TOTAL-JUBILACION-ANTICIPADA-2.jpg\" alt=\"\" class=\"wp-image-29757\" srcset=\"https:\/\/agendadelsur.com\/wp-content\/uploads\/2023\/01\/AVISO-TOTAL-JUBILACION-ANTICIPADA-2.jpg 300w, https:\/\/agendadelsur.com\/wp-content\/uploads\/2023\/01\/AVISO-TOTAL-JUBILACION-ANTICIPADA-2-150x150.jpg 150w\" sizes=\"(max-width: 300px) 100vw, 300px\" \/><\/figure><\/div>\n","protected":false},"excerpt":{"rendered":"<p>La &#8220;Academia&#8221; gan\u00f3 este viernes la primera edici\u00f3n de la Supercopa Internacional disputada en Emiratos \u00c1rabes Unidos, al imponerse a Boca Juniors por 2 a 1 con un penal anotado por Gonzalo Piovi en el s\u00e9ptimo minuto de descuento en el estadio Hazza bin Zayed de la ciudad de Al Ain. le gan\u00f3 esta tarde [&hellip;]<\/p>\n","protected":false},"author":2,"featured_media":29970,"comment_status":"closed","ping_status":"open","sticky":false,"template":"","format":"standard","meta":{"footnotes":""},"categories":[4,9],"tags":[8879,8880],"_links":{"self":[{"href":"https:\/\/agendadelsur.com\/index.php\/wp-json\/wp\/v2\/posts\/29968"}],"collection":[{"href":"https:\/\/agendadelsur.com\/index.php\/wp-json\/wp\/v2\/posts"}],"about":[{"href":"https:\/\/agendadelsur.com\/index.php\/wp-json\/wp\/v2\/types\/post"}],"author":[{"embeddable":true,"href":"https:\/\/agendadelsur.com\/index.php\/wp-json\/wp\/v2\/users\/2"}],"replies":[{"embeddable":true,"href":"https:\/\/agendadelsur.com\/index.php\/wp-json\/wp\/v2\/comments?post=29968"}],"version-history":[{"count":1,"href":"https:\/\/agendadelsur.com\/index.php\/wp-json\/wp\/v2\/posts\/29968\/revisions"}],"predecessor-version":[{"id":29971,"href":"https:\/\/agendadelsur.com\/index.php\/wp-json\/wp\/v2\/posts\/29968\/revisions\/29971"}],"wp:featuredmedia":[{"embeddable":true,"href":"https:\/\/agendadelsur.com\/index.php\/wp-json\/wp\/v2\/media\/29970"}],"wp:attachment":[{"href":"https:\/\/agendadelsur.com\/index.php\/wp-json\/wp\/v2\/media?parent=29968"}],"wp:term":[{"taxonomy":"category","embeddable":true,"href":"https:\/\/agendadelsur.com\/index.php\/wp-json\/wp\/v2\/categories?post=29968"},{"taxonomy":"post_tag","embeddable":true,"href":"https:\/\/agendadelsur.com\/index.php\/wp-json\/wp\/v2\/tags?post=29968"}],"curies":[{"name":"wp","href":"https:\/\/api.w.org\/{rel}","templated":true}]}}