{"id":30273,"date":"2023-01-31T01:29:36","date_gmt":"2023-01-31T04:29:36","guid":{"rendered":"https:\/\/agendadelsur.com\/?p=30273"},"modified":"2023-01-31T01:29:37","modified_gmt":"2023-01-31T04:29:37","slug":"avanzan-las-obras-de-reurbanizacion-en-barrios-de-la-matanza","status":"publish","type":"post","link":"https:\/\/agendadelsur.com\/index.php\/2023\/01\/31\/avanzan-las-obras-de-reurbanizacion-en-barrios-de-la-matanza\/","title":{"rendered":"Avanzan las obras de reurbanizaci\u00f3n en barrios de La Matanza"},"content":{"rendered":"\n<h6 class=\"wp-block-heading\">La obra comprende la construcci\u00f3n de 67 viviendas, 4 locales comerciales, 36 \u00e1reas de estacionamiento, redes de servicios esenciales, espacios verdes y pavimentaci\u00f3n de las calles De los Incas y Colonia.<\/h6>\n\n\n\n<div class=\"wp-block-image\"><figure class=\"aligncenter size-full is-resized\"><img decoding=\"async\" src=\"https:\/\/agendadelsur.com\/wp-content\/uploads\/2023\/01\/5-19.jpg\" alt=\"\" class=\"wp-image-30274\" width=\"-57\" height=\"-42\" srcset=\"https:\/\/agendadelsur.com\/wp-content\/uploads\/2023\/01\/5-19.jpg 600w, https:\/\/agendadelsur.com\/wp-content\/uploads\/2023\/01\/5-19-300x225.jpg 300w\" sizes=\"(max-width: 600px) 100vw, 600px\" \/><\/figure><\/div>\n\n\n\n<p>Adem\u00e1s, se firm\u00f3 el acta de inicio para la puesta en valor de espacios p\u00fablicos y frentes del circuito comercial Avenida Colonia y Crovara.<\/p>\n\n\n\n<p>Consiste en la mejora de las fachadas comerciales rampas peatonales, paradas de colectivos, forestaci\u00f3n y luminaria p\u00fablica.<\/p>\n\n\n\n<p>Fuente: Prensa del Gobierno de la Provincia de Buenos Aires<\/p>\n\n\n\n<div class=\"wp-block-image\"><figure class=\"aligncenter size-full\"><img loading=\"lazy\" decoding=\"async\" width=\"300\" height=\"250\" src=\"https:\/\/agendadelsur.com\/wp-content\/uploads\/2023\/01\/aviso-roman-4.jpg\" alt=\"\" class=\"wp-image-30266\"\/><\/figure><\/div>\n\n\n\n<div class=\"wp-block-image\"><figure class=\"aligncenter size-full\"><img loading=\"lazy\" decoding=\"async\" width=\"300\" height=\"300\" src=\"https:\/\/agendadelsur.com\/wp-content\/uploads\/2023\/01\/AVISO-TOTAL-JUBILACION-ANTICIPADA-4.jpg\" alt=\"\" class=\"wp-image-30265\" srcset=\"https:\/\/agendadelsur.com\/wp-content\/uploads\/2023\/01\/AVISO-TOTAL-JUBILACION-ANTICIPADA-4.jpg 300w, https:\/\/agendadelsur.com\/wp-content\/uploads\/2023\/01\/AVISO-TOTAL-JUBILACION-ANTICIPADA-4-150x150.jpg 150w\" sizes=\"(max-width: 300px) 100vw, 300px\" \/><\/figure><\/div>\n","protected":false},"excerpt":{"rendered":"<p>La obra comprende la construcci\u00f3n de 67 viviendas, 4 locales comerciales, 36 \u00e1reas de estacionamiento, redes de servicios esenciales, espacios verdes y pavimentaci\u00f3n de las calles De los Incas y Colonia. Adem\u00e1s, se firm\u00f3 el acta de inicio para la puesta en valor de espacios p\u00fablicos y frentes del circuito comercial Avenida Colonia y Crovara. [&hellip;]<\/p>\n","protected":false},"author":2,"featured_media":30275,"comment_status":"closed","ping_status":"open","sticky":false,"template":"","format":"standard","meta":{"footnotes":""},"categories":[6529],"tags":[8966,37,8965],"_links":{"self":[{"href":"https:\/\/agendadelsur.com\/index.php\/wp-json\/wp\/v2\/posts\/30273"}],"collection":[{"href":"https:\/\/agendadelsur.com\/index.php\/wp-json\/wp\/v2\/posts"}],"about":[{"href":"https:\/\/agendadelsur.com\/index.php\/wp-json\/wp\/v2\/types\/post"}],"author":[{"embeddable":true,"href":"https:\/\/agendadelsur.com\/index.php\/wp-json\/wp\/v2\/users\/2"}],"replies":[{"embeddable":true,"href":"https:\/\/agendadelsur.com\/index.php\/wp-json\/wp\/v2\/comments?post=30273"}],"version-history":[{"count":1,"href":"https:\/\/agendadelsur.com\/index.php\/wp-json\/wp\/v2\/posts\/30273\/revisions"}],"predecessor-version":[{"id":30276,"href":"https:\/\/agendadelsur.com\/index.php\/wp-json\/wp\/v2\/posts\/30273\/revisions\/30276"}],"wp:featuredmedia":[{"embeddable":true,"href":"https:\/\/agendadelsur.com\/index.php\/wp-json\/wp\/v2\/media\/30275"}],"wp:attachment":[{"href":"https:\/\/agendadelsur.com\/index.php\/wp-json\/wp\/v2\/media?parent=30273"}],"wp:term":[{"taxonomy":"category","embeddable":true,"href":"https:\/\/agendadelsur.com\/index.php\/wp-json\/wp\/v2\/categories?post=30273"},{"taxonomy":"post_tag","embeddable":true,"href":"https:\/\/agendadelsur.com\/index.php\/wp-json\/wp\/v2\/tags?post=30273"}],"curies":[{"name":"wp","href":"https:\/\/api.w.org\/{rel}","templated":true}]}}