{"id":32732,"date":"2023-04-07T00:31:48","date_gmt":"2023-04-07T03:31:48","guid":{"rendered":"https:\/\/agendadelsur.com\/?p=32732"},"modified":"2023-04-07T00:31:49","modified_gmt":"2023-04-07T03:31:49","slug":"nueva-ley-de-paneles-solares-en-la-provincia-de-buenos-aires","status":"publish","type":"post","link":"https:\/\/agendadelsur.com\/index.php\/2023\/04\/07\/nueva-ley-de-paneles-solares-en-la-provincia-de-buenos-aires\/","title":{"rendered":"Nueva ley de Paneles Solares en la Provincia de Buenos Aires"},"content":{"rendered":"\n<h6 class=\"wp-block-heading\">El Gobierno bonaerense Implement\u00f3 la Ley de Generaci\u00f3n Distribuida. Ahora los vecinos y vecinas que instalen paneles solares podr\u00e1n inyectar su energ\u00eda excedente a la red el\u00e9ctrica, con el objetivo de promover el uso de sistemas renovables y mejorar la calidad del servicio.<\/h6>\n\n\n\n<div class=\"wp-block-image\"><figure class=\"alignright size-full is-resized\"><img loading=\"lazy\" decoding=\"async\" src=\"https:\/\/agendadelsur.com\/wp-content\/uploads\/2023\/04\/5-de-Abril-Paneles.jpg\" alt=\"\" class=\"wp-image-32733\" width=\"448\" height=\"308\" srcset=\"https:\/\/agendadelsur.com\/wp-content\/uploads\/2023\/04\/5-de-Abril-Paneles.jpg 700w, https:\/\/agendadelsur.com\/wp-content\/uploads\/2023\/04\/5-de-Abril-Paneles-300x206.jpg 300w\" sizes=\"(max-width: 448px) 100vw, 448px\" \/><\/figure><\/div>\n\n\n\n<p>A partir de este mi\u00e9rcoles los vecinos y vecinas de la provincia de Buenos Aires podr\u00e1n convertirse en \u201cusuarios-generadores\u201d instalando paneles solares en sus domicilios. La resoluci\u00f3n publicada en el Bolet\u00edn Oficial, define que los usuarios y usuarias pueden autogenerar energ\u00eda renovable y entregar el excedente a la red el\u00e9ctrica, recibiendo una remuneraci\u00f3n por ello.<\/p>\n\n\n\n<p>Para promover esta actividad, la Provincia incorpor\u00f3 dos exenciones impositivas por 12 a\u00f1os: el impuesto a los Ingresos Brutos por la inyecci\u00f3n de los excedentes de energ\u00eda renovable a la red de distribuci\u00f3n, y el impuesto de sellos a los contratos que suscriban los usuarios con las empresas distribuidoras.<\/p>\n\n\n\n<p>Adicionalmente, los usuarios y usuarias que entreguen su excedente recibir\u00e1n descuentos en sus facturas de electricidad, equivalentes al costo de la energ\u00eda mayorista evitado por la distribuidora.<\/p>\n\n\n\n<p>La posibilidad de generar e inyectar energ\u00eda en forma particular no s\u00f3lo genera ahorros en las facturas del servicio el\u00e9ctrico, sino tambi\u00e9n permite un uso m\u00e1s eficiente de la misma, y promueve h\u00e1bitos de cuidado ambiental imprescindibles para el futuro.<\/p>\n\n\n\n<p>Paso a paso la implementaci\u00f3n<\/p>\n\n\n\n<p>\u25cf&nbsp;&nbsp;&nbsp; El usuario titular del suministro el\u00e9ctrico debe presentar ante la Distribuidora la informaci\u00f3n acerca del equipo de generaci\u00f3n distribuida que desea conectar, los planos de las instalaciones, y los datos del responsable de la instalaci\u00f3n que ejecutar\u00e1 la obra.<\/p>\n\n\n\n<p>\u25cf&nbsp;&nbsp;&nbsp; La Distribuidora deber\u00e1 realizar el estudio de factibilidad t\u00e9cnica de conexi\u00f3n en los plazos establecidos.<\/p>\n\n\n\n<p>\u25cf&nbsp;&nbsp;&nbsp; Una vez que la Distribuidora aprueba la conexi\u00f3n, el responsable de la instalaci\u00f3n deber\u00e1 verificar las condiciones para la conexi\u00f3n, llevando a cabo los procedimientos establecidos para cada tecnolog\u00eda y tipo de instalaci\u00f3n.<\/p>\n\n\n\n<p>\u25cf&nbsp;&nbsp;&nbsp; La instalaci\u00f3n incluir\u00e1 2 medidores: uno de medici\u00f3n bidireccional para registrar el intercambio con la red de la Distribuidora, un medidor unidireccional que registrar\u00e1 la demanda total del usuario y un sistema asociado de registro y transmisi\u00f3n de datos.<\/p>\n\n\n\n<p>\u25cf&nbsp;&nbsp;&nbsp; Cumplida la instalaci\u00f3n, la Distribuidora y el usuario suscribir\u00e1n el Contrato de Generaci\u00f3n El\u00e9ctrica domiciliaria bajo Modalidad Distribuida.&nbsp;<\/p>\n\n\n\n<p>\u25cf&nbsp;&nbsp;&nbsp; El usuario se convertir\u00e1 en \u201cusuario &#8211; generador\u201d cuando la Distribuidora le confiera el ALTA, a partir de la presentaci\u00f3n de la documentaci\u00f3n ante el Registro de Usuarios-Generadores de Energ\u00eda Renovable de la Provincia de Buenos Aires (RUGER). Luego debe expedir el Certificado de Usuario Generador que le permitir\u00e1 obtener los beneficios impositivos.<\/p>\n\n\n\n<p>\u25cf&nbsp;&nbsp;&nbsp; El RUGER &#8211; que es donde constar\u00e1n los usuarios generadores (UG) inscriptos por las distribuidoras provinciales y municipales de energ\u00eda el\u00e9ctrica- se encuentra en el \u00e1mbito del Organismo de Control de Energ\u00eda El\u00e9ctrica de la provincia de Buenos Aires (OCEBA).<\/p>\n\n\n\n<p>\u25cf&nbsp;&nbsp;&nbsp; Los usuarios generadores del \u00e1rea de concesi\u00f3n de EDENOR S.A. y EDESUR S.A.&nbsp; deber\u00e1n informar al OCEBA que poseen el correspondiente Certificado de usuario generador expedido por la Autoridad Nacional. A su vez, el RUGER notificar\u00e1 al ARBA sobre el certificado, la que luego conferir\u00e1 las exenciones impositivas establecidas por Ley Provincial N\u00b0 15.325.<\/p>\n\n\n\n<p>Fuente: Prensa del Gobierno de la Provincia de Buenos Aires.<\/p>\n\n\n\n<div class=\"wp-block-image\"><figure class=\"aligncenter size-full\"><img loading=\"lazy\" decoding=\"async\" width=\"340\" height=\"313\" src=\"https:\/\/agendadelsur.com\/wp-content\/uploads\/2023\/04\/AVISO-CRISTAL-PDF.jpg\" alt=\"\" class=\"wp-image-32604\" srcset=\"https:\/\/agendadelsur.com\/wp-content\/uploads\/2023\/04\/AVISO-CRISTAL-PDF.jpg 340w, https:\/\/agendadelsur.com\/wp-content\/uploads\/2023\/04\/AVISO-CRISTAL-PDF-300x276.jpg 300w\" sizes=\"(max-width: 340px) 100vw, 340px\" \/><\/figure><\/div>\n\n\n\n<div class=\"wp-block-image\"><figure class=\"aligncenter size-full\"><img loading=\"lazy\" decoding=\"async\" width=\"300\" height=\"250\" src=\"https:\/\/agendadelsur.com\/wp-content\/uploads\/2023\/04\/aviso-roman.jpg\" alt=\"\" class=\"wp-image-32603\"\/><\/figure><\/div>\n","protected":false},"excerpt":{"rendered":"<p>El Gobierno bonaerense Implement\u00f3 la Ley de Generaci\u00f3n Distribuida. Ahora los vecinos y vecinas que instalen paneles solares podr\u00e1n inyectar su energ\u00eda excedente a la red el\u00e9ctrica, con el objetivo de promover el uso de sistemas renovables y mejorar la calidad del servicio. A partir de este mi\u00e9rcoles los vecinos y vecinas de la provincia [&hellip;]<\/p>\n","protected":false},"author":2,"featured_media":32733,"comment_status":"closed","ping_status":"open","sticky":false,"template":"","format":"standard","meta":{"footnotes":""},"categories":[1419],"tags":[8776,2719,9685],"_links":{"self":[{"href":"https:\/\/agendadelsur.com\/index.php\/wp-json\/wp\/v2\/posts\/32732"}],"collection":[{"href":"https:\/\/agendadelsur.com\/index.php\/wp-json\/wp\/v2\/posts"}],"about":[{"href":"https:\/\/agendadelsur.com\/index.php\/wp-json\/wp\/v2\/types\/post"}],"author":[{"embeddable":true,"href":"https:\/\/agendadelsur.com\/index.php\/wp-json\/wp\/v2\/users\/2"}],"replies":[{"embeddable":true,"href":"https:\/\/agendadelsur.com\/index.php\/wp-json\/wp\/v2\/comments?post=32732"}],"version-history":[{"count":1,"href":"https:\/\/agendadelsur.com\/index.php\/wp-json\/wp\/v2\/posts\/32732\/revisions"}],"predecessor-version":[{"id":32734,"href":"https:\/\/agendadelsur.com\/index.php\/wp-json\/wp\/v2\/posts\/32732\/revisions\/32734"}],"wp:featuredmedia":[{"embeddable":true,"href":"https:\/\/agendadelsur.com\/index.php\/wp-json\/wp\/v2\/media\/32733"}],"wp:attachment":[{"href":"https:\/\/agendadelsur.com\/index.php\/wp-json\/wp\/v2\/media?parent=32732"}],"wp:term":[{"taxonomy":"category","embeddable":true,"href":"https:\/\/agendadelsur.com\/index.php\/wp-json\/wp\/v2\/categories?post=32732"},{"taxonomy":"post_tag","embeddable":true,"href":"https:\/\/agendadelsur.com\/index.php\/wp-json\/wp\/v2\/tags?post=32732"}],"curies":[{"name":"wp","href":"https:\/\/api.w.org\/{rel}","templated":true}]}}