{"id":3333,"date":"2020-08-12T17:29:38","date_gmt":"2020-08-12T17:29:38","guid":{"rendered":"https:\/\/agendadelsur.com\/?p=3333"},"modified":"2020-08-12T17:29:38","modified_gmt":"2020-08-12T17:29:38","slug":"estamos-orgullosos-de-haber-caido-en-la-universidad-publica","status":"publish","type":"post","link":"https:\/\/agendadelsur.com\/index.php\/2020\/08\/12\/estamos-orgullosos-de-haber-caido-en-la-universidad-publica\/","title":{"rendered":"&#8220;Estamos orgullosos de haber ca\u00eddo en la universidad p\u00fablica&#8221;"},"content":{"rendered":"\n<p>Lo expres\u00f3 el Presidente Alberto Fern\u00e1ndez durante la participaci\u00f3n en el acto por el 199 aniversario de la creaci\u00f3n de la UBA. Cinco Premios Nobel cayeron en la universidad p\u00fabica.\u00a0Este Presidente cay\u00f3 en la universidad p\u00fablica. Orgullosos de haber ca\u00eddo en la universidad p\u00fablica&#8221;, expres\u00f3 el mandatario en otro tramo de su discurso.<br> Alberto Fern\u00e1ndez destac\u00f3 hoy que\u00a0el pa\u00eds tiene una &#8220;historia magn\u00edfica en materia de educaci\u00f3n p\u00fablica, con algunos tiempos que quisieron ensombrecerla pero no lo lograron&#8221;\u00a0y expres\u00f3 estar\u00a0&#8220;orgulloso&#8221;\u00a0de pertenecer a la Universidad de Buenos Aires (UBA).<br> <br> &#8220;Mi vida est\u00e1 colmada de la UBA. Mi padre egres\u00f3 de ella, tambi\u00e9n mis hermanos. Egres\u00e9 yo y all\u00ed ense\u00f1o desde los 25 a\u00f1os. Para m\u00ed es muy importante la UBA como para todos los argentinos&#8221;, dijo el mandatario al participar -por videoconferencia- del acto por el 199\u00b0 aniversario de la creaci\u00f3n de la universidad.<br> <br> &#8220;Digo estas cosas para que sintamos orgullo cuando nos quieren hacer creer que algunos caen en la universidad p\u00fablica. Cinco Premios Nobel cayeron en la universidad p\u00fabica.\u00a0Este Presidente cay\u00f3 en la universidad p\u00fablica. Orgullosos de haber ca\u00eddo en la universidad p\u00fablica&#8221;, expres\u00f3 el mandatario en su discurso.<br> <br> El jefe de Estado hizo referencia de esta manera al discurso que pronunci\u00f3, en mayo de 2017, el expresidente Mauricio Macri, al presentar los resultados de las pruebas Aprender, cuando aludi\u00f3 a &#8220;la terrible inequidad entre aquel que puede ir a una escuela privada versus aquel que tiene que caer en la escuela p\u00fablica&#8221;.<\/p>\n\n\n\n<p>Fuente: T\u00e9lam<\/p>\n","protected":false},"excerpt":{"rendered":"<p>Lo expres\u00f3 el Presidente Alberto Fern\u00e1ndez durante la participaci\u00f3n en el acto por el 199 aniversario de la creaci\u00f3n de la UBA. Cinco Premios Nobel cayeron en la universidad p\u00fabica.\u00a0Este Presidente cay\u00f3 en la universidad p\u00fablica. Orgullosos de haber ca\u00eddo en la universidad p\u00fablica&#8221;, expres\u00f3 el mandatario en otro tramo de su discurso. Alberto Fern\u00e1ndez [&hellip;]<\/p>\n","protected":false},"author":2,"featured_media":3334,"comment_status":"closed","ping_status":"open","sticky":false,"template":"","format":"standard","meta":{"footnotes":""},"categories":[9],"tags":[902],"_links":{"self":[{"href":"https:\/\/agendadelsur.com\/index.php\/wp-json\/wp\/v2\/posts\/3333"}],"collection":[{"href":"https:\/\/agendadelsur.com\/index.php\/wp-json\/wp\/v2\/posts"}],"about":[{"href":"https:\/\/agendadelsur.com\/index.php\/wp-json\/wp\/v2\/types\/post"}],"author":[{"embeddable":true,"href":"https:\/\/agendadelsur.com\/index.php\/wp-json\/wp\/v2\/users\/2"}],"replies":[{"embeddable":true,"href":"https:\/\/agendadelsur.com\/index.php\/wp-json\/wp\/v2\/comments?post=3333"}],"version-history":[{"count":1,"href":"https:\/\/agendadelsur.com\/index.php\/wp-json\/wp\/v2\/posts\/3333\/revisions"}],"predecessor-version":[{"id":3335,"href":"https:\/\/agendadelsur.com\/index.php\/wp-json\/wp\/v2\/posts\/3333\/revisions\/3335"}],"wp:featuredmedia":[{"embeddable":true,"href":"https:\/\/agendadelsur.com\/index.php\/wp-json\/wp\/v2\/media\/3334"}],"wp:attachment":[{"href":"https:\/\/agendadelsur.com\/index.php\/wp-json\/wp\/v2\/media?parent=3333"}],"wp:term":[{"taxonomy":"category","embeddable":true,"href":"https:\/\/agendadelsur.com\/index.php\/wp-json\/wp\/v2\/categories?post=3333"},{"taxonomy":"post_tag","embeddable":true,"href":"https:\/\/agendadelsur.com\/index.php\/wp-json\/wp\/v2\/tags?post=3333"}],"curies":[{"name":"wp","href":"https:\/\/api.w.org\/{rel}","templated":true}]}}