{"id":33436,"date":"2023-04-27T02:27:42","date_gmt":"2023-04-27T05:27:42","guid":{"rendered":"https:\/\/agendadelsur.com\/?p=33436"},"modified":"2023-04-27T02:27:44","modified_gmt":"2023-04-27T05:27:44","slug":"se-realizo-la-mayor-entrega-de-equipamiento-a-dependencias-del-ejercito-de-los-ultimos-40-anos","status":"publish","type":"post","link":"https:\/\/agendadelsur.com\/index.php\/2023\/04\/27\/se-realizo-la-mayor-entrega-de-equipamiento-a-dependencias-del-ejercito-de-los-ultimos-40-anos\/","title":{"rendered":"Se realiz\u00f3 la mayor entrega de equipamiento a dependencias del ej\u00e9rcito de los \u00faltimos 40 a\u00f1os"},"content":{"rendered":"\n<h6 class=\"wp-block-heading\">Esta adquisici\u00f3n ser\u00e1 utilizada en las obras de urbanizaci\u00f3n que se est\u00e1n llevando a cabo en la localidad bonaerense de Los Hornos y en la ciudad santafesina de Rosario, entre otras.<\/h6>\n\n\n\n<div class=\"wp-block-image\"><figure class=\"aligncenter size-full\"><img loading=\"lazy\" decoding=\"async\" width=\"500\" height=\"332\" src=\"https:\/\/agendadelsur.com\/wp-content\/uploads\/2023\/04\/7e0fd637-3d36-4d98-b2e8-8d82614a562c.jpg\" alt=\"\" class=\"wp-image-33437\" srcset=\"https:\/\/agendadelsur.com\/wp-content\/uploads\/2023\/04\/7e0fd637-3d36-4d98-b2e8-8d82614a562c.jpg 500w, https:\/\/agendadelsur.com\/wp-content\/uploads\/2023\/04\/7e0fd637-3d36-4d98-b2e8-8d82614a562c-300x199.jpg 300w\" sizes=\"(max-width: 500px) 100vw, 500px\" \/><\/figure><\/div>\n\n\n\n<p>El ministro de Defensa, Jorge Taiana, encabez\u00f3 hoy junto al jefe del Ej\u00e9rcito, teniente general Guillermo Olegario Pereda en Campo de Mayo el acto de presentaci\u00f3n de nuevos equipos especiales, m\u00e1quinas viales y camiones de transporte para la Direcci\u00f3n de Ingenieros e Infraestructura y la Direcci\u00f3n de Materiales del Ej\u00e9rcito Argentino, adquiridos con recursos del Fondo Nacional de la Defensa (FONDEF).<\/p>\n\n\n\n<p>\u201cEsta presentaci\u00f3n de equipos especiales de ingenieros, maquinarias viales y camiones de transporte, han sido adquiridos gracias al Fondo Nacional de la Defensa, que nos permite cumplir con esta tarea de recuperar capacidades para las Fuerzas Armadas y en este caso particular la capacidad de que el batall\u00f3n de Ingenieros del Ej\u00e9rcito pueda hacer caminos.\u201d, destac\u00f3 Taiana durante el acto de entrega.<\/p>\n\n\n\n<p>Y contin\u00fao: \u201cTodas estas m\u00e1quinas son duales, ayudan a realizar tareas de servicio a la comunidad como la apertura de caminos y urbanizaci\u00f3n, pero tambi\u00e9n sirven para el despliegue y la defensa en todo el territorio nacional. Nuestro pa\u00eds posee muchas riquezas naturales y representa el octavo en extensi\u00f3n del mundo, por estas razones debemos contar con equipamiento y material moderno\u201d, concluy\u00f3 el Taiana.<\/p>\n\n\n\n<p>Los equipos presentados hoy representan la adquisici\u00f3n de material m\u00e1s importante de los \u00faltimos 40 a\u00f1os para los Ingenieros del Ej\u00e9rcito. La maquinaria vial que se utilizaba hasta ahora pertenec\u00eda al per\u00edodo 1978-1983, es decir, si bien durante el per\u00edodo 2003-2015 se realizaron compras y adquisiciones, esta compra constituye la m\u00e1s importante de los \u00faltimos a\u00f1os. Lo cual significa un hito de recuperaci\u00f3n y fortalecimiento de las capacidades militares.<\/p>\n\n\n\n<div class=\"wp-block-image\"><figure class=\"aligncenter size-full\"><img loading=\"lazy\" decoding=\"async\" width=\"500\" height=\"332\" src=\"https:\/\/agendadelsur.com\/wp-content\/uploads\/2023\/04\/78efb894-38e3-4a6c-a5d2-9d4207a7f55b.jpg\" alt=\"\" class=\"wp-image-33438\" srcset=\"https:\/\/agendadelsur.com\/wp-content\/uploads\/2023\/04\/78efb894-38e3-4a6c-a5d2-9d4207a7f55b.jpg 500w, https:\/\/agendadelsur.com\/wp-content\/uploads\/2023\/04\/78efb894-38e3-4a6c-a5d2-9d4207a7f55b-300x199.jpg 300w\" sizes=\"(max-width: 500px) 100vw, 500px\" \/><\/figure><\/div>\n\n\n\n<p>Entre las adquisiciones se encuentran dos retroexcavadoras para realizar movimientos de suelo en actividades de construcci\u00f3n general y demolici\u00f3n, as\u00ed como tareas de despeje, desbroce, excavaci\u00f3n y terraplenado. Tambi\u00e9n se adquirieron dos rodillos vibratorios lisos con c\u00e1scara pata de cabra, los cuales son ideales para compactar el suelo de manera acelerada en obras viales o construcciones en general. Adem\u00e1s, se incorporaron seis cargadoras frontales a rueda para cargar, empujar y transportar materiales pesados, y una minicargadora a rueda para transportar cargas livianas en trayectos cortos.<\/p>\n\n\n\n<p>Asimismo, se sumaron 10 torres de iluminaci\u00f3n, las cuales resultan de utilidad para realizar trabajos en condiciones de oscuridad o con poca visibilidad en lugares donde no hay suministro el\u00e9ctrico. Se incorporaron tambi\u00e9n cuatro tr\u00e1ilers de seis toneladas y un tr\u00e1iler de 12 toneladas, que permitir\u00e1n trasladar de manera segura todo el equipo adquirido a los lugares donde se necesite.<\/p>\n\n\n\n<p>De igual manera, se adquirieron 50 botellones de buceo para aire comprimido, cuyo prop\u00f3sito es mantener la capacidad de los elementos especializados con la aptitud de buzo del Ej\u00e9rcito.<\/p>\n\n\n\n<p>Tambi\u00e9n, se incorporaron seis camiones Volkswagen para iniciar el reemplazo progresivo de las viejas unidades, y piezas fundamentales para el transporte de material de puente.<\/p>\n\n\n\n<p>Finalmente, provenientes del Programa de Iniciativa Global para Operaciones de Paz, se recibieron una topadora Caterpillar D6 y una motoniveladora Caterpillar 14D, que pasar\u00e1 a sumarse con las que ya cuenta el arma. Cabe mencionar que la \u00faltima hab\u00eda sido incorporada en el a\u00f1o 1982.<\/p>\n\n\n\n<p>Fuente: Ministerio de Defensa<\/p>\n\n\n\n<div class=\"wp-block-image\"><figure class=\"aligncenter size-full is-resized\"><img loading=\"lazy\" decoding=\"async\" src=\"https:\/\/agendadelsur.com\/wp-content\/uploads\/2023\/04\/aviso-roman-3.jpg\" alt=\"\" class=\"wp-image-33262\" width=\"342\" height=\"285\"\/><\/figure><\/div>\n\n\n\n<div class=\"wp-block-image\"><figure class=\"aligncenter size-large is-resized\"><img loading=\"lazy\" decoding=\"async\" src=\"https:\/\/agendadelsur.com\/wp-content\/uploads\/2023\/04\/nuevo-A.-CESAR-1-1024x683.jpg\" alt=\"\" class=\"wp-image-33290\" width=\"418\" height=\"279\" srcset=\"https:\/\/agendadelsur.com\/wp-content\/uploads\/2023\/04\/nuevo-A.-CESAR-1-1024x683.jpg 1024w, https:\/\/agendadelsur.com\/wp-content\/uploads\/2023\/04\/nuevo-A.-CESAR-1-300x200.jpg 300w, https:\/\/agendadelsur.com\/wp-content\/uploads\/2023\/04\/nuevo-A.-CESAR-1-768x512.jpg 768w, https:\/\/agendadelsur.com\/wp-content\/uploads\/2023\/04\/nuevo-A.-CESAR-1-1536x1024.jpg 1536w, https:\/\/agendadelsur.com\/wp-content\/uploads\/2023\/04\/nuevo-A.-CESAR-1.jpg 1800w\" sizes=\"(max-width: 418px) 100vw, 418px\" \/><\/figure><\/div>\n","protected":false},"excerpt":{"rendered":"<p>Esta adquisici\u00f3n ser\u00e1 utilizada en las obras de urbanizaci\u00f3n que se est\u00e1n llevando a cabo en la localidad bonaerense de Los Hornos y en la ciudad santafesina de Rosario, entre otras. El ministro de Defensa, Jorge Taiana, encabez\u00f3 hoy junto al jefe del Ej\u00e9rcito, teniente general Guillermo Olegario Pereda en Campo de Mayo el acto [&hellip;]<\/p>\n","protected":false},"author":2,"featured_media":33439,"comment_status":"closed","ping_status":"open","sticky":false,"template":"","format":"standard","meta":{"footnotes":""},"categories":[9],"tags":[4915,9933],"_links":{"self":[{"href":"https:\/\/agendadelsur.com\/index.php\/wp-json\/wp\/v2\/posts\/33436"}],"collection":[{"href":"https:\/\/agendadelsur.com\/index.php\/wp-json\/wp\/v2\/posts"}],"about":[{"href":"https:\/\/agendadelsur.com\/index.php\/wp-json\/wp\/v2\/types\/post"}],"author":[{"embeddable":true,"href":"https:\/\/agendadelsur.com\/index.php\/wp-json\/wp\/v2\/users\/2"}],"replies":[{"embeddable":true,"href":"https:\/\/agendadelsur.com\/index.php\/wp-json\/wp\/v2\/comments?post=33436"}],"version-history":[{"count":1,"href":"https:\/\/agendadelsur.com\/index.php\/wp-json\/wp\/v2\/posts\/33436\/revisions"}],"predecessor-version":[{"id":33440,"href":"https:\/\/agendadelsur.com\/index.php\/wp-json\/wp\/v2\/posts\/33436\/revisions\/33440"}],"wp:featuredmedia":[{"embeddable":true,"href":"https:\/\/agendadelsur.com\/index.php\/wp-json\/wp\/v2\/media\/33439"}],"wp:attachment":[{"href":"https:\/\/agendadelsur.com\/index.php\/wp-json\/wp\/v2\/media?parent=33436"}],"wp:term":[{"taxonomy":"category","embeddable":true,"href":"https:\/\/agendadelsur.com\/index.php\/wp-json\/wp\/v2\/categories?post=33436"},{"taxonomy":"post_tag","embeddable":true,"href":"https:\/\/agendadelsur.com\/index.php\/wp-json\/wp\/v2\/tags?post=33436"}],"curies":[{"name":"wp","href":"https:\/\/api.w.org\/{rel}","templated":true}]}}