{"id":33559,"date":"2023-04-30T01:16:12","date_gmt":"2023-04-30T04:16:12","guid":{"rendered":"https:\/\/agendadelsur.com\/?p=33559"},"modified":"2023-04-30T01:33:51","modified_gmt":"2023-04-30T04:33:51","slug":"fallecio-maria-cristina-verrier","status":"publish","type":"post","link":"https:\/\/agendadelsur.com\/index.php\/2023\/04\/30\/fallecio-maria-cristina-verrier\/","title":{"rendered":"Falleci\u00f3 Mar\u00eda Cristina Verrier"},"content":{"rendered":"\n<h6 class=\"wp-block-heading\">Mar\u00eda Cristina -dramaturga y periodista- fue la \u00fanica mujer que en septiembre de 1966 particip\u00f3 del Operativo C\u00f3ndor, la gesta que realizaron dieciocho j\u00f3venes estudiantes y obreros, que secuestraron un avi\u00f3n de l\u00ednea y lo aterrizaron en las Islas Malvinas. All\u00ed izaron siete banderas argentinas que flamearon durante 36 horas, como un acto de reafirmar la soberan\u00eda nacional en nuestras islas.<\/h6>\n\n\n\n<div class=\"wp-block-image\"><figure class=\"aligncenter size-full is-resized\"><img loading=\"lazy\" decoding=\"async\" src=\"https:\/\/agendadelsur.com\/wp-content\/uploads\/2023\/04\/721216-29-04-2023-dardo-cabo-y-cristina-verrier.jpg\" alt=\"\" class=\"wp-image-33560\" width=\"626\" height=\"429\" srcset=\"https:\/\/agendadelsur.com\/wp-content\/uploads\/2023\/04\/721216-29-04-2023-dardo-cabo-y-cristina-verrier.jpg 700w, https:\/\/agendadelsur.com\/wp-content\/uploads\/2023\/04\/721216-29-04-2023-dardo-cabo-y-cristina-verrier-300x206.jpg 300w\" sizes=\"(max-width: 626px) 100vw, 626px\" \/><figcaption><em>Mar\u00eda Cristina Verrier y Dardo Cabo<\/em><\/figcaption><\/figure><\/div>\n\n\n\n<p>Por ese entonces Verrier, hija de C\u00e9sar Verrier, que hab\u00eda sido juez y funcionario durante la presidencia de Arturo Frondizi, ten\u00eda 27 a\u00f1os. Junto con su pareja, Dardo Cabo, y otros 16 integrantes del Movimiento Nueva Argentina (MNA) idearon y concretaron el operativo C\u00f3ndor.<\/p>\n\n\n\n<p>Mar\u00eda Cristina Verrier<\/p>\n\n\n\n<p>Verrier naci\u00f3 en 1939 en la Ciudad de Buenos Aires, adem\u00e1s de su labor como dramaturga, tambi\u00e9n trabaj\u00f3 como periodista en la Revista Panorama. Entre la producci\u00f3n teatral de Verrier se cuentan, entre otras las obras, &#8220;Los olvidados&#8221;, &#8220;La bronca&#8221;, &#8220;Naranjas amargas para mam\u00e1&#8221;, La balada de la idiota&#8221;, &#8220;Ac\u00e1 est\u00e1n, estos son&#8221;, &#8220;Cero&#8221;, &#8220;La peque\u00f1a gente&#8221;, &#8220;La cueva de los tres jorobados&#8221;, &#8220;Los viajeros del tren a la luna&#8221; o &#8220;La ro\u00f1a&#8221;.<\/p>\n\n\n\n<p>Tambi\u00e9n fue fundadora junto a Abel S\u00e1enz Buhr del teatro El Altillo, ubicado en Florida 460, donde estren\u00f3 muchas de sus piezas.<\/p>\n\n\n\n<blockquote class=\"wp-block-quote is-layout-flow wp-block-quote-is-layout-flow\"><p><strong>Las banderas de Malvinas<\/strong><\/p><p>Mar\u00eda Cristina Verrier le entreg\u00f3 a la presidenta Cristina Fern\u00e1ndez en el a\u00f1o 2012, las siete banderas que flamearon en las Islas.<\/p><p>\u201cCada una de las siete banderas tiene esta inscripci\u00f3n que certifica que fueron las siete banderas que flamearon en Malvinas. La m\u00e1s sucia, la que m\u00e1s hab\u00eda flameado fue la que Mar\u00eda Cristina me pidi\u00f3 que la llevara al mausoleo de N\u00e9stor; hoy est\u00e1 con \u00e9l, la llev\u00e9 el \u00faltimo fin de semana que estuve\u201d, explic\u00f3 CFK durante el acto de ayer en homenaje al Gaucho Rivero, otro reconquistador de las Malvinas.<\/p><p>El destino de las otras seis ser\u00e1 diverso, seg\u00fan cont\u00f3 la mandataria: \u201cUna ya saben que est\u00e1 en el mausoleo, otra va a ir a Itat\u00ed\u201d en homenaje a los soldados correntinos fallecidos en el Atl\u00e1ntico Sur. \u201cOtra debe estar en el Museo de las Malvinas que vamos a inaugurar el a\u00f1o que viene \u2013repas\u00f3\u2013, otra aqu\u00ed abajo, en el Museo del Bicentenario; otra va a ser para el patio Malvinas Argentinas que est\u00e1 aqu\u00ed, en la sede del Poder Ejecutivo Nacional.\u201d Y la s\u00e9ptima, concluy\u00f3, aclarando que se trataba de una decisi\u00f3n personal, \u201cen la Catedral de Luj\u00e1n, consagrada a la virgen de Luj\u00e1n, que es la patrona de todos los argentinos\u201d.<\/p><\/blockquote>\n\n\n\n<p>Mar\u00eda Cristina, falleci\u00f3 este viernes en la Ciudad de Buenos Aires, as\u00ed lo inform\u00f3 en un comunicado Sociedad Argentina de Autores de Argentina&#8221;Con gran pesar despedimos a la dramaturga y periodista Mar\u00eda Cristina Verrier, quien falleci\u00f3 ayer en la ciudad de Buenos Aires. Desde Argentores enviamos nuestras condolencias a familiares y amigos de nuestra socia en este triste momento&#8221;, expresan las primeras l\u00edneas del texto.<\/p>\n\n\n\n<div class=\"wp-block-image\"><figure class=\"aligncenter size-full\"><img loading=\"lazy\" decoding=\"async\" width=\"300\" height=\"300\" src=\"https:\/\/agendadelsur.com\/wp-content\/uploads\/2023\/04\/MILLANEL-INT.-1-4.jpg\" alt=\"\" class=\"wp-image-33480\" srcset=\"https:\/\/agendadelsur.com\/wp-content\/uploads\/2023\/04\/MILLANEL-INT.-1-4.jpg 300w, https:\/\/agendadelsur.com\/wp-content\/uploads\/2023\/04\/MILLANEL-INT.-1-4-150x150.jpg 150w\" sizes=\"(max-width: 300px) 100vw, 300px\" \/><\/figure><\/div>\n","protected":false},"excerpt":{"rendered":"<p>Mar\u00eda Cristina -dramaturga y periodista- fue la \u00fanica mujer que en septiembre de 1966 particip\u00f3 del Operativo C\u00f3ndor, la gesta que realizaron dieciocho j\u00f3venes estudiantes y obreros, que secuestraron un avi\u00f3n de l\u00ednea y lo aterrizaron en las Islas Malvinas. All\u00ed izaron siete banderas argentinas que flamearon durante 36 horas, como un acto de reafirmar [&hellip;]<\/p>\n","protected":false},"author":2,"featured_media":33561,"comment_status":"closed","ping_status":"open","sticky":false,"template":"","format":"standard","meta":{"footnotes":""},"categories":[9],"tags":[9968,9969],"_links":{"self":[{"href":"https:\/\/agendadelsur.com\/index.php\/wp-json\/wp\/v2\/posts\/33559"}],"collection":[{"href":"https:\/\/agendadelsur.com\/index.php\/wp-json\/wp\/v2\/posts"}],"about":[{"href":"https:\/\/agendadelsur.com\/index.php\/wp-json\/wp\/v2\/types\/post"}],"author":[{"embeddable":true,"href":"https:\/\/agendadelsur.com\/index.php\/wp-json\/wp\/v2\/users\/2"}],"replies":[{"embeddable":true,"href":"https:\/\/agendadelsur.com\/index.php\/wp-json\/wp\/v2\/comments?post=33559"}],"version-history":[{"count":2,"href":"https:\/\/agendadelsur.com\/index.php\/wp-json\/wp\/v2\/posts\/33559\/revisions"}],"predecessor-version":[{"id":33564,"href":"https:\/\/agendadelsur.com\/index.php\/wp-json\/wp\/v2\/posts\/33559\/revisions\/33564"}],"wp:featuredmedia":[{"embeddable":true,"href":"https:\/\/agendadelsur.com\/index.php\/wp-json\/wp\/v2\/media\/33561"}],"wp:attachment":[{"href":"https:\/\/agendadelsur.com\/index.php\/wp-json\/wp\/v2\/media?parent=33559"}],"wp:term":[{"taxonomy":"category","embeddable":true,"href":"https:\/\/agendadelsur.com\/index.php\/wp-json\/wp\/v2\/categories?post=33559"},{"taxonomy":"post_tag","embeddable":true,"href":"https:\/\/agendadelsur.com\/index.php\/wp-json\/wp\/v2\/tags?post=33559"}],"curies":[{"name":"wp","href":"https:\/\/api.w.org\/{rel}","templated":true}]}}