{"id":34242,"date":"2023-05-17T00:04:02","date_gmt":"2023-05-17T03:04:02","guid":{"rendered":"https:\/\/agendadelsur.com\/?p=34242"},"modified":"2023-05-17T00:04:03","modified_gmt":"2023-05-17T03:04:03","slug":"se-presenta-el-libro-24-de-marzo-de-1976","status":"publish","type":"post","link":"https:\/\/agendadelsur.com\/index.php\/2023\/05\/17\/se-presenta-el-libro-24-de-marzo-de-1976\/","title":{"rendered":"Se Presenta el Libro \u201c24 de Marzo de 1976\u201d"},"content":{"rendered":"\n<h6 class=\"wp-block-heading\">Este mi\u00e9rcoles en el Instituto Municipal De Folklore y Artesan\u00edas Argentinas de Avellaneda, se llevar\u00e1 a cabo la presentaci\u00f3n del libro \u201c24 de marzo de 1976\u201d, un trabajo impulsado desde el IMFAA con la participaci\u00f3n de su comunidad educativa para conmemorar los 40 a\u00f1os de la democracia argentina. Entrada libre y gratuita<\/h6>\n\n\n\n<div class=\"wp-block-image\"><figure class=\"aligncenter size-full is-resized\"><img loading=\"lazy\" decoding=\"async\" src=\"https:\/\/agendadelsur.com\/wp-content\/uploads\/2023\/05\/347394444_1687540968358338_2628105308435932716_n.jpg\" alt=\"\" class=\"wp-image-34243\" width=\"537\" height=\"368\" srcset=\"https:\/\/agendadelsur.com\/wp-content\/uploads\/2023\/05\/347394444_1687540968358338_2628105308435932716_n.jpg 700w, https:\/\/agendadelsur.com\/wp-content\/uploads\/2023\/05\/347394444_1687540968358338_2628105308435932716_n-300x206.jpg 300w\" sizes=\"(max-width: 537px) 100vw, 537px\" \/><\/figure><\/div>\n\n\n\n<p>Participar\u00e1n el intendente Jorge Ferraresi y el guionista y productor, Pedro Saborido.<\/p>\n\n\n\n<p>Mi\u00e9rcoles 17 de mayo 19.00 horas. Alsina 149, Avellaneda.<\/p>\n\n\n\n<div class=\"wp-block-image\"><figure class=\"aligncenter size-full\"><img loading=\"lazy\" decoding=\"async\" width=\"300\" height=\"300\" src=\"https:\/\/agendadelsur.com\/wp-content\/uploads\/2023\/05\/agenda-del-sur-2.png\" alt=\"\" class=\"wp-image-34187\" srcset=\"https:\/\/agendadelsur.com\/wp-content\/uploads\/2023\/05\/agenda-del-sur-2.png 300w, https:\/\/agendadelsur.com\/wp-content\/uploads\/2023\/05\/agenda-del-sur-2-150x150.png 150w\" sizes=\"(max-width: 300px) 100vw, 300px\" \/><\/figure><\/div>\n\n\n\n<div class=\"wp-block-image\"><figure class=\"aligncenter size-full\"><img loading=\"lazy\" decoding=\"async\" width=\"300\" height=\"300\" src=\"https:\/\/agendadelsur.com\/wp-content\/uploads\/2023\/05\/MILLANEL-INT.-1-2.jpg\" alt=\"\" class=\"wp-image-34193\" srcset=\"https:\/\/agendadelsur.com\/wp-content\/uploads\/2023\/05\/MILLANEL-INT.-1-2.jpg 300w, https:\/\/agendadelsur.com\/wp-content\/uploads\/2023\/05\/MILLANEL-INT.-1-2-150x150.jpg 150w\" sizes=\"(max-width: 300px) 100vw, 300px\" \/><\/figure><\/div>\n","protected":false},"excerpt":{"rendered":"<p>Este mi\u00e9rcoles en el Instituto Municipal De Folklore y Artesan\u00edas Argentinas de Avellaneda, se llevar\u00e1 a cabo la presentaci\u00f3n del libro \u201c24 de marzo de 1976\u201d, un trabajo impulsado desde el IMFAA con la participaci\u00f3n de su comunidad educativa para conmemorar los 40 a\u00f1os de la democracia argentina. Entrada libre y gratuita Participar\u00e1n el intendente [&hellip;]<\/p>\n","protected":false},"author":2,"featured_media":34243,"comment_status":"closed","ping_status":"open","sticky":false,"template":"","format":"standard","meta":{"footnotes":""},"categories":[4],"tags":[10188],"_links":{"self":[{"href":"https:\/\/agendadelsur.com\/index.php\/wp-json\/wp\/v2\/posts\/34242"}],"collection":[{"href":"https:\/\/agendadelsur.com\/index.php\/wp-json\/wp\/v2\/posts"}],"about":[{"href":"https:\/\/agendadelsur.com\/index.php\/wp-json\/wp\/v2\/types\/post"}],"author":[{"embeddable":true,"href":"https:\/\/agendadelsur.com\/index.php\/wp-json\/wp\/v2\/users\/2"}],"replies":[{"embeddable":true,"href":"https:\/\/agendadelsur.com\/index.php\/wp-json\/wp\/v2\/comments?post=34242"}],"version-history":[{"count":1,"href":"https:\/\/agendadelsur.com\/index.php\/wp-json\/wp\/v2\/posts\/34242\/revisions"}],"predecessor-version":[{"id":34244,"href":"https:\/\/agendadelsur.com\/index.php\/wp-json\/wp\/v2\/posts\/34242\/revisions\/34244"}],"wp:featuredmedia":[{"embeddable":true,"href":"https:\/\/agendadelsur.com\/index.php\/wp-json\/wp\/v2\/media\/34243"}],"wp:attachment":[{"href":"https:\/\/agendadelsur.com\/index.php\/wp-json\/wp\/v2\/media?parent=34242"}],"wp:term":[{"taxonomy":"category","embeddable":true,"href":"https:\/\/agendadelsur.com\/index.php\/wp-json\/wp\/v2\/categories?post=34242"},{"taxonomy":"post_tag","embeddable":true,"href":"https:\/\/agendadelsur.com\/index.php\/wp-json\/wp\/v2\/tags?post=34242"}],"curies":[{"name":"wp","href":"https:\/\/api.w.org\/{rel}","templated":true}]}}