{"id":34637,"date":"2023-05-25T21:22:01","date_gmt":"2023-05-26T00:22:01","guid":{"rendered":"https:\/\/agendadelsur.com\/?p=34637"},"modified":"2023-05-25T21:22:04","modified_gmt":"2023-05-26T00:22:04","slug":"25-de-mayo-2023-a-20-anos-de-la-asuncion-de-nestor-kirchner","status":"publish","type":"post","link":"https:\/\/agendadelsur.com\/index.php\/2023\/05\/25\/25-de-mayo-2023-a-20-anos-de-la-asuncion-de-nestor-kirchner\/","title":{"rendered":"25 de Mayo 2023. A 20 a\u00f1os de la asunci\u00f3n de N\u00e9stor Kirchner."},"content":{"rendered":"\n<p><strong><em>N\u00e9stor y Cristina son los que lograron volver a darle sentido a la pol\u00edtica y al peronismo<\/em><\/strong><\/p>\n\n\n\n<div class=\"wp-block-image\"><figure class=\"aligncenter size-full is-resized\"><img loading=\"lazy\" decoding=\"async\" src=\"https:\/\/agendadelsur.com\/wp-content\/uploads\/2023\/05\/715830-suple-n-c3-a9stor-30-1.jpg\" alt=\"\" class=\"wp-image-34639\" width=\"569\" height=\"379\" srcset=\"https:\/\/agendadelsur.com\/wp-content\/uploads\/2023\/05\/715830-suple-n-c3-a9stor-30-1.jpg 360w, https:\/\/agendadelsur.com\/wp-content\/uploads\/2023\/05\/715830-suple-n-c3-a9stor-30-1-300x200.jpg 300w\" sizes=\"(max-width: 569px) 100vw, 569px\" \/><\/figure><\/div>\n\n\n\n<p>En 2001 el pueblo, sobre todos los j\u00f3venes, relacionaban al peronismo con el menemismo (neoliberalismo al palo) y la consigna m\u00e1s repetida era &#8220;que se vayan todos&#8221;. Pero los j\u00f3venes volvieron a militar y el pueblo volvi\u00f3 a tener esperanza. Y fueron los mejores 12 a\u00f1os de los \u00faltimos setenta a\u00f1os. &nbsp;<\/p>\n\n\n\n<div class=\"wp-block-image\"><figure class=\"aligncenter size-full is-resized\"><img loading=\"lazy\" decoding=\"async\" src=\"https:\/\/agendadelsur.com\/wp-content\/uploads\/2023\/05\/cristina-1.jpg\" alt=\"\" class=\"wp-image-34640\" width=\"564\" height=\"317\" srcset=\"https:\/\/agendadelsur.com\/wp-content\/uploads\/2023\/05\/cristina-1.jpg 929w, https:\/\/agendadelsur.com\/wp-content\/uploads\/2023\/05\/cristina-1-300x169.jpg 300w, https:\/\/agendadelsur.com\/wp-content\/uploads\/2023\/05\/cristina-1-768x432.jpg 768w\" sizes=\"(max-width: 564px) 100vw, 564px\" \/><\/figure><\/div>\n\n\n\n<p>A militar, a organizarse, llam\u00f3 Cristina hoy en el acto.<\/p>\n\n\n\n<div class=\"wp-block-image\"><figure class=\"aligncenter size-full is-resized\"><img loading=\"lazy\" decoding=\"async\" src=\"https:\/\/agendadelsur.com\/wp-content\/uploads\/2023\/05\/25-de-Mayo-II-1.jpg\" alt=\"\" class=\"wp-image-34641\" width=\"513\" height=\"352\" srcset=\"https:\/\/agendadelsur.com\/wp-content\/uploads\/2023\/05\/25-de-Mayo-II-1.jpg 700w, https:\/\/agendadelsur.com\/wp-content\/uploads\/2023\/05\/25-de-Mayo-II-1-300x206.jpg 300w\" sizes=\"(max-width: 513px) 100vw, 513px\" \/><\/figure><\/div>\n","protected":false},"excerpt":{"rendered":"<p>N\u00e9stor y Cristina son los que lograron volver a darle sentido a la pol\u00edtica y al peronismo En 2001 el pueblo, sobre todos los j\u00f3venes, relacionaban al peronismo con el menemismo (neoliberalismo al palo) y la consigna m\u00e1s repetida era &#8220;que se vayan todos&#8221;. Pero los j\u00f3venes volvieron a militar y el pueblo volvi\u00f3 a [&hellip;]<\/p>\n","protected":false},"author":2,"featured_media":34642,"comment_status":"closed","ping_status":"open","sticky":false,"template":"","format":"standard","meta":{"footnotes":""},"categories":[9],"tags":[10315,61,10316],"_links":{"self":[{"href":"https:\/\/agendadelsur.com\/index.php\/wp-json\/wp\/v2\/posts\/34637"}],"collection":[{"href":"https:\/\/agendadelsur.com\/index.php\/wp-json\/wp\/v2\/posts"}],"about":[{"href":"https:\/\/agendadelsur.com\/index.php\/wp-json\/wp\/v2\/types\/post"}],"author":[{"embeddable":true,"href":"https:\/\/agendadelsur.com\/index.php\/wp-json\/wp\/v2\/users\/2"}],"replies":[{"embeddable":true,"href":"https:\/\/agendadelsur.com\/index.php\/wp-json\/wp\/v2\/comments?post=34637"}],"version-history":[{"count":1,"href":"https:\/\/agendadelsur.com\/index.php\/wp-json\/wp\/v2\/posts\/34637\/revisions"}],"predecessor-version":[{"id":34643,"href":"https:\/\/agendadelsur.com\/index.php\/wp-json\/wp\/v2\/posts\/34637\/revisions\/34643"}],"wp:featuredmedia":[{"embeddable":true,"href":"https:\/\/agendadelsur.com\/index.php\/wp-json\/wp\/v2\/media\/34642"}],"wp:attachment":[{"href":"https:\/\/agendadelsur.com\/index.php\/wp-json\/wp\/v2\/media?parent=34637"}],"wp:term":[{"taxonomy":"category","embeddable":true,"href":"https:\/\/agendadelsur.com\/index.php\/wp-json\/wp\/v2\/categories?post=34637"},{"taxonomy":"post_tag","embeddable":true,"href":"https:\/\/agendadelsur.com\/index.php\/wp-json\/wp\/v2\/tags?post=34637"}],"curies":[{"name":"wp","href":"https:\/\/api.w.org\/{rel}","templated":true}]}}