{"id":34655,"date":"2023-05-26T19:56:11","date_gmt":"2023-05-26T22:56:11","guid":{"rendered":"https:\/\/agendadelsur.com\/?p=34655"},"modified":"2023-05-26T19:56:34","modified_gmt":"2023-05-26T22:56:34","slug":"fallecio-daniel-toro","status":"publish","type":"post","link":"https:\/\/agendadelsur.com\/index.php\/2023\/05\/26\/fallecio-daniel-toro\/","title":{"rendered":"Falleci\u00f3 Daniel Toro"},"content":{"rendered":"\n<h6 class=\"wp-block-heading\">Fue uno de los m\u00e1s grandes artistas del folklore argentino y latinoamericano. El cantante y compositor salte\u00f1o fue un referente de la m\u00fasica popular de nuestra regi\u00f3n. Autor de \u201cZamba para olvidarte\u201d, entre otros cl\u00e1sicos de su gran obra.<\/h6>\n\n\n\n<div class=\"wp-block-image\"><figure class=\"aligncenter size-large is-resized\"><img loading=\"lazy\" decoding=\"async\" src=\"https:\/\/agendadelsur.com\/wp-content\/uploads\/2023\/05\/imagepng-1024x579.webp\" alt=\"\" class=\"wp-image-34656\" width=\"529\" height=\"298\" srcset=\"https:\/\/agendadelsur.com\/wp-content\/uploads\/2023\/05\/imagepng-1024x579.webp 1024w, https:\/\/agendadelsur.com\/wp-content\/uploads\/2023\/05\/imagepng-300x170.webp 300w, https:\/\/agendadelsur.com\/wp-content\/uploads\/2023\/05\/imagepng.webp 1191w\" sizes=\"(max-width: 529px) 100vw, 529px\" \/><\/figure><\/div>\n\n\n\n<p>Desde sus inicios en 1959 fue un creador sensible y comprometido que retrat\u00f3 problem\u00e1ticas sociales, por lo que fue censurado por la dictadura c\u00edvico militar.<\/p>\n\n\n\n<p>Daniel Toro muri\u00f3 este jueves en un hospital de la ciudad de Salta a los 82 a\u00f1os, donde se encontraba internado desde el 28 de abril pasado por un cuadro de neumon\u00eda que no pudo ser revertido.<\/p>\n\n\n\n<p><strong>Zamba para Olvidarte<\/strong><\/p>\n\n\n\n<figure class=\"wp-block-embed is-type-video is-provider-youtube wp-block-embed-youtube wp-embed-aspect-4-3 wp-has-aspect-ratio\"><div class=\"wp-block-embed__wrapper\">\n<div class=\"epyt-video-wrapper\"><iframe loading=\"lazy\"  id=\"_ytid_90791\"  width=\"640\" height=\"480\"  data-origwidth=\"640\" data-origheight=\"480\" src=\"https:\/\/www.youtube.com\/embed\/8Cu3xqnCNek?enablejsapi=1&#038;autoplay=0&#038;cc_load_policy=0&#038;cc_lang_pref=&#038;iv_load_policy=1&#038;loop=0&#038;rel=1&#038;fs=1&#038;playsinline=0&#038;autohide=2&#038;theme=dark&#038;color=red&#038;controls=1&#038;disablekb=0&#038;\" class=\"__youtube_prefs__  epyt-is-override  no-lazyload\" title=\"YouTube player\"  allow=\"fullscreen; accelerometer; autoplay; clipboard-write; encrypted-media; gyroscope; picture-in-picture; web-share\" referrerpolicy=\"strict-origin-when-cross-origin\" allowfullscreen data-no-lazy=\"1\" data-skipgform_ajax_framebjll=\"\"><\/iframe><\/div>\n<\/div><\/figure>\n\n\n\n<p><strong>&#8220;El Nombrador, una pel\u00edcula sobre Daniel Toro&#8221; Tr\u00e1iler<\/strong><\/p>\n\n\n\n<figure class=\"wp-block-embed is-type-video is-provider-youtube wp-block-embed-youtube wp-embed-aspect-16-9 wp-has-aspect-ratio\"><div class=\"wp-block-embed__wrapper\">\n<div class=\"epyt-video-wrapper\"><iframe loading=\"lazy\"  id=\"_ytid_25583\"  width=\"640\" height=\"360\"  data-origwidth=\"640\" data-origheight=\"360\" src=\"https:\/\/www.youtube.com\/embed\/RQawcJzb0I8?enablejsapi=1&#038;autoplay=0&#038;cc_load_policy=0&#038;cc_lang_pref=&#038;iv_load_policy=1&#038;loop=0&#038;rel=1&#038;fs=1&#038;playsinline=0&#038;autohide=2&#038;theme=dark&#038;color=red&#038;controls=1&#038;disablekb=0&#038;\" class=\"__youtube_prefs__  epyt-is-override  no-lazyload\" title=\"YouTube player\"  allow=\"fullscreen; accelerometer; autoplay; clipboard-write; encrypted-media; gyroscope; picture-in-picture; web-share\" referrerpolicy=\"strict-origin-when-cross-origin\" allowfullscreen data-no-lazy=\"1\" data-skipgform_ajax_framebjll=\"\"><\/iframe><\/div>\n<\/div><\/figure>\n\n\n\n<div class=\"wp-block-image\"><figure class=\"aligncenter size-full\"><img loading=\"lazy\" decoding=\"async\" width=\"300\" height=\"250\" src=\"https:\/\/agendadelsur.com\/wp-content\/uploads\/2023\/05\/agenda-del-sur-3.png\" alt=\"\" class=\"wp-image-34375\"\/><\/figure><\/div>\n\n\n\n<div class=\"wp-block-image\"><figure class=\"aligncenter size-full\"><img loading=\"lazy\" decoding=\"async\" width=\"300\" height=\"250\" src=\"https:\/\/agendadelsur.com\/wp-content\/uploads\/2023\/05\/MILLANEL-INT.-1-3.jpg\" alt=\"\" class=\"wp-image-34376\"\/><\/figure><\/div>\n","protected":false},"excerpt":{"rendered":"<p>Fue uno de los m\u00e1s grandes artistas del folklore argentino y latinoamericano. El cantante y compositor salte\u00f1o fue un referente de la m\u00fasica popular de nuestra regi\u00f3n. Autor de \u201cZamba para olvidarte\u201d, entre otros cl\u00e1sicos de su gran obra. Desde sus inicios en 1959 fue un creador sensible y comprometido que retrat\u00f3 problem\u00e1ticas sociales, por [&hellip;]<\/p>\n","protected":false},"author":2,"featured_media":34657,"comment_status":"closed","ping_status":"open","sticky":false,"template":"","format":"standard","meta":{"footnotes":""},"categories":[9],"tags":[10322,10321],"_links":{"self":[{"href":"https:\/\/agendadelsur.com\/index.php\/wp-json\/wp\/v2\/posts\/34655"}],"collection":[{"href":"https:\/\/agendadelsur.com\/index.php\/wp-json\/wp\/v2\/posts"}],"about":[{"href":"https:\/\/agendadelsur.com\/index.php\/wp-json\/wp\/v2\/types\/post"}],"author":[{"embeddable":true,"href":"https:\/\/agendadelsur.com\/index.php\/wp-json\/wp\/v2\/users\/2"}],"replies":[{"embeddable":true,"href":"https:\/\/agendadelsur.com\/index.php\/wp-json\/wp\/v2\/comments?post=34655"}],"version-history":[{"count":1,"href":"https:\/\/agendadelsur.com\/index.php\/wp-json\/wp\/v2\/posts\/34655\/revisions"}],"predecessor-version":[{"id":34658,"href":"https:\/\/agendadelsur.com\/index.php\/wp-json\/wp\/v2\/posts\/34655\/revisions\/34658"}],"wp:featuredmedia":[{"embeddable":true,"href":"https:\/\/agendadelsur.com\/index.php\/wp-json\/wp\/v2\/media\/34657"}],"wp:attachment":[{"href":"https:\/\/agendadelsur.com\/index.php\/wp-json\/wp\/v2\/media?parent=34655"}],"wp:term":[{"taxonomy":"category","embeddable":true,"href":"https:\/\/agendadelsur.com\/index.php\/wp-json\/wp\/v2\/categories?post=34655"},{"taxonomy":"post_tag","embeddable":true,"href":"https:\/\/agendadelsur.com\/index.php\/wp-json\/wp\/v2\/tags?post=34655"}],"curies":[{"name":"wp","href":"https:\/\/api.w.org\/{rel}","templated":true}]}}