{"id":34690,"date":"2023-05-28T21:47:01","date_gmt":"2023-05-29T00:47:01","guid":{"rendered":"https:\/\/agendadelsur.com\/?p=34690"},"modified":"2023-05-28T21:47:02","modified_gmt":"2023-05-29T00:47:02","slug":"fallecio-rodolfo-hermida-destacado-director-productor-y-docente-del-area-audiovisual","status":"publish","type":"post","link":"https:\/\/agendadelsur.com\/index.php\/2023\/05\/28\/fallecio-rodolfo-hermida-destacado-director-productor-y-docente-del-area-audiovisual\/","title":{"rendered":"Falleci\u00f3 Rodolfo Hermida. Destacado director, productor y docente del \u00e1rea audiovisual."},"content":{"rendered":"\n<h6 class=\"wp-block-heading\">Hermida &nbsp;fue un actor fundamental del mundo del cine independiente de los \u00faltimos 50 a\u00f1os. Se destac\u00f3 impulsando movimientos de la cultura cinematogr\u00e1fica, como las muestras de Unicpar, o el desarrollo de la Escuela de Arte Cinematogr\u00e1fico de Avellaneda, de la cual fue su rector, durante varios a\u00f1os, a partir de los a\u00f1os &#8217;80. En televisi\u00f3n con se recuerda por sus creaciones como, &#8220;El monitor argentino&#8221; y &#8220;El galp\u00f3n de la memoria&#8221; .<\/h6>\n\n\n\n<div class=\"wp-block-image\"><figure class=\"aligncenter size-full\"><img loading=\"lazy\" decoding=\"async\" width=\"350\" height=\"350\" src=\"https:\/\/agendadelsur.com\/wp-content\/uploads\/2023\/05\/Rodolfo-Hermida.jpg\" alt=\"\" class=\"wp-image-34691\" srcset=\"https:\/\/agendadelsur.com\/wp-content\/uploads\/2023\/05\/Rodolfo-Hermida.jpg 350w, https:\/\/agendadelsur.com\/wp-content\/uploads\/2023\/05\/Rodolfo-Hermida-300x300.jpg 300w, https:\/\/agendadelsur.com\/wp-content\/uploads\/2023\/05\/Rodolfo-Hermida-150x150.jpg 150w\" sizes=\"(max-width: 350px) 100vw, 350px\" \/><\/figure><\/div>\n\n\n\n<p>En el a\u00f1os 1992 recibi\u00f3 el premio Mart\u00edn Fierro al Mejor Programa Educativo Cultural como director de \u201cLa c\u00e1psula del tiempo\u201d.<\/p>\n\n\n\n<p>Tambi\u00e9n fue Director de la Carrera de Imagen y Sonido de la FADU UBA,&nbsp;&nbsp;director del Centro de Formaci\u00f3n Profesional (CFP) del Sindicato Industria Cinematogr\u00e1fica Argentina (SICA), profesor del Posgrado Internacional de Gesti\u00f3n y Pol\u00edtica de la Cultura y la Comunicaci\u00f3n de Flacso, profesor del Postgrado del IUNA, coordinador acad\u00e9mico de la Escuela de Medios Audiovisuales Buenos Aires Comunicaci\u00f3n (BAC) y rector del Instituto de Arte Cinematogr\u00e1fico de Avellaneda (IDAC).<\/p>\n\n\n\n<p>En la Escuela Nacional de Experimentaci\u00f3n y Realizaci\u00f3n Cinematogr\u00e1fica (Enerc) en Moreno 1199 esquina Salta, de CABA, este lunes se despedir\u00e1 a Rodolfo Hermida.<\/p>\n\n\n\n<p>Fuente: T\u00e9lam. Foto Portada: DOAT &#8211; Directores de Obras Audiovisuales para Televisi\u00f3n.<\/p>\n\n\n\n<div class=\"wp-block-image\"><figure class=\"aligncenter size-full\"><img loading=\"lazy\" decoding=\"async\" width=\"300\" height=\"250\" src=\"https:\/\/agendadelsur.com\/wp-content\/uploads\/2023\/05\/agenda-del-sur-4.png\" alt=\"\" class=\"wp-image-34553\"\/><\/figure><\/div>\n\n\n\n<div class=\"wp-block-image\"><figure class=\"aligncenter size-full\"><img loading=\"lazy\" decoding=\"async\" width=\"300\" height=\"250\" src=\"https:\/\/agendadelsur.com\/wp-content\/uploads\/2023\/05\/MILLANEL-INT.-1-4.jpg\" alt=\"\" class=\"wp-image-34554\"\/><\/figure><\/div>\n","protected":false},"excerpt":{"rendered":"<p>Hermida &nbsp;fue un actor fundamental del mundo del cine independiente de los \u00faltimos 50 a\u00f1os. Se destac\u00f3 impulsando movimientos de la cultura cinematogr\u00e1fica, como las muestras de Unicpar, o el desarrollo de la Escuela de Arte Cinematogr\u00e1fico de Avellaneda, de la cual fue su rector, durante varios a\u00f1os, a partir de los a\u00f1os &#8217;80. En [&hellip;]<\/p>\n","protected":false},"author":2,"featured_media":34692,"comment_status":"closed","ping_status":"open","sticky":false,"template":"","format":"standard","meta":{"footnotes":""},"categories":[9],"tags":[10340,10341],"_links":{"self":[{"href":"https:\/\/agendadelsur.com\/index.php\/wp-json\/wp\/v2\/posts\/34690"}],"collection":[{"href":"https:\/\/agendadelsur.com\/index.php\/wp-json\/wp\/v2\/posts"}],"about":[{"href":"https:\/\/agendadelsur.com\/index.php\/wp-json\/wp\/v2\/types\/post"}],"author":[{"embeddable":true,"href":"https:\/\/agendadelsur.com\/index.php\/wp-json\/wp\/v2\/users\/2"}],"replies":[{"embeddable":true,"href":"https:\/\/agendadelsur.com\/index.php\/wp-json\/wp\/v2\/comments?post=34690"}],"version-history":[{"count":1,"href":"https:\/\/agendadelsur.com\/index.php\/wp-json\/wp\/v2\/posts\/34690\/revisions"}],"predecessor-version":[{"id":34693,"href":"https:\/\/agendadelsur.com\/index.php\/wp-json\/wp\/v2\/posts\/34690\/revisions\/34693"}],"wp:featuredmedia":[{"embeddable":true,"href":"https:\/\/agendadelsur.com\/index.php\/wp-json\/wp\/v2\/media\/34692"}],"wp:attachment":[{"href":"https:\/\/agendadelsur.com\/index.php\/wp-json\/wp\/v2\/media?parent=34690"}],"wp:term":[{"taxonomy":"category","embeddable":true,"href":"https:\/\/agendadelsur.com\/index.php\/wp-json\/wp\/v2\/categories?post=34690"},{"taxonomy":"post_tag","embeddable":true,"href":"https:\/\/agendadelsur.com\/index.php\/wp-json\/wp\/v2\/tags?post=34690"}],"curies":[{"name":"wp","href":"https:\/\/api.w.org\/{rel}","templated":true}]}}