{"id":34709,"date":"2023-05-29T14:10:56","date_gmt":"2023-05-29T17:10:56","guid":{"rendered":"https:\/\/agendadelsur.com\/?p=34709"},"modified":"2023-05-29T14:11:11","modified_gmt":"2023-05-29T17:11:11","slug":"fin-de-semana-extralargo-movimiento-turistico-record-impulsado-por-previaje","status":"publish","type":"post","link":"https:\/\/agendadelsur.com\/index.php\/2023\/05\/29\/fin-de-semana-extralargo-movimiento-turistico-record-impulsado-por-previaje\/","title":{"rendered":"Fin de semana extralargo: movimiento tur\u00edstico r\u00e9cord, impulsado por PreViaje"},"content":{"rendered":"\n<h6 class=\"wp-block-heading\">De acuerdo a los primeros relevamientos del Observatorio Argentino de Turismo (OAT), m\u00e1s de 1,3 millones de turistas se movilizaron por nuestros destinos, cifra r\u00e9cord para este fin de semana de mayo. El impulso de la cuarta edici\u00f3n del programa PreViaje, el impacto del Mundial Sub-20 y la llegada de visitantes del extranjero (especialmente desde Chile, Uruguay y Brasil) son los principales factores que explican estos n\u00fameros. Seg\u00fan el informe de la Confederaci\u00f3n Argentina de la Mediana Empresa (CAME), el impacto econ\u00f3mico fue de $47.433 millones.<\/h6>\n\n\n\n<div class=\"wp-block-image\"><figure class=\"aligncenter size-large is-resized\"><img loading=\"lazy\" decoding=\"async\" src=\"https:\/\/agendadelsur.com\/wp-content\/uploads\/2023\/05\/whatsapp_image_2023-05-27_at_18.56.34-1024x576.jpeg\" alt=\"\" class=\"wp-image-34710\" width=\"504\" height=\"283\" srcset=\"https:\/\/agendadelsur.com\/wp-content\/uploads\/2023\/05\/whatsapp_image_2023-05-27_at_18.56.34-1024x576.jpeg 1024w, https:\/\/agendadelsur.com\/wp-content\/uploads\/2023\/05\/whatsapp_image_2023-05-27_at_18.56.34-300x169.jpeg 300w, https:\/\/agendadelsur.com\/wp-content\/uploads\/2023\/05\/whatsapp_image_2023-05-27_at_18.56.34-768x432.jpeg 768w, https:\/\/agendadelsur.com\/wp-content\/uploads\/2023\/05\/whatsapp_image_2023-05-27_at_18.56.34-1536x864.jpeg 1536w, https:\/\/agendadelsur.com\/wp-content\/uploads\/2023\/05\/whatsapp_image_2023-05-27_at_18.56.34.jpeg 1920w\" sizes=\"(max-width: 504px) 100vw, 504px\" \/><\/figure><\/div>\n\n\n\n<p>San Juan volvi\u00f3 a ser la provincia con mejor nivel de ocupaci\u00f3n (97%), mientras que destinos como Salta, la Quebrada de Humahuaca, Mendoza, San Carlos de Bariloche, San Mart\u00edn de los Andes, Puerto Iguaz\u00fa, Merlo, Tandil y Santiago del Estero superaron el 90% de ocupaci\u00f3n. Por su parte, desde Aerol\u00edneas Argentinas informaron que m\u00e1s de 230 mil pasajeros volar\u00e1n durante el fin de semana largo, con ocupaci\u00f3n por arriba del 96% en destinos tur\u00edsticos.<\/p>\n\n\n\n<p>\u201cCon el impulso de PreViaje, el impacto del Mundial Sub-20 en nuestros destinos y la fuerte recuperaci\u00f3n del turismo receptivo, vamos a tener un movimiento tur\u00edstico hist\u00f3rico durante mayo y junio. Este fin de semana largo da cuenta de eso\u201d, asegur\u00f3 el ministro de Turismo y Deportes de la Naci\u00f3n, Mat\u00edas Lammens. Y agreg\u00f3: \u201cEl turismo contin\u00faa consolid\u00e1ndose como l\u00edder en la recuperaci\u00f3n del empleo, creaci\u00f3n de empresas y crecimiento de la actividad econ\u00f3mica\u201d.<\/p>\n\n\n\n<p>En el mismo sentido, el presidente de la C\u00e1mara Argentina de Turismo (CAT), Gustavo Hani, declar\u00f3: \u201cSin ninguna duda, el gran impulso del PreViaje 4, sumado a la reactivaci\u00f3n del turismo receptivo y al Mundial Sub-20, nos permiten celebrar muy buenos resultados que impactan directamente en las econom\u00edas de cada destino. Somos una industria que se hace sentir a lo largo y ancho del pa\u00eds. Argentina es turismo&#8221;.<\/p>\n\n\n\n<h4 class=\"wp-block-heading\">Niveles de ocupaci\u00f3n | Reporte del Observatorio Argentino de Turismo (OAT)<\/h4>\n\n\n\n<p>Jujuy (90% de promedio provincial)<\/p>\n\n\n\n<p>-Quebrada: 95%<\/p>\n\n\n\n<p>-Valles: 90%<\/p>\n\n\n\n<p>-Yunga: 80%<\/p>\n\n\n\n<p>-Puna: 70%<\/p>\n\n\n\n<p>Salta (95% de promedio provincial)<\/p>\n\n\n\n<p>Tucum\u00e1n<\/p>\n\n\n\n<p>-Taf\u00ed del Valle: 90%<\/p>\n\n\n\n<p>-San Javier: 91%<\/p>\n\n\n\n<p>-Amaicha del Valle: 99%<\/p>\n\n\n\n<p>-Tafi Viejo: 99%<\/p>\n\n\n\n<p>Santiago del Estero<\/p>\n\n\n\n<p>-Ciudad de Santiago del Estero: 95%<\/p>\n\n\n\n<p>-Termas de R\u00edo Hondo: 90%<\/p>\n\n\n\n<p>La Rioja (90% de promedio provincial)<\/p>\n\n\n\n<p>-Ciudad de La Rioja: 85<\/p>\n\n\n\n<p>-Chilecito: 90<\/p>\n\n\n\n<p>-Villa Uni\u00f3n: 95<\/p>\n\n\n\n<p>Catamarca (70% de promedio provincial)<\/p>\n\n\n\n<p>-Fiambal\u00e1: 100%<\/p>\n\n\n\n<p>-El Rodeo: 100%<\/p>\n\n\n\n<p>-Antofagasta de la Sierra: 90%<\/p>\n\n\n\n<p>-Fray Mamerto Esqui\u00fa: 90%<\/p>\n\n\n\n<p>-Pom\u00e1n: 90%<\/p>\n\n\n\n<p>-Bel\u00e9n: 85%<\/p>\n\n\n\n<p>-Tinogasta 85%<\/p>\n\n\n\n<p>-San Fernando del Valle de Catamarca: 70%<\/p>\n\n\n\n<p>Misiones (95% de promedio provincial)<\/p>\n\n\n\n<p>-Puerto Iguaz\u00fa: 95%<\/p>\n\n\n\n<p>-Posadas: 93%<\/p>\n\n\n\n<p>-El Soberbio: 85%<\/p>\n\n\n\n<p>-San Ignacio: 70%<\/p>\n\n\n\n<p>Corrientes (70% de promedio provincial)<\/p>\n\n\n\n<p>-Colonia Carlos Pellegrini (Esteros del Iber\u00e1): 86%<\/p>\n\n\n\n<p>-Goya: 80<\/p>\n\n\n\n<p>-Corrientes capital: 70%<\/p>\n\n\n\n<p>Chaco<\/p>\n\n\n\n<p>&#8211; Regi\u00f3n Impenetrable: 60%.<\/p>\n\n\n\n<p>&#8211; Regi\u00f3n Litoral: 50%.<\/p>\n\n\n\n<p>Entre R\u00edos (85% de promedio provincial)<\/p>\n\n\n\n<p>Santa Fe<\/p>\n\n\n\n<p>-Rosario: 85%<\/p>\n\n\n\n<p>-Reconquista: 95%<\/p>\n\n\n\n<p>-Ciudad de Santa Fe: 80%<\/p>\n\n\n\n<p>-Melincu\u00e9: 95%<\/p>\n\n\n\n<p>-Villa Constituci\u00f3n: 95%<\/p>\n\n\n\n<p>Buenos Aires:<\/p>\n\n\n\n<p>-Tandil: 100%<\/p>\n\n\n\n<p>-Mar del Plata: 75%<\/p>\n\n\n\n<p>-Villa Gesell: 70%<\/p>\n\n\n\n<p>-Pinamar 60%<\/p>\n\n\n\n<p>-San Clemente: 80%<\/p>\n\n\n\n<p>-Jun\u00edn: 80%<\/p>\n\n\n\n<p>Ciudad de Buenos Aires: 77%<\/p>\n\n\n\n<p>C\u00f3rdoba<\/p>\n\n\n\n<p>-Villa Carlos Paz: 78%<\/p>\n\n\n\n<p>-La Cumbre: 90%<\/p>\n\n\n\n<p>-La Falda: 80%<\/p>\n\n\n\n<p>-Villa Giardino: 75%<\/p>\n\n\n\n<p>-Miramar: 75%<\/p>\n\n\n\n<p>-Villa General Belgrano: 85%<\/p>\n\n\n\n<p>-San Javier y Yacanto: 82%<\/p>\n\n\n\n<p>-Sierras Chicas R\u00edo Ceballos: 80%<\/p>\n\n\n\n<p>San Luis<\/p>\n\n\n\n<p>-Merlo: 95%<\/p>\n\n\n\n<p>-Costa de los Comechingones: 80%<\/p>\n\n\n\n<p>-Potrero de los Funes: 90%<\/p>\n\n\n\n<p>-San Luis: 80%<\/p>\n\n\n\n<p>Mendoza (85% de promedio provincial)<\/p>\n\n\n\n<p>-Ciudad de Mendoza: 95%<\/p>\n\n\n\n<p>-San Rafael: 80%<\/p>\n\n\n\n<p>San Juan (97% de promedio provincial)<\/p>\n\n\n\n<p>-Gran San Juan: 98%<\/p>\n\n\n\n<p>-Calingasta: 100%<\/p>\n\n\n\n<p>-Iglesia: 94%<\/p>\n\n\n\n<p>-J\u00e1chal : 91%<\/p>\n\n\n\n<p>-Valle F\u00e9rtil: 100%<\/p>\n\n\n\n<p>Neuqu\u00e9n<\/p>\n\n\n\n<p>-San Mart\u00edn de los Andes: 90%<\/p>\n\n\n\n<p>R\u00edo Negro<\/p>\n\n\n\n<p>-Bariloche: 90%<\/p>\n\n\n\n<p>-El Bols\u00f3n: 70%<\/p>\n\n\n\n<p>Santa Cruz<\/p>\n\n\n\n<p>-El Calafate: 85%<\/p>\n\n\n\n<p>Tierra del Fuego, AIAS<\/p>\n\n\n\n<p>-Ushuaia: 70%<\/p>\n","protected":false},"excerpt":{"rendered":"<p>De acuerdo a los primeros relevamientos del Observatorio Argentino de Turismo (OAT), m\u00e1s de 1,3 millones de turistas se movilizaron por nuestros destinos, cifra r\u00e9cord para este fin de semana de mayo. El impulso de la cuarta edici\u00f3n del programa PreViaje, el impacto del Mundial Sub-20 y la llegada de visitantes del extranjero (especialmente desde [&hellip;]<\/p>\n","protected":false},"author":2,"featured_media":34711,"comment_status":"closed","ping_status":"open","sticky":false,"template":"","format":"standard","meta":{"footnotes":""},"categories":[9],"tags":[6372,10348],"_links":{"self":[{"href":"https:\/\/agendadelsur.com\/index.php\/wp-json\/wp\/v2\/posts\/34709"}],"collection":[{"href":"https:\/\/agendadelsur.com\/index.php\/wp-json\/wp\/v2\/posts"}],"about":[{"href":"https:\/\/agendadelsur.com\/index.php\/wp-json\/wp\/v2\/types\/post"}],"author":[{"embeddable":true,"href":"https:\/\/agendadelsur.com\/index.php\/wp-json\/wp\/v2\/users\/2"}],"replies":[{"embeddable":true,"href":"https:\/\/agendadelsur.com\/index.php\/wp-json\/wp\/v2\/comments?post=34709"}],"version-history":[{"count":1,"href":"https:\/\/agendadelsur.com\/index.php\/wp-json\/wp\/v2\/posts\/34709\/revisions"}],"predecessor-version":[{"id":34712,"href":"https:\/\/agendadelsur.com\/index.php\/wp-json\/wp\/v2\/posts\/34709\/revisions\/34712"}],"wp:featuredmedia":[{"embeddable":true,"href":"https:\/\/agendadelsur.com\/index.php\/wp-json\/wp\/v2\/media\/34711"}],"wp:attachment":[{"href":"https:\/\/agendadelsur.com\/index.php\/wp-json\/wp\/v2\/media?parent=34709"}],"wp:term":[{"taxonomy":"category","embeddable":true,"href":"https:\/\/agendadelsur.com\/index.php\/wp-json\/wp\/v2\/categories?post=34709"},{"taxonomy":"post_tag","embeddable":true,"href":"https:\/\/agendadelsur.com\/index.php\/wp-json\/wp\/v2\/tags?post=34709"}],"curies":[{"name":"wp","href":"https:\/\/api.w.org\/{rel}","templated":true}]}}