{"id":3533,"date":"2020-08-24T19:10:15","date_gmt":"2020-08-24T22:10:15","guid":{"rendered":"https:\/\/agendadelsur.com\/?p=3533"},"modified":"2020-08-24T19:14:29","modified_gmt":"2020-08-24T22:14:29","slug":"obras-en-la-ciudad-3","status":"publish","type":"post","link":"https:\/\/agendadelsur.com\/index.php\/2020\/08\/24\/obras-en-la-ciudad-3\/","title":{"rendered":"Obras en la ciudad"},"content":{"rendered":"\n<p>El municipio continua con los trabajos de mejoras de lugares p\u00fablicos de Avellaneda. Los refugios para el transporte p\u00fablico en la Avenida Mitre est\u00e1n siendo renovados.<\/p>\n\n\n\n<div class=\"wp-block-group\"><div class=\"wp-block-group__inner-container is-layout-flow wp-block-group-is-layout-flow\">\n<div class=\"wp-block-image\"><figure class=\"alignleft size-large is-resized\"><img loading=\"lazy\" decoding=\"async\" src=\"https:\/\/agendadelsur.com\/wp-content\/uploads\/2020\/08\/Sin-titulo-3.jpg\" alt=\"\" class=\"wp-image-3535\" width=\"295\" height=\"199\" srcset=\"https:\/\/agendadelsur.com\/wp-content\/uploads\/2020\/08\/Sin-titulo-3.jpg 400w, https:\/\/agendadelsur.com\/wp-content\/uploads\/2020\/08\/Sin-titulo-3-300x203.jpg 300w\" sizes=\"(max-width: 295px) 100vw, 295px\" \/><\/figure><\/div>\n\n\n\n<div class=\"wp-block-image\"><figure class=\"alignleft size-large is-resized\"><img loading=\"lazy\" decoding=\"async\" src=\"https:\/\/agendadelsur.com\/wp-content\/uploads\/2020\/08\/Sin-titulo-5.jpg\" alt=\"\" class=\"wp-image-3536\" width=\"214\" height=\"203\" srcset=\"https:\/\/agendadelsur.com\/wp-content\/uploads\/2020\/08\/Sin-titulo-5.jpg 578w, https:\/\/agendadelsur.com\/wp-content\/uploads\/2020\/08\/Sin-titulo-5-300x283.jpg 300w\" sizes=\"(max-width: 214px) 100vw, 214px\" \/><\/figure><\/div>\n\n\n\n<figure class=\"wp-block-image size-large is-resized\"><img loading=\"lazy\" decoding=\"async\" src=\"https:\/\/agendadelsur.com\/wp-content\/uploads\/2020\/08\/Sin-titulo-7.jpg\" alt=\"\" class=\"wp-image-3537\" width=\"273\" height=\"208\" srcset=\"https:\/\/agendadelsur.com\/wp-content\/uploads\/2020\/08\/Sin-titulo-7.jpg 548w, https:\/\/agendadelsur.com\/wp-content\/uploads\/2020\/08\/Sin-titulo-7-300x229.jpg 300w\" sizes=\"(max-width: 273px) 100vw, 273px\" \/><\/figure>\n\n\n\n<p>Los trabajos permitir\u00e1n a los vecinos que la espera de los colectivos resulte m\u00e1s agradable y puedan resguardarse de las condiciones clim\u00e1ticas.<\/p>\n<\/div><\/div>\n\n\n\n<p><\/p>\n","protected":false},"excerpt":{"rendered":"<p>El municipio continua con los trabajos de mejoras de lugares p\u00fablicos de Avellaneda. Los refugios para el transporte p\u00fablico en la Avenida Mitre est\u00e1n siendo renovados. Los trabajos permitir\u00e1n a los vecinos que la espera de los colectivos resulte m\u00e1s agradable y puedan resguardarse de las condiciones clim\u00e1ticas.<\/p>\n","protected":false},"author":2,"featured_media":3540,"comment_status":"closed","ping_status":"open","sticky":false,"template":"","format":"standard","meta":{"footnotes":""},"categories":[4],"tags":[922],"_links":{"self":[{"href":"https:\/\/agendadelsur.com\/index.php\/wp-json\/wp\/v2\/posts\/3533"}],"collection":[{"href":"https:\/\/agendadelsur.com\/index.php\/wp-json\/wp\/v2\/posts"}],"about":[{"href":"https:\/\/agendadelsur.com\/index.php\/wp-json\/wp\/v2\/types\/post"}],"author":[{"embeddable":true,"href":"https:\/\/agendadelsur.com\/index.php\/wp-json\/wp\/v2\/users\/2"}],"replies":[{"embeddable":true,"href":"https:\/\/agendadelsur.com\/index.php\/wp-json\/wp\/v2\/comments?post=3533"}],"version-history":[{"count":1,"href":"https:\/\/agendadelsur.com\/index.php\/wp-json\/wp\/v2\/posts\/3533\/revisions"}],"predecessor-version":[{"id":3538,"href":"https:\/\/agendadelsur.com\/index.php\/wp-json\/wp\/v2\/posts\/3533\/revisions\/3538"}],"wp:featuredmedia":[{"embeddable":true,"href":"https:\/\/agendadelsur.com\/index.php\/wp-json\/wp\/v2\/media\/3540"}],"wp:attachment":[{"href":"https:\/\/agendadelsur.com\/index.php\/wp-json\/wp\/v2\/media?parent=3533"}],"wp:term":[{"taxonomy":"category","embeddable":true,"href":"https:\/\/agendadelsur.com\/index.php\/wp-json\/wp\/v2\/categories?post=3533"},{"taxonomy":"post_tag","embeddable":true,"href":"https:\/\/agendadelsur.com\/index.php\/wp-json\/wp\/v2\/tags?post=3533"}],"curies":[{"name":"wp","href":"https:\/\/api.w.org\/{rel}","templated":true}]}}