{"id":35989,"date":"2023-07-01T22:03:55","date_gmt":"2023-07-02T01:03:55","guid":{"rendered":"https:\/\/agendadelsur.com\/?p=35989"},"modified":"2023-07-01T22:05:44","modified_gmt":"2023-07-02T01:05:44","slug":"avellaneda-homenajeo-al-general-peron-en-el-aniversario-de-su-partida","status":"publish","type":"post","link":"https:\/\/agendadelsur.com\/index.php\/2023\/07\/01\/avellaneda-homenajeo-al-general-peron-en-el-aniversario-de-su-partida\/","title":{"rendered":"Avellaneda homenajeo al General Per\u00f3n en el aniversario de su partida"},"content":{"rendered":"\n<h6 class=\"wp-block-heading\">Cientos de militantes y vecinos junto al Intendente Jorge Ferraresi se congregaron en el Viaducto Sarand\u00ed para rendir homenaje a uno de los padres de la Patria en el d\u00eda de su paso a la memoria nacional.<\/h6>\n\n\n\n<div class=\"wp-block-image\"><figure class=\"aligncenter size-full\"><img loading=\"lazy\" decoding=\"async\" width=\"500\" height=\"333\" src=\"https:\/\/agendadelsur.com\/wp-content\/uploads\/2023\/07\/357134104_821736849312385_1559685284528854464_n.jpg\" alt=\"\" class=\"wp-image-35990\" srcset=\"https:\/\/agendadelsur.com\/wp-content\/uploads\/2023\/07\/357134104_821736849312385_1559685284528854464_n.jpg 500w, https:\/\/agendadelsur.com\/wp-content\/uploads\/2023\/07\/357134104_821736849312385_1559685284528854464_n-300x200.jpg 300w\" sizes=\"(max-width: 500px) 100vw, 500px\" \/><\/figure><\/div>\n\n\n\n<p>&#8220;Mi General, cu\u00e1nto vales&#8221; . &#8220;Homenajeamos a Juan Per\u00f3n a 49 a\u00f1os de su paso a la inmortalidad. Junto a Magdalena Sierra, Hugo Barrueco, H\u00e9ctor Villagra y muchos compa\u00f1eros y compa\u00f1eras colocamos ofrendas florales al pie de su monumento en el Viaducto de Sarand\u00ed&#8221;.<\/p>\n\n\n\n<figure class=\"wp-block-gallery columns-2 is-cropped wp-block-gallery-1 is-layout-flex wp-block-gallery-is-layout-flex\"><ul class=\"blocks-gallery-grid\"><li class=\"blocks-gallery-item\"><figure><img loading=\"lazy\" decoding=\"async\" width=\"500\" height=\"333\" src=\"https:\/\/agendadelsur.com\/wp-content\/uploads\/2023\/07\/357182700_821736669312403_7952323422369375375_n.jpg\" alt=\"\" data-id=\"35992\" data-link=\"https:\/\/agendadelsur.com\/?attachment_id=35992\" class=\"wp-image-35992\" srcset=\"https:\/\/agendadelsur.com\/wp-content\/uploads\/2023\/07\/357182700_821736669312403_7952323422369375375_n.jpg 500w, https:\/\/agendadelsur.com\/wp-content\/uploads\/2023\/07\/357182700_821736669312403_7952323422369375375_n-300x200.jpg 300w\" sizes=\"(max-width: 500px) 100vw, 500px\" \/><\/figure><\/li><li class=\"blocks-gallery-item\"><figure><img loading=\"lazy\" decoding=\"async\" width=\"500\" height=\"333\" src=\"https:\/\/agendadelsur.com\/wp-content\/uploads\/2023\/07\/357074845_821736699312400_7291231649393412412_n.jpg\" alt=\"\" data-id=\"35991\" data-link=\"https:\/\/agendadelsur.com\/?attachment_id=35991\" class=\"wp-image-35991\" srcset=\"https:\/\/agendadelsur.com\/wp-content\/uploads\/2023\/07\/357074845_821736699312400_7291231649393412412_n.jpg 500w, https:\/\/agendadelsur.com\/wp-content\/uploads\/2023\/07\/357074845_821736699312400_7291231649393412412_n-300x200.jpg 300w\" sizes=\"(max-width: 500px) 100vw, 500px\" \/><\/figure><\/li><\/ul><\/figure>\n\n\n\n<figure class=\"wp-block-gallery columns-2 is-cropped wp-block-gallery-2 is-layout-flex wp-block-gallery-is-layout-flex\"><ul class=\"blocks-gallery-grid\"><li class=\"blocks-gallery-item\"><figure><img loading=\"lazy\" decoding=\"async\" width=\"500\" height=\"333\" src=\"https:\/\/agendadelsur.com\/wp-content\/uploads\/2023\/07\/357391137_821739695978767_5341753901192055878_n-1.jpg\" alt=\"\" data-id=\"35994\" data-link=\"https:\/\/agendadelsur.com\/?attachment_id=35994\" class=\"wp-image-35994\" srcset=\"https:\/\/agendadelsur.com\/wp-content\/uploads\/2023\/07\/357391137_821739695978767_5341753901192055878_n-1.jpg 500w, https:\/\/agendadelsur.com\/wp-content\/uploads\/2023\/07\/357391137_821739695978767_5341753901192055878_n-1-300x200.jpg 300w\" sizes=\"(max-width: 500px) 100vw, 500px\" \/><\/figure><\/li><li class=\"blocks-gallery-item\"><figure><img loading=\"lazy\" decoding=\"async\" width=\"500\" height=\"333\" src=\"https:\/\/agendadelsur.com\/wp-content\/uploads\/2023\/07\/357428194_821736695979067_7771342944716138857_n.jpg\" alt=\"\" data-id=\"35995\" data-full-url=\"https:\/\/agendadelsur.com\/wp-content\/uploads\/2023\/07\/357428194_821736695979067_7771342944716138857_n.jpg\" data-link=\"https:\/\/agendadelsur.com\/?attachment_id=35995\" class=\"wp-image-35995\" srcset=\"https:\/\/agendadelsur.com\/wp-content\/uploads\/2023\/07\/357428194_821736695979067_7771342944716138857_n.jpg 500w, https:\/\/agendadelsur.com\/wp-content\/uploads\/2023\/07\/357428194_821736695979067_7771342944716138857_n-300x200.jpg 300w\" sizes=\"(max-width: 500px) 100vw, 500px\" \/><\/figure><\/li><\/ul><\/figure>\n\n\n\n<p>&#8220;En Avellaneda predicamos la unidad en la acci\u00f3n. Debemos ser la base del triunfo provincial y nacional, levantando las banderas de Per\u00f3n, Evita, N\u00e9stor y Cristina&#8221;. &#8220;\u00a1Viva Per\u00f3n!&#8221;, posteo desde su redes sociales el Intendente Jorge Ferraresi.<\/p>\n","protected":false},"excerpt":{"rendered":"<p>Cientos de militantes y vecinos junto al Intendente Jorge Ferraresi se congregaron en el Viaducto Sarand\u00ed para rendir homenaje a uno de los padres de la Patria en el d\u00eda de su paso a la memoria nacional. &#8220;Mi General, cu\u00e1nto vales&#8221; . &#8220;Homenajeamos a Juan Per\u00f3n a 49 a\u00f1os de su paso a la inmortalidad. [&hellip;]<\/p>\n","protected":false},"author":2,"featured_media":35996,"comment_status":"closed","ping_status":"open","sticky":false,"template":"","format":"standard","meta":{"footnotes":""},"categories":[4],"tags":[10724,10726,10725],"_links":{"self":[{"href":"https:\/\/agendadelsur.com\/index.php\/wp-json\/wp\/v2\/posts\/35989"}],"collection":[{"href":"https:\/\/agendadelsur.com\/index.php\/wp-json\/wp\/v2\/posts"}],"about":[{"href":"https:\/\/agendadelsur.com\/index.php\/wp-json\/wp\/v2\/types\/post"}],"author":[{"embeddable":true,"href":"https:\/\/agendadelsur.com\/index.php\/wp-json\/wp\/v2\/users\/2"}],"replies":[{"embeddable":true,"href":"https:\/\/agendadelsur.com\/index.php\/wp-json\/wp\/v2\/comments?post=35989"}],"version-history":[{"count":2,"href":"https:\/\/agendadelsur.com\/index.php\/wp-json\/wp\/v2\/posts\/35989\/revisions"}],"predecessor-version":[{"id":35999,"href":"https:\/\/agendadelsur.com\/index.php\/wp-json\/wp\/v2\/posts\/35989\/revisions\/35999"}],"wp:featuredmedia":[{"embeddable":true,"href":"https:\/\/agendadelsur.com\/index.php\/wp-json\/wp\/v2\/media\/35996"}],"wp:attachment":[{"href":"https:\/\/agendadelsur.com\/index.php\/wp-json\/wp\/v2\/media?parent=35989"}],"wp:term":[{"taxonomy":"category","embeddable":true,"href":"https:\/\/agendadelsur.com\/index.php\/wp-json\/wp\/v2\/categories?post=35989"},{"taxonomy":"post_tag","embeddable":true,"href":"https:\/\/agendadelsur.com\/index.php\/wp-json\/wp\/v2\/tags?post=35989"}],"curies":[{"name":"wp","href":"https:\/\/api.w.org\/{rel}","templated":true}]}}