{"id":37660,"date":"2023-08-18T19:42:33","date_gmt":"2023-08-18T22:42:33","guid":{"rendered":"https:\/\/agendadelsur.com\/?p=37660"},"modified":"2023-08-18T19:43:29","modified_gmt":"2023-08-18T22:43:29","slug":"curso-de-refrigeracion-y-aire-acondicionado-en-la-utn-avellaneda-inicia-el-12-de-septiembre","status":"publish","type":"post","link":"https:\/\/agendadelsur.com\/index.php\/2023\/08\/18\/curso-de-refrigeracion-y-aire-acondicionado-en-la-utn-avellaneda-inicia-el-12-de-septiembre\/","title":{"rendered":"Curso de Refrigeraci\u00f3n y Aire Acondicionado en la UTN Avellaneda. Inicia el 12 de septiembre."},"content":{"rendered":"\n<h6 class=\"wp-block-heading\">La Facultad Regional Avellaneda de la Universidad Tecnol\u00f3gica Nacional, desde la Secretar\u00eda de Cultura y Extensi\u00f3n Universitaria, organiza el curso de Refrigeraci\u00f3n y Aire Acondicionado, dirigido a las personas interesadas en incorporar conocimientos para efectuar diagn\u00f3sticos, reparaciones e instalaciones de equipos frigor\u00edficos de hasta 3 kw (heladeras familiares y comerciales; aire acondicionado compacto, automotor y split; freezers y c\u00e1maras frigor\u00edficas).<\/h6>\n\n\n\n<div class=\"wp-block-image\"><figure class=\"aligncenter size-full\"><img loading=\"lazy\" decoding=\"async\" width=\"700\" height=\"480\" src=\"https:\/\/agendadelsur.com\/wp-content\/uploads\/2023\/08\/3-7.jpg\" alt=\"\" class=\"wp-image-37661\" srcset=\"https:\/\/agendadelsur.com\/wp-content\/uploads\/2023\/08\/3-7.jpg 700w, https:\/\/agendadelsur.com\/wp-content\/uploads\/2023\/08\/3-7-300x206.jpg 300w\" sizes=\"(max-width: 700px) 100vw, 700px\" \/><\/figure><\/div>\n\n\n\n<p>La capacitaci\u00f3n tiene una duraci\u00f3n de cuatro meses y se dictar\u00e1 en forma presencial, los martes de 15 a 18 o de 19 a 22 h, a partir del 12 de septiembre.&nbsp;<\/p>\n\n\n\n<p>Los temas que se trabajan durante la cursada son: unidades de potencia frigor\u00edfica, tipos de compresores, funcionamiento de distintos modelos de equipos, circuitos el\u00e9ctricos, an\u00e1lisis de fallas.<\/p>\n\n\n\n<p>Para mayor informaci\u00f3n e inscripciones, ingresar en: <a href=\"https:\/\/extensionfra.com.ar\/courses\/refrigeracion-y-aire-acondicionado-turno-tarde-2\/\">https:\/\/extensionfra.com.ar\/courses\/refrigeracion-y-aire-acondicionado-turno-tarde-2\/<\/a> o en:  <a href=\"https:\/\/extensionfra.com.ar\/courses\/refrigeracion-y-aire-acondicionado-turno-noche\/\">https:\/\/extensionfra.com.ar\/courses\/refrigeracion-y-aire-acondicionado-turno-noche\/<\/a>, comunicarse al 4201-4133, int. 125, 4201-7211 o por mail a: <a href=\"extension@fra.utn.edu.ar\">extension@fra.utn.edu.ar<\/a><\/p>\n\n\n\n<div class=\"wp-block-image\"><figure class=\"aligncenter size-full\"><img loading=\"lazy\" decoding=\"async\" width=\"300\" height=\"250\" src=\"https:\/\/agendadelsur.com\/wp-content\/uploads\/2023\/08\/MODIFICADO-web-DestapacionesRomaen_Publi_10x10-Sur-MODIFICADO-300x250-1-1.jpg\" alt=\"\" class=\"wp-image-37554\"\/><\/figure><\/div>\n\n\n\n<div class=\"wp-block-image\"><figure class=\"aligncenter size-full\"><img loading=\"lazy\" decoding=\"async\" width=\"300\" height=\"300\" src=\"https:\/\/agendadelsur.com\/wp-content\/uploads\/2023\/08\/WEB-2.-1.jpg\" alt=\"\" class=\"wp-image-37335\" srcset=\"https:\/\/agendadelsur.com\/wp-content\/uploads\/2023\/08\/WEB-2.-1.jpg 300w, https:\/\/agendadelsur.com\/wp-content\/uploads\/2023\/08\/WEB-2.-1-150x150.jpg 150w\" sizes=\"(max-width: 300px) 100vw, 300px\" \/><\/figure><\/div>\n","protected":false},"excerpt":{"rendered":"<p>La Facultad Regional Avellaneda de la Universidad Tecnol\u00f3gica Nacional, desde la Secretar\u00eda de Cultura y Extensi\u00f3n Universitaria, organiza el curso de Refrigeraci\u00f3n y Aire Acondicionado, dirigido a las personas interesadas en incorporar conocimientos para efectuar diagn\u00f3sticos, reparaciones e instalaciones de equipos frigor\u00edficos de hasta 3 kw (heladeras familiares y comerciales; aire acondicionado compacto, automotor y [&hellip;]<\/p>\n","protected":false},"author":2,"featured_media":37661,"comment_status":"closed","ping_status":"open","sticky":false,"template":"","format":"standard","meta":{"footnotes":""},"categories":[4],"tags":[6,8655,132,661],"_links":{"self":[{"href":"https:\/\/agendadelsur.com\/index.php\/wp-json\/wp\/v2\/posts\/37660"}],"collection":[{"href":"https:\/\/agendadelsur.com\/index.php\/wp-json\/wp\/v2\/posts"}],"about":[{"href":"https:\/\/agendadelsur.com\/index.php\/wp-json\/wp\/v2\/types\/post"}],"author":[{"embeddable":true,"href":"https:\/\/agendadelsur.com\/index.php\/wp-json\/wp\/v2\/users\/2"}],"replies":[{"embeddable":true,"href":"https:\/\/agendadelsur.com\/index.php\/wp-json\/wp\/v2\/comments?post=37660"}],"version-history":[{"count":1,"href":"https:\/\/agendadelsur.com\/index.php\/wp-json\/wp\/v2\/posts\/37660\/revisions"}],"predecessor-version":[{"id":37662,"href":"https:\/\/agendadelsur.com\/index.php\/wp-json\/wp\/v2\/posts\/37660\/revisions\/37662"}],"wp:featuredmedia":[{"embeddable":true,"href":"https:\/\/agendadelsur.com\/index.php\/wp-json\/wp\/v2\/media\/37661"}],"wp:attachment":[{"href":"https:\/\/agendadelsur.com\/index.php\/wp-json\/wp\/v2\/media?parent=37660"}],"wp:term":[{"taxonomy":"category","embeddable":true,"href":"https:\/\/agendadelsur.com\/index.php\/wp-json\/wp\/v2\/categories?post=37660"},{"taxonomy":"post_tag","embeddable":true,"href":"https:\/\/agendadelsur.com\/index.php\/wp-json\/wp\/v2\/tags?post=37660"}],"curies":[{"name":"wp","href":"https:\/\/api.w.org\/{rel}","templated":true}]}}